{"id":27942,"date":"2025-12-03T04:05:19","date_gmt":"2025-12-03T09:05:19","guid":{"rendered":"https:\/\/www.elamazonico.com\/portal\/?p=27942"},"modified":"2025-12-02T14:52:33","modified_gmt":"2025-12-02T19:52:33","slug":"comunidad-de-kuzuntza-celebra-la-puesta-en-marcha-del-alumbrado-publico-tras-mas-de-una-decada-de-gestiones","status":"publish","type":"post","link":"https:\/\/www.elamazonico.com\/portal\/comunidad-de-kuzuntza-celebra-la-puesta-en-marcha-del-alumbrado-publico-tras-mas-de-una-decada-de-gestiones\/","title":{"rendered":"Comunidad de Kuzuntza celebra la puesta en marcha del alumbrado p\u00fablico tras m\u00e1s de una d\u00e9cada de gestiones"},"content":{"rendered":"<p>Moradores del sector Kuzuntza, perteneciente a la parroquia Cumbaratza, cant\u00f3n Zamora (provincia de Zamora Chinchipe), celebraron la concreci\u00f3n del proyecto de mejoramiento de la red el\u00e9ctrica y alumbrado p\u00fablico, una obra esperada durante m\u00e1s de diez a\u00f1os y que hoy transforma la seguridad, movilidad y calidad de vida de esta comunidad rural.<\/p>\n<p>La visita a la zona permiti\u00f3 recoger los testimonios de los habitantes, quienes expresaron su satisfacci\u00f3n y agradecimiento por la culminaci\u00f3n de esta obra gestionada de manera comunitaria. Entre las voces destacadas, Holger Gonz\u00e1lez, expresidente del barrio, relat\u00f3 el proceso que inici\u00f3 alrededor del a\u00f1o 2023 y que culmin\u00f3 gracias al apoyo t\u00e9cnico y administrativo de la Empresa El\u00e9ctrica Regional del Sur y la gesti\u00f3n clave de Miguel Molina, un habitante de Chinchipe, que hoy recide en Quito, a quien la comunidad reconoce como un actor fundamental en la obtenci\u00f3n del presupuesto y los tr\u00e1mites ante la Presidencia de la Rep\u00fablica y el Ministerio de Energ\u00eda.<\/p>\n<p>\u201cEste proyecto es un sue\u00f1o hecho realidad. Durante a\u00f1os buscamos apoyo en instituciones locales sin obtener respuesta. Fue gracias a la gesti\u00f3n de Miguel Molina y a la unidad de los moradores que hoy contamos con alumbrado p\u00fablico sin que los vecinos hayan aportado cuotas ni contra-pagos\u201d, expres\u00f3 Gonz\u00e1lez.<\/p>\n<p><strong>Gestiones comunitarias y apoyo ciudadano<\/strong><br \/>\nEl proceso incluy\u00f3 la elaboraci\u00f3n de solicitudes formales, documentaci\u00f3n t\u00e9cnica, inspecciones y reajustes presupuestarios. Inicialmente, cinco viviendas iban a quedar fuera del proyecto, pero se consigui\u00f3 un alcance adicional al presupuesto gracias a la intervenci\u00f3n de Molina y los informes del contratista encargado, lo que permiti\u00f3 beneficiar a todas las familias del sector.<\/p>\n<p>Bol\u00edvar Alulima, otro de los expresidentes del barrio e impulsor inicial del proyecto, record\u00f3 que el contacto con Molina surgi\u00f3 a trav\u00e9s de redes sociales, lo que permiti\u00f3 retomar la gesti\u00f3n y sostenerla incluso antes de la presidencia de Gonz\u00e1lez.<\/p>\n<p><strong>Un cambio hist\u00f3rico para la comunidad<\/strong><br \/>\nEl actual presidente del barrio, Marco Alulima, destac\u00f3 que esta obra marca un antes y un despu\u00e9s para Kuzuntza, especialmente para la poblaci\u00f3n adulta mayor. \u201cMi padre, de 90 a\u00f1os, me dec\u00eda que despu\u00e9s de 65 a\u00f1os viviendo aqu\u00ed, por fin vio el alumbrado p\u00fablico en el sector.<\/p>\n<p><strong>Es un orgullo y una alegr\u00eda para toda la comunidad\u201d.<\/strong><br \/>\nEl presidente tambi\u00e9n invit\u00f3 a las autoridades parroquiales, cantonales y provinciales a apoyar futuros proyectos, considerando que a\u00fan existen viviendas sin acceso a medidores y zonas con infraestructura comunitaria deteriorada, como la escuela, la iglesia y \u00e1reas recreativas.<\/p>\n<p><strong>Voces de la comunidad<\/strong><br \/>\nDiversos moradores expresaron su emoci\u00f3n por esta obra hist\u00f3rica:<br \/>\n\u2022 Adelita D\u00e1vila, residente desde hace 40 a\u00f1os, resalt\u00f3 que el alumbrado p\u00fablico dignifica la vida rural y facilita el trabajo agr\u00edcola que sostiene a muchas familias.<br \/>\n\u2022 Marco Paredes, representante juvenil, se\u00f1al\u00f3 que esta obra deja un legado para futuras generaciones y exhort\u00f3 a las autoridades a continuar atendiendo las necesidades de la comunidad.<br \/>\n\u2022 Vicente Romero y Patricio Medina, beneficiarios directos, manifestaron su alegr\u00eda al reemplazar la iluminaci\u00f3n precaria con un sistema moderno y seguro luego de d\u00e9cadas de espera.<br \/>\n\u2022 Otra vecina, oriunda de Loja, destac\u00f3 que este tipo de gestiones \u201cya casi no se ven\u201d, poniendo en alto el valor de quienes trabajan sin intereses pol\u00edticos.<\/p>\n<p><strong>Un logro comunitario sin precedentes<\/strong><br \/>\nLos habitantes enfatizaron que este proyecto se caracteriz\u00f3 por su transparencia: no se solicitaron aportes econ\u00f3micos, cuotas ni porcentajes a los vecinos, lo que refuerza la confianza en la gesti\u00f3n comunitaria honesta y solidaria.<\/p>\n<p>La comunidad prev\u00e9 realizar un acto formal de agradecimiento e inauguraci\u00f3n, especialmente con miras a las pr\u00f3ximas festividades del Divino Ni\u00f1o, que este a\u00f1o podr\u00e1n celebrarse con iluminaci\u00f3n p\u00fablica por primera vez.<\/p>\n","protected":false},"excerpt":{"rendered":"<p>Moradores del sector Kuzuntza, perteneciente a la parroquia Cumbaratza, cant\u00f3n Zamora (provincia de Zamora Chinchipe), celebraron la concreci\u00f3n del proyecto de mejoramiento de la red el\u00e9ctrica y alumbrado p\u00fablico, una obra esperada durante m\u00e1s de diez a\u00f1os y que hoy transforma la seguridad, movilidad y calidad de vida de esta comunidad rural. La visita a la zona permiti\u00f3 recoger los testimonios de los habitantes, quienes expresaron su satisfacci\u00f3n y agradecimiento por la culminaci\u00f3n de esta obra gestionada de manera comunitaria. Entre las voces destacadas, Holger Gonz\u00e1lez, expresidente del barrio, relat\u00f3 el proceso que inici\u00f3 alrededor del a\u00f1o 2023 y que culmin\u00f3 gracias al apoyo t\u00e9cnico y administrativo de la Empresa El\u00e9ctrica Regional del Sur y la gesti\u00f3n clave de Miguel Molina, un habitante de Chinchipe, que hoy recide en Quito, a quien la comunidad reconoce como un actor fundamental en la obtenci\u00f3n del presupuesto y los tr\u00e1mites ante la Presidencia de la Rep\u00fablica y el Ministerio de Energ\u00eda. \u201cEste proyecto es un sue\u00f1o hecho realidad. Durante a\u00f1os buscamos apoyo en instituciones locales sin obtener respuesta. Fue gracias a la gesti\u00f3n de Miguel Molina y a la unidad de los moradores que hoy contamos con alumbrado p\u00fablico sin que los vecinos hayan aportado cuotas ni contra-pagos\u201d, expres\u00f3 Gonz\u00e1lez. Gestiones comunitarias y apoyo ciudadano El proceso incluy\u00f3 la elaboraci\u00f3n de solicitudes formales, documentaci\u00f3n t\u00e9cnica, inspecciones y reajustes presupuestarios. Inicialmente, cinco viviendas iban a quedar fuera del proyecto, pero se consigui\u00f3 un alcance adicional al presupuesto gracias a la intervenci\u00f3n de Molina y los informes del contratista encargado, lo que permiti\u00f3 beneficiar a todas las familias del sector. Bol\u00edvar Alulima, otro de los expresidentes del barrio e impulsor inicial del proyecto, record\u00f3 que el contacto con Molina surgi\u00f3 a trav\u00e9s de redes sociales, lo que permiti\u00f3 retomar la gesti\u00f3n y sostenerla incluso antes de la presidencia de Gonz\u00e1lez. Un cambio hist\u00f3rico para la comunidad El actual presidente del barrio, Marco Alulima, destac\u00f3 que esta obra marca un antes y un despu\u00e9s para Kuzuntza, especialmente para la poblaci\u00f3n adulta mayor. \u201cMi padre, de 90 a\u00f1os, me dec\u00eda que despu\u00e9s de 65 a\u00f1os viviendo aqu\u00ed, por fin vio el alumbrado p\u00fablico en el sector. Es un orgullo y una alegr\u00eda para toda la comunidad\u201d. El presidente tambi\u00e9n invit\u00f3 a las autoridades parroquiales, cantonales y provinciales a apoyar futuros proyectos, considerando que a\u00fan existen viviendas sin acceso a medidores y zonas con infraestructura comunitaria deteriorada, como la escuela, la iglesia y \u00e1reas recreativas. Voces de la comunidad Diversos moradores expresaron su emoci\u00f3n por esta obra hist\u00f3rica: \u2022 Adelita D\u00e1vila, residente desde hace 40 a\u00f1os, resalt\u00f3 que el alumbrado p\u00fablico dignifica la vida rural y facilita el trabajo agr\u00edcola que sostiene a muchas familias. \u2022 Marco Paredes, representante juvenil, se\u00f1al\u00f3 que esta obra deja un legado para futuras generaciones y exhort\u00f3 a las autoridades a continuar atendiendo las necesidades de la comunidad. \u2022 Vicente Romero y Patricio Medina, beneficiarios directos, manifestaron su alegr\u00eda al reemplazar la iluminaci\u00f3n precaria con un sistema moderno y seguro luego de d\u00e9cadas de espera. \u2022 Otra vecina, oriunda de Loja, destac\u00f3 que este tipo de gestiones \u201cya casi no se ven\u201d, poniendo en alto el valor de quienes trabajan sin intereses pol\u00edticos. Un logro comunitario sin precedentes Los habitantes enfatizaron que este proyecto se caracteriz\u00f3 por su transparencia: no se solicitaron aportes econ\u00f3micos, cuotas ni porcentajes a los vecinos, lo que refuerza la confianza en la gesti\u00f3n comunitaria honesta y solidaria. La comunidad prev\u00e9 realizar un acto formal de agradecimiento e inauguraci\u00f3n, especialmente con miras a las pr\u00f3ximas festividades del Divino Ni\u00f1o, que este a\u00f1o podr\u00e1n celebrarse con iluminaci\u00f3n p\u00fablica por primera vez.<\/p>\n","protected":false},"author":1,"featured_media":27943,"comment_status":"closed","ping_status":"closed","sticky":false,"template":"","format":"standard","meta":{"footnotes":""},"categories":[243],"tags":[],"class_list":["post-27942","post","type-post","status-publish","format-standard","has-post-thumbnail","hentry","category-noticias-zamora"],"_links":{"self":[{"href":"https:\/\/www.elamazonico.com\/portal\/wp-json\/wp\/v2\/posts\/27942","targetHints":{"allow":["GET"]}}],"collection":[{"href":"https:\/\/www.elamazonico.com\/portal\/wp-json\/wp\/v2\/posts"}],"about":[{"href":"https:\/\/www.elamazonico.com\/portal\/wp-json\/wp\/v2\/types\/post"}],"author":[{"embeddable":true,"href":"https:\/\/www.elamazonico.com\/portal\/wp-json\/wp\/v2\/users\/1"}],"replies":[{"embeddable":true,"href":"https:\/\/www.elamazonico.com\/portal\/wp-json\/wp\/v2\/comments?post=27942"}],"version-history":[{"count":1,"href":"https:\/\/www.elamazonico.com\/portal\/wp-json\/wp\/v2\/posts\/27942\/revisions"}],"predecessor-version":[{"id":27944,"href":"https:\/\/www.elamazonico.com\/portal\/wp-json\/wp\/v2\/posts\/27942\/revisions\/27944"}],"wp:featuredmedia":[{"embeddable":true,"href":"https:\/\/www.elamazonico.com\/portal\/wp-json\/wp\/v2\/media\/27943"}],"wp:attachment":[{"href":"https:\/\/www.elamazonico.com\/portal\/wp-json\/wp\/v2\/media?parent=27942"}],"wp:term":[{"taxonomy":"category","embeddable":true,"href":"https:\/\/www.elamazonico.com\/portal\/wp-json\/wp\/v2\/categories?post=27942"},{"taxonomy":"post_tag","embeddable":true,"href":"https:\/\/www.elamazonico.com\/portal\/wp-json\/wp\/v2\/tags?post=27942"}],"curies":[{"name":"wp","href":"https:\/\/api.w.org\/{rel}","templated":true}]}}