{"id":27939,"date":"2025-12-02T14:32:13","date_gmt":"2025-12-02T19:32:13","guid":{"rendered":"https:\/\/www.elamazonico.com\/portal\/?p=27939"},"modified":"2025-12-02T14:32:13","modified_gmt":"2025-12-02T19:32:13","slug":"polemica-entre-adn-y-el-correismo-por-la-investigacion-a-asambleistas-que-ingresaron-al-hospital-baca-ortiz-de-quito","status":"publish","type":"post","link":"https:\/\/www.elamazonico.com\/portal\/polemica-entre-adn-y-el-correismo-por-la-investigacion-a-asambleistas-que-ingresaron-al-hospital-baca-ortiz-de-quito\/","title":{"rendered":"Pol\u00e9mica entre ADN y el corre\u00edsmo por la investigaci\u00f3n a asamble\u00edstas que ingresaron al hospital Baca Ortiz de Quito"},"content":{"rendered":"<p>La fiscalizaci\u00f3n a la situaci\u00f3n de los hospitales del sistema p\u00fablico de salud abri\u00f3 una nueva disputa entre las bancadas de Acci\u00f3n Democr\u00e1tica Nacional (ADN) y Revoluci\u00f3n Ciudadana (RC) en la Asamblea Nacional.<\/p>\n<p>Esto ocurre luego de que el Consejo de Administraci\u00f3n Legislativa (CAL) resolvi\u00f3, el 1 de diciembre, dar paso a un proceso de investigaci\u00f3n contra seis legisladores del corre\u00edsmo por una presunta extralimitaci\u00f3n en sus funciones.<\/p>\n<p>La investigaci\u00f3n responde a un pedido de la gerente del Hospital Pedi\u00e1trico Baca Ortiz de Quito, Frances Fuenmayor, quien acus\u00f3 a Viviana Veloz, Franklin Samaniego, Luis Molina, Ra\u00fal Ch\u00e1vez, Ricardo Pati\u00f1o y Ana Bel\u00e9n Yela, de ingresar de forma inapropiada a esa casa de salud.<\/p>\n<p>\u00abEn defensa de las ni\u00f1as, ni\u00f1os y adolescentes, y de la dignidad del personal m\u00e9dico y administrativo\u00bb, justific\u00f3 la funcionaria en el pedido de investigaci\u00f3n a esos legisladores.<\/p>\n<p><strong>Respuesta corre\u00edsta<\/strong><br \/>\nEn filas de Revoluci\u00f3n Ciudadana hubo cierta cautela este 2 de diciembre al hablar del tema, porque si bien los canales oficiales de la Asamblea anunciaron el inicio de la investigaci\u00f3n, a los pocos minutos eliminaron la publicaci\u00f3n.<\/p>\n<p>El legislador Ra\u00fal Ch\u00e1vez dijo que no ha sido notificado oficialmente con el inicio de la investigaci\u00f3n, pero se enter\u00f3 a trav\u00e9s de los medios de comunicaci\u00f3n. \u00abSi me investigan por trabajar, me motivan y ahora vamos a fiscalizar el doble\u00bb, advirti\u00f3.<\/p>\n<p>Ch\u00e1vez, que es parte de la alianza RC-Reto, neg\u00f3 que hayan ingresado al Baca Ortiz en una actitud inapropiada o que se haya vulnerado el derecho de los ni\u00f1os atendidos en ese hospital o sus familiares.<\/p>\n<p>\u00abLa visita al Hospital Baca Ortiz fue por pedido precisamente de los padres de familia que tienen a sus hijos ah\u00ed, y que por temor a represalias prefer\u00edan que fu\u00e9ramos nosotros como autoridad\u00bb.\u00a0 Ra\u00fal Ch\u00e1vez, asamble\u00edsta de RC-Reto<\/p>\n<p>Juan Andr\u00e9s Gonz\u00e1lez, jefe de la bancada corre\u00edsta, dijo que esta investigaci\u00f3n que deber\u00e1 llevar a cabo la Comisi\u00f3n de Salud, de mayor\u00eda gobiernista, es una de las tantas formas de \u00abpersecuci\u00f3n\u00bb en la Asamblea.<\/p>\n<p>\u00abVivimos un momento en el que la salud p\u00fablica se cae a pedazos y eso el Ecuador lo sabe. Cuando la bancada a la que represento decide fiscalizar, la persecuci\u00f3n inicia desde el CAL \u00bfCu\u00e1l es el papel de los asamble\u00edstas que no sea legislar y fiscalizar?\u00bb, cuestion\u00f3 Gonz\u00e1lez.<\/p>\n<p><strong>\u00abFiscalizar y no hacer show\u00bb<\/strong><br \/>\nDiana J\u00e1come, de Acci\u00f3n Democr\u00e1tica Nacional, reconfirm\u00f3 que efectivamente los asamble\u00edstas tienen la potestad de fiscalizar, \u00abpero sin que esto altere los derechos de los ni\u00f1os, ni\u00f1as y adolescentes\u00bb.<\/p>\n<p>Seg\u00fan la legisladora oficialista, es mejor no adelantar un criterio y esperar la investigaci\u00f3n que lleve adelante la Comisi\u00f3n de Salud a donde deber\u00e1n comparecer los directivos del Baca Ortiz as\u00ed como los asamble\u00edstas investigados.<\/p>\n<p>\u00abLo que si es que hay que ser responsables con la fiscalizaci\u00f3n haciendo las cosas de manera correcta y no convertir a la fiscalizaci\u00f3n en un show\u00bb, a\u00f1adi\u00f3 J\u00e1come. Fuente: Primicias<\/p>\n","protected":false},"excerpt":{"rendered":"<p>La fiscalizaci\u00f3n a la situaci\u00f3n de los hospitales del sistema p\u00fablico de salud abri\u00f3 una nueva disputa entre las bancadas de Acci\u00f3n Democr\u00e1tica Nacional (ADN) y Revoluci\u00f3n Ciudadana (RC) en la Asamblea Nacional. Esto ocurre luego de que el Consejo de Administraci\u00f3n Legislativa (CAL) resolvi\u00f3, el 1 de diciembre, dar paso a un proceso de investigaci\u00f3n contra seis legisladores del corre\u00edsmo por una presunta extralimitaci\u00f3n en sus funciones. La investigaci\u00f3n responde a un pedido de la gerente del Hospital Pedi\u00e1trico Baca Ortiz de Quito, Frances Fuenmayor, quien acus\u00f3 a Viviana Veloz, Franklin Samaniego, Luis Molina, Ra\u00fal Ch\u00e1vez, Ricardo Pati\u00f1o y Ana Bel\u00e9n Yela, de ingresar de forma inapropiada a esa casa de salud. \u00abEn defensa de las ni\u00f1as, ni\u00f1os y adolescentes, y de la dignidad del personal m\u00e9dico y administrativo\u00bb, justific\u00f3 la funcionaria en el pedido de investigaci\u00f3n a esos legisladores. Respuesta corre\u00edsta En filas de Revoluci\u00f3n Ciudadana hubo cierta cautela este 2 de diciembre al hablar del tema, porque si bien los canales oficiales de la Asamblea anunciaron el inicio de la investigaci\u00f3n, a los pocos minutos eliminaron la publicaci\u00f3n. El legislador Ra\u00fal Ch\u00e1vez dijo que no ha sido notificado oficialmente con el inicio de la investigaci\u00f3n, pero se enter\u00f3 a trav\u00e9s de los medios de comunicaci\u00f3n. \u00abSi me investigan por trabajar, me motivan y ahora vamos a fiscalizar el doble\u00bb, advirti\u00f3. Ch\u00e1vez, que es parte de la alianza RC-Reto, neg\u00f3 que hayan ingresado al Baca Ortiz en una actitud inapropiada o que se haya vulnerado el derecho de los ni\u00f1os atendidos en ese hospital o sus familiares. \u00abLa visita al Hospital Baca Ortiz fue por pedido precisamente de los padres de familia que tienen a sus hijos ah\u00ed, y que por temor a represalias prefer\u00edan que fu\u00e9ramos nosotros como autoridad\u00bb.\u00a0 Ra\u00fal Ch\u00e1vez, asamble\u00edsta de RC-Reto Juan Andr\u00e9s Gonz\u00e1lez, jefe de la bancada corre\u00edsta, dijo que esta investigaci\u00f3n que deber\u00e1 llevar a cabo la Comisi\u00f3n de Salud, de mayor\u00eda gobiernista, es una de las tantas formas de \u00abpersecuci\u00f3n\u00bb en la Asamblea. \u00abVivimos un momento en el que la salud p\u00fablica se cae a pedazos y eso el Ecuador lo sabe. Cuando la bancada a la que represento decide fiscalizar, la persecuci\u00f3n inicia desde el CAL \u00bfCu\u00e1l es el papel de los asamble\u00edstas que no sea legislar y fiscalizar?\u00bb, cuestion\u00f3 Gonz\u00e1lez. \u00abFiscalizar y no hacer show\u00bb Diana J\u00e1come, de Acci\u00f3n Democr\u00e1tica Nacional, reconfirm\u00f3 que efectivamente los asamble\u00edstas tienen la potestad de fiscalizar, \u00abpero sin que esto altere los derechos de los ni\u00f1os, ni\u00f1as y adolescentes\u00bb. Seg\u00fan la legisladora oficialista, es mejor no adelantar un criterio y esperar la investigaci\u00f3n que lleve adelante la Comisi\u00f3n de Salud a donde deber\u00e1n comparecer los directivos del Baca Ortiz as\u00ed como los asamble\u00edstas investigados. \u00abLo que si es que hay que ser responsables con la fiscalizaci\u00f3n haciendo las cosas de manera correcta y no convertir a la fiscalizaci\u00f3n en un show\u00bb, a\u00f1adi\u00f3 J\u00e1come. Fuente: Primicias<\/p>\n","protected":false},"author":1,"featured_media":27940,"comment_status":"closed","ping_status":"closed","sticky":false,"template":"","format":"standard","meta":{"footnotes":""},"categories":[268],"tags":[],"class_list":["post-27939","post","type-post","status-publish","format-standard","has-post-thumbnail","hentry","category-nacionales"],"_links":{"self":[{"href":"https:\/\/www.elamazonico.com\/portal\/wp-json\/wp\/v2\/posts\/27939","targetHints":{"allow":["GET"]}}],"collection":[{"href":"https:\/\/www.elamazonico.com\/portal\/wp-json\/wp\/v2\/posts"}],"about":[{"href":"https:\/\/www.elamazonico.com\/portal\/wp-json\/wp\/v2\/types\/post"}],"author":[{"embeddable":true,"href":"https:\/\/www.elamazonico.com\/portal\/wp-json\/wp\/v2\/users\/1"}],"replies":[{"embeddable":true,"href":"https:\/\/www.elamazonico.com\/portal\/wp-json\/wp\/v2\/comments?post=27939"}],"version-history":[{"count":1,"href":"https:\/\/www.elamazonico.com\/portal\/wp-json\/wp\/v2\/posts\/27939\/revisions"}],"predecessor-version":[{"id":27941,"href":"https:\/\/www.elamazonico.com\/portal\/wp-json\/wp\/v2\/posts\/27939\/revisions\/27941"}],"wp:featuredmedia":[{"embeddable":true,"href":"https:\/\/www.elamazonico.com\/portal\/wp-json\/wp\/v2\/media\/27940"}],"wp:attachment":[{"href":"https:\/\/www.elamazonico.com\/portal\/wp-json\/wp\/v2\/media?parent=27939"}],"wp:term":[{"taxonomy":"category","embeddable":true,"href":"https:\/\/www.elamazonico.com\/portal\/wp-json\/wp\/v2\/categories?post=27939"},{"taxonomy":"post_tag","embeddable":true,"href":"https:\/\/www.elamazonico.com\/portal\/wp-json\/wp\/v2\/tags?post=27939"}],"curies":[{"name":"wp","href":"https:\/\/api.w.org\/{rel}","templated":true}]}}