{"id":27929,"date":"2025-12-02T11:01:34","date_gmt":"2025-12-02T16:01:34","guid":{"rendered":"https:\/\/www.elamazonico.com\/portal\/?p=27929"},"modified":"2025-12-02T11:01:34","modified_gmt":"2025-12-02T16:01:34","slug":"rafael-correa-rompe-con-marcela-aguinaga-tras-nuevas-declaraciones-anda-nomas-a-dialogar-con-noboa","status":"publish","type":"post","link":"https:\/\/www.elamazonico.com\/portal\/rafael-correa-rompe-con-marcela-aguinaga-tras-nuevas-declaraciones-anda-nomas-a-dialogar-con-noboa\/","title":{"rendered":"Rafael Correa rompe con Marcela Agui\u00f1aga tras nuevas declaraciones: &#8216;anda nom\u00e1s a dialogar con Noboa&#8217;"},"content":{"rendered":"<div class=\"paragraph texto\">\n<p class=\"p_0\">El expresidente\u00a0<b><a href=\"https:\/\/www.vistazo.com\/cronologia\/-\/meta\/rafael-correa\" target=\"_blank\" rel=\"noopener noreferrer\">Rafael Correa<\/a><\/b>\u00a0envi\u00f3 un mensaje directo a\u00a0<b>Marcela Agui\u00f1aga<\/b>, prefecta del Guayas, luego de que ella declarara que\u00a0<i>\u2018<\/i><u>el Ecuador de hoy no es el Ecuador de Correa<\/u>\u2019 y anunciara su posible salida del movimiento corre\u00edsta\u00a0<b>Revoluci\u00f3n Ciudadana<\/b>\u00a0(RC).<\/p>\n<p class=\"p_2\">Las declaraciones de Agui\u00f1aga fueron emitidas durante una entrevista en Teleamazonas, la noche del 1 de diciembre, en medio de la fractura interna dentro del corre\u00edsmo.<\/p>\n<p class=\"p_3\">Agui\u00f1aga reconoci\u00f3 que no mantiene\u00a0<b>comunicaci\u00f3n\u00a0<\/b>con Correa desde hace\u00a0<b>varios meses<\/b>.<\/p>\n<p class=\"p_4\">A\u00f1adi\u00f3 que, si tuvieran la oportunidad de hablar, ella siempre reconocer\u00e1 el cari\u00f1o y la gratitud hacia el exmandatario, as\u00ed como lo aprendido durante su gobierno.<\/p>\n<p class=\"p_5\">\u00bbSiempre voy a reconocer mi cari\u00f1o y mi gratitud, si algo me ense\u00f1\u00f3 su gobierno es la impronta de la gesti\u00f3n p\u00fablica, el trabajar r\u00e1pido y urgente con eficacia, el detestar la mediocridad dentro de la burocracia, y que hay cosas que le corresponde hacer a lo p\u00fablico y muchas le corresponden hacer a lo privado, que ninguna de las dos est\u00e1 en competencia\u00bb, manifest\u00f3 la prefecta.<\/p>\n<\/div>\n<h2 class=\"h2vistazo\">\u00abEl Ecuador de hoy no es el Ecuador de Correa\u00bb<\/h2>\n<div class=\"paragraph texto\">\n<p class=\"p_7\">No obstante, Agui\u00f1aga enfatiz\u00f3 que \u00bb<u>el Ecuador de hoy no es el Ecuador de Correa y el Ecuador de hoy necesita di\u00e1logo y una agenda en com\u00fan<\/u>\u201d.<\/p>\n<p class=\"p_8\">Por \u00faltimo, Agui\u00f1aga dijo que con Correa se puede\u00a0<b>dialogar\u00a0<\/b>\u201cen ocasiones s\u00ed y en otras no, depende\u201d.<\/p>\n<p class=\"p_9\">Las declaraciones de la prefecta generaron una respuesta inmediata. A trav\u00e9s de su cuenta en X,\u00a0<b>Correa\u00a0<\/b>public\u00f3 un mensaje con tono sarc\u00e1stico: \u00bbMarcela querida: eres demasiado importante y sabia para la actual RC5.\u00a0<u>Anda nom\u00e1s a dialogar con Noboa, nosotros no lo haremos. No te preocupes. Lourdes Tib\u00e1n ofreci\u00f3 auspiciarte para la reelecci\u00f3n<\/u>. Un abrazo. \u00a1Hasta la victoria siempre!\u00bb.<\/p>\n<p class=\"p_11\">El conflicto entre Agui\u00f1aga y Luisa Gonz\u00e1lez, presidenta del movimiento, como el exmandatario Rafael Correa, se agrav\u00f3 luego de un\u00a0<b>encuentro entre la prefecta y Lourdes Tib\u00e1n, su hom\u00f3loga de Cotopaxi<\/b>, en el Municipio de Guayaquil.<\/p>\n<p class=\"p_12\">\u201cDespu\u00e9s de salir con Lourdes Tib\u00e1n bajo el argumento de que no hay \u00abbanderas pol\u00edticas\u00bb para trabajar -que s\u00ed las hay, como tambi\u00e9n debe haber dignidad-\u00a0<b>ser\u00e9 el primero en oponerme a la reelecci\u00f3n de Marcela Agui\u00f1aga<\/b>\u201d, manifest\u00f3 Correa.<\/p>\n<p class=\"p_13\">D\u00edas antes,\u00a0<b>Gonz\u00e1lez tambi\u00e9n hab\u00eda rechazado que la Revoluci\u00f3n Ciudadana volviera a auspiciar a Agui\u00f1aga<\/b> en los pr\u00f3ximos comicios seccionales. <strong>Fuente: Vistazo<\/strong><\/p>\n<\/div>\n","protected":false},"excerpt":{"rendered":"<p>El expresidente\u00a0Rafael Correa\u00a0envi\u00f3 un mensaje directo a\u00a0Marcela Agui\u00f1aga, prefecta del Guayas, luego de que ella declarara que\u00a0\u2018el Ecuador de hoy no es el Ecuador de Correa\u2019 y anunciara su posible salida del movimiento corre\u00edsta\u00a0Revoluci\u00f3n Ciudadana\u00a0(RC). Las declaraciones de Agui\u00f1aga fueron emitidas durante una entrevista en Teleamazonas, la noche del 1 de diciembre, en medio de la fractura interna dentro del corre\u00edsmo. Agui\u00f1aga reconoci\u00f3 que no mantiene\u00a0comunicaci\u00f3n\u00a0con Correa desde hace\u00a0varios meses. A\u00f1adi\u00f3 que, si tuvieran la oportunidad de hablar, ella siempre reconocer\u00e1 el cari\u00f1o y la gratitud hacia el exmandatario, as\u00ed como lo aprendido durante su gobierno. \u00bbSiempre voy a reconocer mi cari\u00f1o y mi gratitud, si algo me ense\u00f1\u00f3 su gobierno es la impronta de la gesti\u00f3n p\u00fablica, el trabajar r\u00e1pido y urgente con eficacia, el detestar la mediocridad dentro de la burocracia, y que hay cosas que le corresponde hacer a lo p\u00fablico y muchas le corresponden hacer a lo privado, que ninguna de las dos est\u00e1 en competencia\u00bb, manifest\u00f3 la prefecta. \u00abEl Ecuador de hoy no es el Ecuador de Correa\u00bb No obstante, Agui\u00f1aga enfatiz\u00f3 que \u00bbel Ecuador de hoy no es el Ecuador de Correa y el Ecuador de hoy necesita di\u00e1logo y una agenda en com\u00fan\u201d. Por \u00faltimo, Agui\u00f1aga dijo que con Correa se puede\u00a0dialogar\u00a0\u201cen ocasiones s\u00ed y en otras no, depende\u201d. Las declaraciones de la prefecta generaron una respuesta inmediata. A trav\u00e9s de su cuenta en X,\u00a0Correa\u00a0public\u00f3 un mensaje con tono sarc\u00e1stico: \u00bbMarcela querida: eres demasiado importante y sabia para la actual RC5.\u00a0Anda nom\u00e1s a dialogar con Noboa, nosotros no lo haremos. No te preocupes. Lourdes Tib\u00e1n ofreci\u00f3 auspiciarte para la reelecci\u00f3n. Un abrazo. \u00a1Hasta la victoria siempre!\u00bb. El conflicto entre Agui\u00f1aga y Luisa Gonz\u00e1lez, presidenta del movimiento, como el exmandatario Rafael Correa, se agrav\u00f3 luego de un\u00a0encuentro entre la prefecta y Lourdes Tib\u00e1n, su hom\u00f3loga de Cotopaxi, en el Municipio de Guayaquil. \u201cDespu\u00e9s de salir con Lourdes Tib\u00e1n bajo el argumento de que no hay \u00abbanderas pol\u00edticas\u00bb para trabajar -que s\u00ed las hay, como tambi\u00e9n debe haber dignidad-\u00a0ser\u00e9 el primero en oponerme a la reelecci\u00f3n de Marcela Agui\u00f1aga\u201d, manifest\u00f3 Correa. D\u00edas antes,\u00a0Gonz\u00e1lez tambi\u00e9n hab\u00eda rechazado que la Revoluci\u00f3n Ciudadana volviera a auspiciar a Agui\u00f1aga en los pr\u00f3ximos comicios seccionales. Fuente: Vistazo<\/p>\n","protected":false},"author":1,"featured_media":27930,"comment_status":"closed","ping_status":"closed","sticky":false,"template":"","format":"standard","meta":{"footnotes":""},"categories":[268],"tags":[],"class_list":["post-27929","post","type-post","status-publish","format-standard","has-post-thumbnail","hentry","category-nacionales"],"_links":{"self":[{"href":"https:\/\/www.elamazonico.com\/portal\/wp-json\/wp\/v2\/posts\/27929","targetHints":{"allow":["GET"]}}],"collection":[{"href":"https:\/\/www.elamazonico.com\/portal\/wp-json\/wp\/v2\/posts"}],"about":[{"href":"https:\/\/www.elamazonico.com\/portal\/wp-json\/wp\/v2\/types\/post"}],"author":[{"embeddable":true,"href":"https:\/\/www.elamazonico.com\/portal\/wp-json\/wp\/v2\/users\/1"}],"replies":[{"embeddable":true,"href":"https:\/\/www.elamazonico.com\/portal\/wp-json\/wp\/v2\/comments?post=27929"}],"version-history":[{"count":1,"href":"https:\/\/www.elamazonico.com\/portal\/wp-json\/wp\/v2\/posts\/27929\/revisions"}],"predecessor-version":[{"id":27931,"href":"https:\/\/www.elamazonico.com\/portal\/wp-json\/wp\/v2\/posts\/27929\/revisions\/27931"}],"wp:featuredmedia":[{"embeddable":true,"href":"https:\/\/www.elamazonico.com\/portal\/wp-json\/wp\/v2\/media\/27930"}],"wp:attachment":[{"href":"https:\/\/www.elamazonico.com\/portal\/wp-json\/wp\/v2\/media?parent=27929"}],"wp:term":[{"taxonomy":"category","embeddable":true,"href":"https:\/\/www.elamazonico.com\/portal\/wp-json\/wp\/v2\/categories?post=27929"},{"taxonomy":"post_tag","embeddable":true,"href":"https:\/\/www.elamazonico.com\/portal\/wp-json\/wp\/v2\/tags?post=27929"}],"curies":[{"name":"wp","href":"https:\/\/api.w.org\/{rel}","templated":true}]}}