{"id":27926,"date":"2025-12-02T10:53:50","date_gmt":"2025-12-02T15:53:50","guid":{"rendered":"https:\/\/www.elamazonico.com\/portal\/?p=27926"},"modified":"2025-12-02T10:53:50","modified_gmt":"2025-12-02T15:53:50","slug":"indignacion-ciudadana-camaras-captan-a-sujeto-robando-en-oficina-de-la-union-yantzaza","status":"publish","type":"post","link":"https:\/\/www.elamazonico.com\/portal\/indignacion-ciudadana-camaras-captan-a-sujeto-robando-en-oficina-de-la-union-yantzaza\/","title":{"rendered":"Indignaci\u00f3n ciudadana: c\u00e1maras captan a sujeto robando en oficina de la Uni\u00f3n Yantzaza"},"content":{"rendered":"<p data-start=\"138\" data-end=\"634\">En un contexto social donde la confianza institucional y ciudadana se ve cada vez m\u00e1s desafiada, la reciente situaci\u00f3n registrada en la <strong data-start=\"262\" data-end=\"321\">oficina de la Cooperativa de Transportes Uni\u00f3n Yantzaza<\/strong>, ubicada en el cant\u00f3n Zamora, recuerda a la ciudadan\u00eda la importancia de permanecer alerta y fortalecer la corresponsabilidad comunitaria. Hechos como \u00e9ste, que en a\u00f1os anteriores eran inusuales, nos interpelan a actuar con mayor atenci\u00f3n y prudencia frente a personas desconocidas y comportamientos sospechosos.<\/p>\n<p data-start=\"636\" data-end=\"1013\">La ma\u00f1ana de este lunes 01 de diciembre de 2025, un individuo se sustrajo por la ventana de la oficina de la Cooperativa, aprovechando la ausencia moment\u00e1nea del personal administrativo y la falta de transe\u00fantes cercanos. El sospechoso logr\u00f3 sustraer <strong data-start=\"867\" data-end=\"897\">dos tel\u00e9fonos celulares<\/strong>, realizando m\u00faltiples intentos hasta finalmente retirarse del lugar, huyendo con rumbo desconocido.<\/p>\n<p data-start=\"1015\" data-end=\"1324\">La Cooperativa inform\u00f3 que el <strong data-start=\"1045\" data-end=\"1071\">registro de vigilancia<\/strong> ya fue entregado oportunamente a la <strong data-start=\"1108\" data-end=\"1128\">Polic\u00eda Nacional<\/strong> y a la <strong data-start=\"1136\" data-end=\"1148\">Fiscal\u00eda<\/strong>, constituy\u00e9ndose en un elemento clave para la identificaci\u00f3n y captura del responsable. Este material audiovisual es fundamental para un proceso investigativo \u00e1gil y efectivo.<\/p>\n<p data-start=\"1326\" data-end=\"1736\">Se hace un llamado respetuoso a <strong data-start=\"1369\" data-end=\"1391\">toda la ciudadan\u00eda<\/strong>, a las <strong data-start=\"1399\" data-end=\"1422\">autoridades locales<\/strong> y a los <strong data-start=\"1431\" data-end=\"1459\">amigos de la instituci\u00f3n<\/strong> a mantenerse vigilantes, comunicar de inmediato cualquier situaci\u00f3n sospechosa y reforzar las redes de apoyo comunitario. La prevenci\u00f3n, la colaboraci\u00f3n y la solidaridad siguen siendo nuestras herramientas m\u00e1s valiosas para impedir que estos hechos delictivos se multipliquen.<\/p>\n","protected":false},"excerpt":{"rendered":"<p>En un contexto social donde la confianza institucional y ciudadana se ve cada vez m\u00e1s desafiada, la reciente situaci\u00f3n registrada en la oficina de la Cooperativa de Transportes Uni\u00f3n Yantzaza, ubicada en el cant\u00f3n Zamora, recuerda a la ciudadan\u00eda la importancia de permanecer alerta y fortalecer la corresponsabilidad comunitaria. Hechos como \u00e9ste, que en a\u00f1os anteriores eran inusuales, nos interpelan a actuar con mayor atenci\u00f3n y prudencia frente a personas desconocidas y comportamientos sospechosos. La ma\u00f1ana de este lunes 01 de diciembre de 2025, un individuo se sustrajo por la ventana de la oficina de la Cooperativa, aprovechando la ausencia moment\u00e1nea del personal administrativo y la falta de transe\u00fantes cercanos. El sospechoso logr\u00f3 sustraer dos tel\u00e9fonos celulares, realizando m\u00faltiples intentos hasta finalmente retirarse del lugar, huyendo con rumbo desconocido. La Cooperativa inform\u00f3 que el registro de vigilancia ya fue entregado oportunamente a la Polic\u00eda Nacional y a la Fiscal\u00eda, constituy\u00e9ndose en un elemento clave para la identificaci\u00f3n y captura del responsable. Este material audiovisual es fundamental para un proceso investigativo \u00e1gil y efectivo. Se hace un llamado respetuoso a toda la ciudadan\u00eda, a las autoridades locales y a los amigos de la instituci\u00f3n a mantenerse vigilantes, comunicar de inmediato cualquier situaci\u00f3n sospechosa y reforzar las redes de apoyo comunitario. La prevenci\u00f3n, la colaboraci\u00f3n y la solidaridad siguen siendo nuestras herramientas m\u00e1s valiosas para impedir que estos hechos delictivos se multipliquen.<\/p>\n","protected":false},"author":1,"featured_media":27927,"comment_status":"closed","ping_status":"closed","sticky":false,"template":"","format":"standard","meta":{"footnotes":""},"categories":[243],"tags":[],"class_list":["post-27926","post","type-post","status-publish","format-standard","has-post-thumbnail","hentry","category-noticias-zamora"],"_links":{"self":[{"href":"https:\/\/www.elamazonico.com\/portal\/wp-json\/wp\/v2\/posts\/27926","targetHints":{"allow":["GET"]}}],"collection":[{"href":"https:\/\/www.elamazonico.com\/portal\/wp-json\/wp\/v2\/posts"}],"about":[{"href":"https:\/\/www.elamazonico.com\/portal\/wp-json\/wp\/v2\/types\/post"}],"author":[{"embeddable":true,"href":"https:\/\/www.elamazonico.com\/portal\/wp-json\/wp\/v2\/users\/1"}],"replies":[{"embeddable":true,"href":"https:\/\/www.elamazonico.com\/portal\/wp-json\/wp\/v2\/comments?post=27926"}],"version-history":[{"count":1,"href":"https:\/\/www.elamazonico.com\/portal\/wp-json\/wp\/v2\/posts\/27926\/revisions"}],"predecessor-version":[{"id":27928,"href":"https:\/\/www.elamazonico.com\/portal\/wp-json\/wp\/v2\/posts\/27926\/revisions\/27928"}],"wp:featuredmedia":[{"embeddable":true,"href":"https:\/\/www.elamazonico.com\/portal\/wp-json\/wp\/v2\/media\/27927"}],"wp:attachment":[{"href":"https:\/\/www.elamazonico.com\/portal\/wp-json\/wp\/v2\/media?parent=27926"}],"wp:term":[{"taxonomy":"category","embeddable":true,"href":"https:\/\/www.elamazonico.com\/portal\/wp-json\/wp\/v2\/categories?post=27926"},{"taxonomy":"post_tag","embeddable":true,"href":"https:\/\/www.elamazonico.com\/portal\/wp-json\/wp\/v2\/tags?post=27926"}],"curies":[{"name":"wp","href":"https:\/\/api.w.org\/{rel}","templated":true}]}}