{"id":27920,"date":"2025-12-02T09:52:19","date_gmt":"2025-12-02T14:52:19","guid":{"rendered":"https:\/\/www.elamazonico.com\/portal\/?p=27920"},"modified":"2025-12-02T09:52:19","modified_gmt":"2025-12-02T14:52:19","slug":"fallas-en-el-sistema-paralizan-servicios-de-banecuador-en-zamora-atencion-se-retomara-a-las-1130","status":"publish","type":"post","link":"https:\/\/www.elamazonico.com\/portal\/fallas-en-el-sistema-paralizan-servicios-de-banecuador-en-zamora-atencion-se-retomara-a-las-1130\/","title":{"rendered":"Fallas en el sistema paralizan servicios de BanEcuador en Zamora; atenci\u00f3n se retomar\u00e1 a las 11:30"},"content":{"rendered":"<p data-start=\"224\" data-end=\"567\">La sucursal de <strong data-start=\"277\" data-end=\"291\">BanEcuador<\/strong> en el cant\u00f3n Zamora suspendi\u00f3 temporalmente la atenci\u00f3n al p\u00fablico durante la ma\u00f1ana de este martes debido a inconvenientes t\u00e9cnicos en su sistema operativo, lo que gener\u00f3 preocupaci\u00f3n entre los usuarios que acudieron desde temprano para realizar tr\u00e1mites financieros.<\/p>\n<p data-start=\"569\" data-end=\"819\">De acuerdo con informaci\u00f3n oficial difundida por la entidad, la interrupci\u00f3n se debe a fallas internas que impiden el funcionamiento normal de los servicios, lo que oblig\u00f3 a la instituci\u00f3n a posponer la apertura de ventanillas y procesos de atenci\u00f3n.<\/p>\n<p data-start=\"821\" data-end=\"1058\">BanEcuador inform\u00f3 que las actividades se <strong data-start=\"863\" data-end=\"912\">reanudar\u00e1n a partir de las 11:30 de la ma\u00f1ana<\/strong>, tiempo en el cual se estima que los problemas t\u00e9cnicos queden solucionados y se pueda garantizar un servicio estable y seguro para los clientes.<\/p>\n<p data-start=\"1060\" data-end=\"1489\">Durante las primeras horas de la ma\u00f1ana, decenas de usuarios expresaron su malestar por la falta de informaci\u00f3n oportuna y por los retrasos que esta situaci\u00f3n ocasiona en tr\u00e1mites relacionados con cr\u00e9ditos productivos, pagos, retiros y consultas habituales. Para muchos ciudadanos, especialmente productores y peque\u00f1os emprendedores de la zona, este tipo de servicios es crucial para la continuidad de sus actividades econ\u00f3micas.<\/p>\n<p data-start=\"1827\" data-end=\"1998\">BanEcuador ha reiterado su compromiso de restablecer la atenci\u00f3n en el horario anunciada.<\/p>\n","protected":false},"excerpt":{"rendered":"<p>La sucursal de BanEcuador en el cant\u00f3n Zamora suspendi\u00f3 temporalmente la atenci\u00f3n al p\u00fablico durante la ma\u00f1ana de este martes debido a inconvenientes t\u00e9cnicos en su sistema operativo, lo que gener\u00f3 preocupaci\u00f3n entre los usuarios que acudieron desde temprano para realizar tr\u00e1mites financieros. De acuerdo con informaci\u00f3n oficial difundida por la entidad, la interrupci\u00f3n se debe a fallas internas que impiden el funcionamiento normal de los servicios, lo que oblig\u00f3 a la instituci\u00f3n a posponer la apertura de ventanillas y procesos de atenci\u00f3n. BanEcuador inform\u00f3 que las actividades se reanudar\u00e1n a partir de las 11:30 de la ma\u00f1ana, tiempo en el cual se estima que los problemas t\u00e9cnicos queden solucionados y se pueda garantizar un servicio estable y seguro para los clientes. Durante las primeras horas de la ma\u00f1ana, decenas de usuarios expresaron su malestar por la falta de informaci\u00f3n oportuna y por los retrasos que esta situaci\u00f3n ocasiona en tr\u00e1mites relacionados con cr\u00e9ditos productivos, pagos, retiros y consultas habituales. Para muchos ciudadanos, especialmente productores y peque\u00f1os emprendedores de la zona, este tipo de servicios es crucial para la continuidad de sus actividades econ\u00f3micas. BanEcuador ha reiterado su compromiso de restablecer la atenci\u00f3n en el horario anunciada.<\/p>\n","protected":false},"author":1,"featured_media":27921,"comment_status":"closed","ping_status":"closed","sticky":false,"template":"","format":"standard","meta":{"footnotes":""},"categories":[243],"tags":[],"class_list":["post-27920","post","type-post","status-publish","format-standard","has-post-thumbnail","hentry","category-noticias-zamora"],"_links":{"self":[{"href":"https:\/\/www.elamazonico.com\/portal\/wp-json\/wp\/v2\/posts\/27920","targetHints":{"allow":["GET"]}}],"collection":[{"href":"https:\/\/www.elamazonico.com\/portal\/wp-json\/wp\/v2\/posts"}],"about":[{"href":"https:\/\/www.elamazonico.com\/portal\/wp-json\/wp\/v2\/types\/post"}],"author":[{"embeddable":true,"href":"https:\/\/www.elamazonico.com\/portal\/wp-json\/wp\/v2\/users\/1"}],"replies":[{"embeddable":true,"href":"https:\/\/www.elamazonico.com\/portal\/wp-json\/wp\/v2\/comments?post=27920"}],"version-history":[{"count":1,"href":"https:\/\/www.elamazonico.com\/portal\/wp-json\/wp\/v2\/posts\/27920\/revisions"}],"predecessor-version":[{"id":27922,"href":"https:\/\/www.elamazonico.com\/portal\/wp-json\/wp\/v2\/posts\/27920\/revisions\/27922"}],"wp:featuredmedia":[{"embeddable":true,"href":"https:\/\/www.elamazonico.com\/portal\/wp-json\/wp\/v2\/media\/27921"}],"wp:attachment":[{"href":"https:\/\/www.elamazonico.com\/portal\/wp-json\/wp\/v2\/media?parent=27920"}],"wp:term":[{"taxonomy":"category","embeddable":true,"href":"https:\/\/www.elamazonico.com\/portal\/wp-json\/wp\/v2\/categories?post=27920"},{"taxonomy":"post_tag","embeddable":true,"href":"https:\/\/www.elamazonico.com\/portal\/wp-json\/wp\/v2\/tags?post=27920"}],"curies":[{"name":"wp","href":"https:\/\/api.w.org\/{rel}","templated":true}]}}