{"id":27909,"date":"2025-12-01T14:22:39","date_gmt":"2025-12-01T19:22:39","guid":{"rendered":"https:\/\/www.elamazonico.com\/portal\/?p=27909"},"modified":"2025-12-01T14:22:39","modified_gmt":"2025-12-01T19:22:39","slug":"hallan-cinco-cuerpos-de-hombres-maniatados-y-quemados-en-una-via-de-pedernales-manabi","status":"publish","type":"post","link":"https:\/\/www.elamazonico.com\/portal\/hallan-cinco-cuerpos-de-hombres-maniatados-y-quemados-en-una-via-de-pedernales-manabi\/","title":{"rendered":"Hallan cinco cuerpos de hombres maniatados y quemados en una v\u00eda de Pedernales, Manab\u00ed"},"content":{"rendered":"<p>Menos de 24 horas despu\u00e9s de la masacre a una familia en Guayaquil, se reporta otro hecho violento en Ecuador: esta vez ocurre en Pedernales, un cant\u00f3n del norte de Manab\u00ed, donde la Polic\u00eda Nacional hall\u00f3 los cuerpos de cinco hombres sin vida, la ma\u00f1ana del 1 de diciembre de 2025.<\/p>\n<p>Los cad\u00e1veres de los hombres semidesnudos, y uno de ellos sin ropa alguna, estaban a un lado de una v\u00eda de segundo orden en el sector de La Pimienta, en Pedernales.<\/p>\n<p>De momento, se desconocen las identidades de los hombres fallecidos o si fueron ajusticiados en la escena del crimen, o en otro lugar de Manab\u00ed.<\/p>\n<p>Tres cantones de Manab\u00ed dan presuntos indicios de gobernanza criminal, seg\u00fan la Polic\u00eda Judicial<br \/>\nLa polic\u00eda de la subzona Manab\u00ed dijo a PRIMICIAS que ya se encuentran desplazados en el sector, para determinar qu\u00e9 pas\u00f3 y qui\u00e9nes son las v\u00edctimas.<\/p>\n<p>Con las muertes de estos cinco hombres, se reporta al menos 21 casos de asesinatos m\u00faltiples en Manab\u00ed, provincia bajo estado de excepci\u00f3n.<\/p>\n<p>En esta provincia de la Costa, la Polic\u00eda Nacional asegura que existe una disputa territorial por el tr\u00e1fico de droga entre organizaciones criminales.<\/p>\n<p>Por otra parte, en lo que va de 2025 se registran m\u00e1s de 8.200 homicidios en todo Ecuador, un a\u00f1o que camina a ser el m\u00e1s violento en la historia del pa\u00eds.\u00a0 <strong>Fuentes: Primicias<\/strong><\/p>\n","protected":false},"excerpt":{"rendered":"<p>Menos de 24 horas despu\u00e9s de la masacre a una familia en Guayaquil, se reporta otro hecho violento en Ecuador: esta vez ocurre en Pedernales, un cant\u00f3n del norte de Manab\u00ed, donde la Polic\u00eda Nacional hall\u00f3 los cuerpos de cinco hombres sin vida, la ma\u00f1ana del 1 de diciembre de 2025. Los cad\u00e1veres de los hombres semidesnudos, y uno de ellos sin ropa alguna, estaban a un lado de una v\u00eda de segundo orden en el sector de La Pimienta, en Pedernales. De momento, se desconocen las identidades de los hombres fallecidos o si fueron ajusticiados en la escena del crimen, o en otro lugar de Manab\u00ed. Tres cantones de Manab\u00ed dan presuntos indicios de gobernanza criminal, seg\u00fan la Polic\u00eda Judicial La polic\u00eda de la subzona Manab\u00ed dijo a PRIMICIAS que ya se encuentran desplazados en el sector, para determinar qu\u00e9 pas\u00f3 y qui\u00e9nes son las v\u00edctimas. Con las muertes de estos cinco hombres, se reporta al menos 21 casos de asesinatos m\u00faltiples en Manab\u00ed, provincia bajo estado de excepci\u00f3n. En esta provincia de la Costa, la Polic\u00eda Nacional asegura que existe una disputa territorial por el tr\u00e1fico de droga entre organizaciones criminales. Por otra parte, en lo que va de 2025 se registran m\u00e1s de 8.200 homicidios en todo Ecuador, un a\u00f1o que camina a ser el m\u00e1s violento en la historia del pa\u00eds.\u00a0 Fuentes: Primicias<\/p>\n","protected":false},"author":1,"featured_media":27910,"comment_status":"closed","ping_status":"closed","sticky":false,"template":"","format":"standard","meta":{"footnotes":""},"categories":[268],"tags":[],"class_list":["post-27909","post","type-post","status-publish","format-standard","has-post-thumbnail","hentry","category-nacionales"],"_links":{"self":[{"href":"https:\/\/www.elamazonico.com\/portal\/wp-json\/wp\/v2\/posts\/27909","targetHints":{"allow":["GET"]}}],"collection":[{"href":"https:\/\/www.elamazonico.com\/portal\/wp-json\/wp\/v2\/posts"}],"about":[{"href":"https:\/\/www.elamazonico.com\/portal\/wp-json\/wp\/v2\/types\/post"}],"author":[{"embeddable":true,"href":"https:\/\/www.elamazonico.com\/portal\/wp-json\/wp\/v2\/users\/1"}],"replies":[{"embeddable":true,"href":"https:\/\/www.elamazonico.com\/portal\/wp-json\/wp\/v2\/comments?post=27909"}],"version-history":[{"count":1,"href":"https:\/\/www.elamazonico.com\/portal\/wp-json\/wp\/v2\/posts\/27909\/revisions"}],"predecessor-version":[{"id":27911,"href":"https:\/\/www.elamazonico.com\/portal\/wp-json\/wp\/v2\/posts\/27909\/revisions\/27911"}],"wp:featuredmedia":[{"embeddable":true,"href":"https:\/\/www.elamazonico.com\/portal\/wp-json\/wp\/v2\/media\/27910"}],"wp:attachment":[{"href":"https:\/\/www.elamazonico.com\/portal\/wp-json\/wp\/v2\/media?parent=27909"}],"wp:term":[{"taxonomy":"category","embeddable":true,"href":"https:\/\/www.elamazonico.com\/portal\/wp-json\/wp\/v2\/categories?post=27909"},{"taxonomy":"post_tag","embeddable":true,"href":"https:\/\/www.elamazonico.com\/portal\/wp-json\/wp\/v2\/tags?post=27909"}],"curies":[{"name":"wp","href":"https:\/\/api.w.org\/{rel}","templated":true}]}}