{"id":27906,"date":"2025-12-01T14:15:43","date_gmt":"2025-12-01T19:15:43","guid":{"rendered":"https:\/\/www.elamazonico.com\/portal\/?p=27906"},"modified":"2025-12-01T14:15:43","modified_gmt":"2025-12-01T19:15:43","slug":"rafael-correa-reacciona-tras-denuncia-contra-luisa-gonzalez-en-el-tce-por-el-manejo-de-las-cuentas-de-campana","status":"publish","type":"post","link":"https:\/\/www.elamazonico.com\/portal\/rafael-correa-reacciona-tras-denuncia-contra-luisa-gonzalez-en-el-tce-por-el-manejo-de-las-cuentas-de-campana\/","title":{"rendered":"Rafael Correa reacciona tras denuncia contra Luisa Gonz\u00e1lez en el TCE por el manejo de las cuentas de campa\u00f1a"},"content":{"rendered":"<div class=\"paragraph texto\">\n<p class=\"p_0\">El expresidente\u00a0<b>Rafael Correa<\/b>\u00a0reaccion\u00f3 tras la denuncia presentada contra la excandidata presidencial\u00a0<b>Luisa Gonz\u00e1lez<\/b>\u00a0por el manejo de las cuentas de campa\u00f1a de 2023, durante su candidatura por el movimiento Revoluci\u00f3n Ciudadana.<\/p>\n<p class=\"p_2\">Su pronunciamiento surge despu\u00e9s de que un juez del Tribunal Contencioso Electoral (TCE) admitiera a tr\u00e1mite la acusaci\u00f3n presentada por la presidenta del Consejo Nacional Electoral (CNE),\u00a0<b>Diana Atamaint<\/b>.<\/p>\n<p class=\"p_3\">La denuncia se basa en una presunta infracci\u00f3n contemplada en el art\u00edculo 281 del C\u00f3digo de la Democracia, que establece\u00a0<b>sanciones\u00a0<\/b>para las organizaciones pol\u00edticas que no presenten los informes de sus cuentas, el detalle de aportes recibidos, su origen, el listado de contribuyentes y los respectivos respaldos de ingresos y egresos.<\/p>\n<div class=\"Center2Display\">\n<div id=\"Center2\" data-google-query-id=\"CMaPy8yMnZEDFaO-WgUdqI4Y3g\">\n<div id=\"google_ads_iframe_\/21839199781\/Vistazo\/Vistazo_Center2_0__container__\">Las sanciones pueden ir desde una <b>multa econ\u00f3mica<\/b>\u00a0hasta la\u00a0<b>suspensi\u00f3n\u00a0<\/b>de los\u00a0<b>derechos pol\u00edticos<\/b>\u00a0por un periodo de dos a cuatro a\u00f1os.<\/div>\n<\/div>\n<\/div>\n<p class=\"p_5\">Atamaint ha explicado que todas las\u00a0<b>organizaciones pol\u00edticas<\/b>\u00a0inscritas para realizar campa\u00f1a electoral est\u00e1n obligadas a presentar informes completos y oportunos.<\/p>\n<p class=\"p_6\">Asimismo, la titular del CNE ha indicado que las sanciones pueden recaer sobre la persona encargada de llevar las cuentas, el representante legal, el jefe de campa\u00f1a y el propio candidato.<\/p>\n<p class=\"p_7\">Correa calific\u00f3 el proceso como parte de una \u201c<b>persecuci\u00f3n<\/b>\u201d, expresando su solidaridad con Gonz\u00e1lez y se\u00f1alando que tanto el CNE como el TCE act\u00faan como \u201crecaderos de Carondelet\u201d.<\/p>\n<p class=\"p_9\">El exmandatario critic\u00f3 a Atamaint, a quien tild\u00f3 de \u201cincompetente y totalmente vendida\u201d, y cuestion\u00f3 que la denuncia haya sido admitida por un juez suplente del TCE.<\/p>\n<\/div>\n<div class=\"Citavistazo\">\u00abContin\u00faa la persecuci\u00f3n. Mi abrazo solidario a Luisa y a todos los compa\u00f1eros perseguidos por las mafiosas \u00abautoridades\u00bb electorales, recaderas de Carondelet\u00bb<\/div>\n<div class=\"paragraph texto\">\n<p class=\"p_10\">El\u00a0<b>juez\u00a0<\/b>Richard Gonz\u00e1lez admiti\u00f3 la denuncia el pasado viernes y convoc\u00f3 a las partes a una\u00a0<b>audiencia\u00a0<\/b>\u00fanica de pruebas y alegatos, prevista para el 7 de enero de 2026.<\/p>\n<p class=\"p_11\">Por su parte, Luisa Gonz\u00e1lez asegur\u00f3 este s\u00e1bado en su cuenta de X que el movimiento ha tenido que \u00abenfrentar las miserias de un CNE entregado al Gobierno y dedicado a perseguir a todos los oponentes pol\u00edticos\u00bb.<\/p>\n<p class=\"p_12\">A finales de octubre, el expresidente Correa ya hab\u00eda alertado de que el CNE los hab\u00eda denunciado ante el TCE con el supuesto objetivo de sancionarlos y\u00a0<b>eliminarlos\u00a0<\/b>como partido. <strong>Fuente: Vistazo<\/strong><\/p>\n<\/div>\n","protected":false},"excerpt":{"rendered":"<p>El expresidente\u00a0Rafael Correa\u00a0reaccion\u00f3 tras la denuncia presentada contra la excandidata presidencial\u00a0Luisa Gonz\u00e1lez\u00a0por el manejo de las cuentas de campa\u00f1a de 2023, durante su candidatura por el movimiento Revoluci\u00f3n Ciudadana. Su pronunciamiento surge despu\u00e9s de que un juez del Tribunal Contencioso Electoral (TCE) admitiera a tr\u00e1mite la acusaci\u00f3n presentada por la presidenta del Consejo Nacional Electoral (CNE),\u00a0Diana Atamaint. La denuncia se basa en una presunta infracci\u00f3n contemplada en el art\u00edculo 281 del C\u00f3digo de la Democracia, que establece\u00a0sanciones\u00a0para las organizaciones pol\u00edticas que no presenten los informes de sus cuentas, el detalle de aportes recibidos, su origen, el listado de contribuyentes y los respectivos respaldos de ingresos y egresos. Las sanciones pueden ir desde una multa econ\u00f3mica\u00a0hasta la\u00a0suspensi\u00f3n\u00a0de los\u00a0derechos pol\u00edticos\u00a0por un periodo de dos a cuatro a\u00f1os. Atamaint ha explicado que todas las\u00a0organizaciones pol\u00edticas\u00a0inscritas para realizar campa\u00f1a electoral est\u00e1n obligadas a presentar informes completos y oportunos. Asimismo, la titular del CNE ha indicado que las sanciones pueden recaer sobre la persona encargada de llevar las cuentas, el representante legal, el jefe de campa\u00f1a y el propio candidato. Correa calific\u00f3 el proceso como parte de una \u201cpersecuci\u00f3n\u201d, expresando su solidaridad con Gonz\u00e1lez y se\u00f1alando que tanto el CNE como el TCE act\u00faan como \u201crecaderos de Carondelet\u201d. El exmandatario critic\u00f3 a Atamaint, a quien tild\u00f3 de \u201cincompetente y totalmente vendida\u201d, y cuestion\u00f3 que la denuncia haya sido admitida por un juez suplente del TCE. \u00abContin\u00faa la persecuci\u00f3n. Mi abrazo solidario a Luisa y a todos los compa\u00f1eros perseguidos por las mafiosas \u00abautoridades\u00bb electorales, recaderas de Carondelet\u00bb El\u00a0juez\u00a0Richard Gonz\u00e1lez admiti\u00f3 la denuncia el pasado viernes y convoc\u00f3 a las partes a una\u00a0audiencia\u00a0\u00fanica de pruebas y alegatos, prevista para el 7 de enero de 2026. Por su parte, Luisa Gonz\u00e1lez asegur\u00f3 este s\u00e1bado en su cuenta de X que el movimiento ha tenido que \u00abenfrentar las miserias de un CNE entregado al Gobierno y dedicado a perseguir a todos los oponentes pol\u00edticos\u00bb. A finales de octubre, el expresidente Correa ya hab\u00eda alertado de que el CNE los hab\u00eda denunciado ante el TCE con el supuesto objetivo de sancionarlos y\u00a0eliminarlos\u00a0como partido. Fuente: Vistazo<\/p>\n","protected":false},"author":1,"featured_media":27907,"comment_status":"closed","ping_status":"closed","sticky":false,"template":"","format":"standard","meta":{"footnotes":""},"categories":[268],"tags":[],"class_list":["post-27906","post","type-post","status-publish","format-standard","has-post-thumbnail","hentry","category-nacionales"],"_links":{"self":[{"href":"https:\/\/www.elamazonico.com\/portal\/wp-json\/wp\/v2\/posts\/27906","targetHints":{"allow":["GET"]}}],"collection":[{"href":"https:\/\/www.elamazonico.com\/portal\/wp-json\/wp\/v2\/posts"}],"about":[{"href":"https:\/\/www.elamazonico.com\/portal\/wp-json\/wp\/v2\/types\/post"}],"author":[{"embeddable":true,"href":"https:\/\/www.elamazonico.com\/portal\/wp-json\/wp\/v2\/users\/1"}],"replies":[{"embeddable":true,"href":"https:\/\/www.elamazonico.com\/portal\/wp-json\/wp\/v2\/comments?post=27906"}],"version-history":[{"count":1,"href":"https:\/\/www.elamazonico.com\/portal\/wp-json\/wp\/v2\/posts\/27906\/revisions"}],"predecessor-version":[{"id":27908,"href":"https:\/\/www.elamazonico.com\/portal\/wp-json\/wp\/v2\/posts\/27906\/revisions\/27908"}],"wp:featuredmedia":[{"embeddable":true,"href":"https:\/\/www.elamazonico.com\/portal\/wp-json\/wp\/v2\/media\/27907"}],"wp:attachment":[{"href":"https:\/\/www.elamazonico.com\/portal\/wp-json\/wp\/v2\/media?parent=27906"}],"wp:term":[{"taxonomy":"category","embeddable":true,"href":"https:\/\/www.elamazonico.com\/portal\/wp-json\/wp\/v2\/categories?post=27906"},{"taxonomy":"post_tag","embeddable":true,"href":"https:\/\/www.elamazonico.com\/portal\/wp-json\/wp\/v2\/tags?post=27906"}],"curies":[{"name":"wp","href":"https:\/\/api.w.org\/{rel}","templated":true}]}}