{"id":27896,"date":"2025-12-01T08:06:18","date_gmt":"2025-12-01T13:06:18","guid":{"rendered":"https:\/\/www.elamazonico.com\/portal\/?p=27896"},"modified":"2025-12-01T08:13:29","modified_gmt":"2025-12-01T13:13:29","slug":"guadalupe-exige-respuestas-58-anos-de-historia-y-aun-espera-obras-viales-inconclusas-y-recoleccion-de-basura-digna","status":"publish","type":"post","link":"https:\/\/www.elamazonico.com\/portal\/guadalupe-exige-respuestas-58-anos-de-historia-y-aun-espera-obras-viales-inconclusas-y-recoleccion-de-basura-digna\/","title":{"rendered":"\u201cGuadalupe exige respuestas: 58 a\u00f1os de historia y a\u00fan espera obras viales inconclusas y recolecci\u00f3n de basura digna.\u201d"},"content":{"rendered":"<p data-start=\"279\" data-end=\"853\">Por:\u00a0Alcibar Lupercio<\/p>\n<p data-start=\"279\" data-end=\"853\">Conmemorar los <strong data-start=\"294\" data-end=\"339\">58 a\u00f1os de parroquializaci\u00f3n de Guadalupe<\/strong> no es \u00fanicamente revisar un calendario institucional; es volver a escuchar el pulso \u00edntimo de una tierra que, desde sus or\u00edgenes, ha sabido construir su identidad entre r\u00edos intensos, monta\u00f1as de selva y la perseverancia de su gente. En esta ocasi\u00f3n, invitado por <strong data-start=\"604\" data-end=\"630\">Radio Fama de Yantzaza<\/strong>, tuve el honor de compartir una mirada cr\u00edtica y afectiva sobre la historia, el presente y los desaf\u00edos que a\u00fan marcan la vida cotidiana de esta parroquia emblem\u00e1tica del cant\u00f3n Zamora, en la provincia de Zamora Chinchipe.<\/p>\n<p>La parroquia Guadalupe, cant\u00f3n Zamora, provincia de Zamora Chinchip, fue creada por ordenanza municipal el 27 de abril de 1967; su parroquializaci\u00f3n aparece publicada en el Registro Oficial N\u00ba 262 con fecha 28 de noviembre de 1967.<\/p>\n<p data-start=\"855\" data-end=\"1218\">\u201c<strong data-start=\"856\" data-end=\"1011\">Guadalupe es tierra de hombres y mujeres trabajadores, una parroquia que abre sus puertas a propios y extra\u00f1os y que festeja con orgullo su aniversario<\/strong>\u201d<\/p>\n<h2 data-start=\"1225\" data-end=\"1284\"><strong data-start=\"1228\" data-end=\"1284\">Infraestructura: avances valiosos, deudas pendientes<\/strong><\/h2>\n<p data-start=\"1286\" data-end=\"1550\">Hablar del desarrollo de Guadalupe implica tambi\u00e9n hablar de las rutas que la conectan con el resto de la provincia. Sus <strong data-start=\"1407\" data-end=\"1441\">58 a\u00f1os de vida administrativa<\/strong> han sido testigos de esfuerzos importantes, pero tambi\u00e9n de postergaciones que hoy se vuelven insostenibles.<\/p>\n<p data-start=\"1552\" data-end=\"1926\">Uno de los temas m\u00e1s urgentes es el <strong data-start=\"1588\" data-end=\"1637\">estado cr\u00edtico de la v\u00eda La Saquea \u2013 Muchime<\/strong>, cuyos tramos presentan deterioro y compromete la seguridad de los usuarios. Cunetas colapsadas de maleza, baches constantes y tramos en riesgo exigen un mantenimiento inmediato, responsabilidad que recae a la prefectura. A esto se suman los <strong data-start=\"1807\" data-end=\"1828\">parques olvidados<\/strong>, espacios que deber\u00edan ser el coraz\u00f3n social de los barrios, pero que hoy permanecen descuidados, pues, hacemos un llamado al municipio a ser mas eficientes. La <strong data-start=\"1957\" data-end=\"1993\">deficiente recolecci\u00f3n de basura<\/strong>, que llega despu\u00e9s de varios d\u00edas o semanas, generando focos de insalubridad, mala imagen urbana y aumento del mosquito en dep\u00f3sitos improvisados. Una realidad que afecta especialmente a los ni\u00f1os y que contradice el derecho comunitario a vivir en entornos dignos.<\/p>\n<p data-start=\"1552\" data-end=\"1926\"><img fetchpriority=\"high\" decoding=\"async\" class=\"alignnone size-medium wp-image-27898\" src=\"https:\/\/www.elamazonico.com\/portal\/wp-content\/uploads\/2025\/12\/6cbc4cf7-9d62-4982-8c94-6276e54228e6-225x300.jpeg\" alt=\"\" width=\"225\" height=\"300\" srcset=\"https:\/\/www.elamazonico.com\/portal\/wp-content\/uploads\/2025\/12\/6cbc4cf7-9d62-4982-8c94-6276e54228e6-225x300.jpeg 225w, https:\/\/www.elamazonico.com\/portal\/wp-content\/uploads\/2025\/12\/6cbc4cf7-9d62-4982-8c94-6276e54228e6.jpeg 720w\" sizes=\"(max-width: 225px) 100vw, 225px\" \/>\u00a0 \u00a0 <img decoding=\"async\" class=\"alignnone size-medium wp-image-27899\" src=\"https:\/\/www.elamazonico.com\/portal\/wp-content\/uploads\/2025\/12\/297bf7b4-6500-497c-839e-e32b760e22a4-225x300.jpeg\" alt=\"\" width=\"225\" height=\"300\" srcset=\"https:\/\/www.elamazonico.com\/portal\/wp-content\/uploads\/2025\/12\/297bf7b4-6500-497c-839e-e32b760e22a4-225x300.jpeg 225w, https:\/\/www.elamazonico.com\/portal\/wp-content\/uploads\/2025\/12\/297bf7b4-6500-497c-839e-e32b760e22a4.jpeg 720w\" sizes=\"(max-width: 225px) 100vw, 225px\" \/><\/p>\n<p data-start=\"2253\" data-end=\"2602\">El proyecto de asfaltado <strong data-start=\"2278\" data-end=\"2325\">La Saquea \u2013 Guaguayme Bajo \u2013 Guaguayme Alto<\/strong>, obra vital para seis barrios ubicados aguas arriba del r\u00edo Yacuambi, es otro ejemplo claro de una deuda que debe saldarse. Esta intervenci\u00f3n de <strong data-start=\"2467\" data-end=\"2475\">5 km<\/strong>, ejecutada bajo modalidad de administraci\u00f3n directa, que inici\u00f3 en julio de 2024 deb\u00eda estar concluida en 2025. Sin embargo, la obra avanza a medias.<\/p>\n<p data-start=\"2604\" data-end=\"2935\">Desde este espacio hacemos un llamado respetuoso pero firme a la <strong data-start=\"2670\" data-end=\"2723\">prefecta de Zamora Chinchipe, Ing. Karla Re\u00e1tegui<\/strong>, para que se cumplan los plazos y compromisos adquiridos: <strong data-start=\"2784\" data-end=\"2935\">\u201cLas autoridades deben cumplir los plazos anunciados. El pueblo cree en sus autoridades cuando los proyectos se culminan en el tiempo planificado.\u201d<\/strong><\/p>\n<p data-start=\"2937\" data-end=\"3242\">La consolidaci\u00f3n de este tramo, junto con el <strong data-start=\"2982\" data-end=\"3013\">segundo tramo hacia Cantzama<\/strong>, no solo mejorar\u00e1 la conectividad, sino que <strong data-start=\"3058\" data-end=\"3086\">articular\u00e1 la producci\u00f3n<\/strong>, dinamizar\u00e1 el comercio y fortalecer\u00e1 la econom\u00eda de Guaguayme Bajo, San Juan, San Agust\u00edn, Guaguayme Alto, San Luis, Conchay, Cantzama Bajo y Cantzama Alto.<\/p>\n<h2 data-start=\"3249\" data-end=\"3324\"><strong data-start=\"3252\" data-end=\"3324\">El pulso econ\u00f3mico: diversidad, trabajo y necesidad de tecnificaci\u00f3n<\/strong><\/h2>\n<p data-start=\"3326\" data-end=\"3429\">Guadalupe es un mosaico productivo. La labor diaria de su gente sostiene actividades tan diversas como:<\/p>\n<ul data-start=\"3431\" data-end=\"3841\">\n<li data-start=\"3431\" data-end=\"3508\">\n<p data-start=\"3433\" data-end=\"3508\"><strong data-start=\"3433\" data-end=\"3470\">Cr\u00eda de rana y tilapia en Piuntza<\/strong>, con impacto incluso internacional.<\/p>\n<\/li>\n<li data-start=\"3509\" data-end=\"3588\">\n<p data-start=\"3511\" data-end=\"3588\"><strong data-start=\"3511\" data-end=\"3547\">Muebler\u00edas y oficios artesanales<\/strong> que mantienen viva la tradici\u00f3n local.<\/p>\n<\/li>\n<li data-start=\"3589\" data-end=\"3668\">\n<p data-start=\"3591\" data-end=\"3668\"><strong data-start=\"3591\" data-end=\"3631\">Ganader\u00eda, porcicultura y avicultura<\/strong>, pilares del abastecimiento rural.<\/p>\n<\/li>\n<li data-start=\"3669\" data-end=\"3763\">\n<p data-start=\"3671\" data-end=\"3763\"><strong data-start=\"3671\" data-end=\"3700\">Agricultura diversificada<\/strong>, con yuca, pl\u00e1tano, ca\u00f1a y productos propios de la Amazon\u00eda.<\/p>\n<\/li>\n<li data-start=\"3764\" data-end=\"3841\">\n<p data-start=\"3766\" data-end=\"3841\"><strong data-start=\"3766\" data-end=\"3777\">Miner\u00eda<\/strong>, que tambi\u00e9n marca el comportamiento econ\u00f3mico de la parroquia.<\/p>\n<\/li>\n<\/ul>\n<p data-start=\"3843\" data-end=\"4095\">Pese a ello, la falta de tecnificaci\u00f3n sigue siendo un l\u00edmite estructural. Falta avanzar en sistemas modernos de ganader\u00eda, animales menores, <strong data-start=\"4008\" data-end=\"4024\">invernaderos<\/strong> y, sobre todo, <strong data-start=\"4040\" data-end=\"4073\">capacitaci\u00f3n t\u00e9cnica continua<\/strong> para los productores.<\/p>\n<p data-start=\"4097\" data-end=\"4275\">Se requiere una mirada conjunta del <strong data-start=\"4133\" data-end=\"4156\">Gobierno Provincial<\/strong> y del <strong data-start=\"4163\" data-end=\"4184\">Gobierno Nacional<\/strong>, capaz de traducirse en <strong data-start=\"4209\" data-end=\"4238\">pol\u00edticas p\u00fablicas reales<\/strong>, m\u00e1s all\u00e1 de los proyectos aislados.<\/p>\n<h2 data-start=\"4282\" data-end=\"4357\"><strong data-start=\"4285\" data-end=\"4357\">La salud como memoria social: la Cl\u00ednica Nuestra Se\u00f1ora de Guadalupe<\/strong><\/h2>\n<p data-start=\"4359\" data-end=\"4634\">Record\u00e9 tambi\u00e9n la importancia hist\u00f3rica de la <strong data-start=\"4406\" data-end=\"4445\">Cl\u00ednica Nuestra Se\u00f1ora de Guadalupe<\/strong>, impulsada d\u00e9cadas atr\u00e1s por el padre <strong data-start=\"4484\" data-end=\"4500\">Jorge Nigsch<\/strong>, un espacio que lleg\u00f3 a ofrecer especialidades m\u00e9dicas a bajo costo y que convocaba pacientes desde Quito, Cuenca y otras provincias. Siendo la mayor beneficiada esta provincia.<\/p>\n<p data-start=\"4636\" data-end=\"4900\">Esta cl\u00ednica fue m\u00e1s que un servicio: fue un motor social, un referente de organizaci\u00f3n y solidaridad. Apostar por revitalizar iniciativas de este tipo ser\u00eda, hoy, una inversi\u00f3n no solo en salud, sino en la <strong data-start=\"4842\" data-end=\"4883\">reactivaci\u00f3n econ\u00f3mica y reputacional<\/strong> de la parroquia.<\/p>\n<h2 data-start=\"4907\" data-end=\"4971\"><strong data-start=\"4910\" data-end=\"4971\">Un mensaje para Guadalupe: identidad, trabajo y esperanza<\/strong><\/h2>\n<p data-start=\"5099\" data-end=\"5410\"><strong data-start=\"5099\" data-end=\"5410\">\u201cFelicito a todos quienes cada d\u00eda hacen patria en esta tierra. Que sigamos trabajando con fuerza, aportando con nuestras ideas y nuestras manos para construir un mejor futuro para nuestros hijos. Que este Guadalupe verde y productivo siga floreciendo y llenando de oportunidades a las nuevas generaciones.\u201d<\/strong><\/p>\n<p data-start=\"5412\" data-end=\"5705\">Invito a celebrar no solo en este aniversario, sino durante todo el a\u00f1o, con la energ\u00eda que nace del trabajo rural:<br data-start=\"5559\" data-end=\"5562\" \/><strong data-start=\"5562\" data-end=\"5705\">\u201c\u00a1Viva Guadalupe, viva nuestra gente, viva el sector productivo y viva la ruralidad y la ciudad, porque solo as\u00ed seremos un cant\u00f3n fuerte!\u201d<\/strong><\/p>\n","protected":false},"excerpt":{"rendered":"<p>Por:\u00a0Alcibar Lupercio Conmemorar los 58 a\u00f1os de parroquializaci\u00f3n de Guadalupe no es \u00fanicamente revisar un calendario institucional; es volver a escuchar el pulso \u00edntimo de una tierra que, desde sus or\u00edgenes, ha sabido construir su identidad entre r\u00edos intensos, monta\u00f1as de selva y la perseverancia de su gente. En esta ocasi\u00f3n, invitado por Radio Fama de Yantzaza, tuve el honor de compartir una mirada cr\u00edtica y afectiva sobre la historia, el presente y los desaf\u00edos que a\u00fan marcan la vida cotidiana de esta parroquia emblem\u00e1tica del cant\u00f3n Zamora, en la provincia de Zamora Chinchipe. La parroquia Guadalupe, cant\u00f3n Zamora, provincia de Zamora Chinchip, fue creada por ordenanza municipal el 27 de abril de 1967; su parroquializaci\u00f3n aparece publicada en el Registro Oficial N\u00ba 262 con fecha 28 de noviembre de 1967. \u201cGuadalupe es tierra de hombres y mujeres trabajadores, una parroquia que abre sus puertas a propios y extra\u00f1os y que festeja con orgullo su aniversario\u201d Infraestructura: avances valiosos, deudas pendientes Hablar del desarrollo de Guadalupe implica tambi\u00e9n hablar de las rutas que la conectan con el resto de la provincia. Sus 58 a\u00f1os de vida administrativa han sido testigos de esfuerzos importantes, pero tambi\u00e9n de postergaciones que hoy se vuelven insostenibles. Uno de los temas m\u00e1s urgentes es el estado cr\u00edtico de la v\u00eda La Saquea \u2013 Muchime, cuyos tramos presentan deterioro y compromete la seguridad de los usuarios. Cunetas colapsadas de maleza, baches constantes y tramos en riesgo exigen un mantenimiento inmediato, responsabilidad que recae a la prefectura. A esto se suman los parques olvidados, espacios que deber\u00edan ser el coraz\u00f3n social de los barrios, pero que hoy permanecen descuidados, pues, hacemos un llamado al municipio a ser mas eficientes. La deficiente recolecci\u00f3n de basura, que llega despu\u00e9s de varios d\u00edas o semanas, generando focos de insalubridad, mala imagen urbana y aumento del mosquito en dep\u00f3sitos improvisados. Una realidad que afecta especialmente a los ni\u00f1os y que contradice el derecho comunitario a vivir en entornos dignos. \u00a0 \u00a0 El proyecto de asfaltado La Saquea \u2013 Guaguayme Bajo \u2013 Guaguayme Alto, obra vital para seis barrios ubicados aguas arriba del r\u00edo Yacuambi, es otro ejemplo claro de una deuda que debe saldarse. Esta intervenci\u00f3n de 5 km, ejecutada bajo modalidad de administraci\u00f3n directa, que inici\u00f3 en julio de 2024 deb\u00eda estar concluida en 2025. Sin embargo, la obra avanza a medias. Desde este espacio hacemos un llamado respetuoso pero firme a la prefecta de Zamora Chinchipe, Ing. Karla Re\u00e1tegui, para que se cumplan los plazos y compromisos adquiridos: \u201cLas autoridades deben cumplir los plazos anunciados. El pueblo cree en sus autoridades cuando los proyectos se culminan en el tiempo planificado.\u201d La consolidaci\u00f3n de este tramo, junto con el segundo tramo hacia Cantzama, no solo mejorar\u00e1 la conectividad, sino que articular\u00e1 la producci\u00f3n, dinamizar\u00e1 el comercio y fortalecer\u00e1 la econom\u00eda de Guaguayme Bajo, San Juan, San Agust\u00edn, Guaguayme Alto, San Luis, Conchay, Cantzama Bajo y Cantzama Alto. El pulso econ\u00f3mico: diversidad, trabajo y necesidad de tecnificaci\u00f3n Guadalupe es un mosaico productivo. La labor diaria de su gente sostiene actividades tan diversas como: Cr\u00eda de rana y tilapia en Piuntza, con impacto incluso internacional. Muebler\u00edas y oficios artesanales que mantienen viva la tradici\u00f3n local. Ganader\u00eda, porcicultura y avicultura, pilares del abastecimiento rural. Agricultura diversificada, con yuca, pl\u00e1tano, ca\u00f1a y productos propios de la Amazon\u00eda. Miner\u00eda, que tambi\u00e9n marca el comportamiento econ\u00f3mico de la parroquia. Pese a ello, la falta de tecnificaci\u00f3n sigue siendo un l\u00edmite estructural. Falta avanzar en sistemas modernos de ganader\u00eda, animales menores, invernaderos y, sobre todo, capacitaci\u00f3n t\u00e9cnica continua para los productores. Se requiere una mirada conjunta del Gobierno Provincial y del Gobierno Nacional, capaz de traducirse en pol\u00edticas p\u00fablicas reales, m\u00e1s all\u00e1 de los proyectos aislados. La salud como memoria social: la Cl\u00ednica Nuestra Se\u00f1ora de Guadalupe Record\u00e9 tambi\u00e9n la importancia hist\u00f3rica de la Cl\u00ednica Nuestra Se\u00f1ora de Guadalupe, impulsada d\u00e9cadas atr\u00e1s por el padre Jorge Nigsch, un espacio que lleg\u00f3 a ofrecer especialidades m\u00e9dicas a bajo costo y que convocaba pacientes desde Quito, Cuenca y otras provincias. Siendo la mayor beneficiada esta provincia. Esta cl\u00ednica fue m\u00e1s que un servicio: fue un motor social, un referente de organizaci\u00f3n y solidaridad. Apostar por revitalizar iniciativas de este tipo ser\u00eda, hoy, una inversi\u00f3n no solo en salud, sino en la reactivaci\u00f3n econ\u00f3mica y reputacional de la parroquia. Un mensaje para Guadalupe: identidad, trabajo y esperanza \u201cFelicito a todos quienes cada d\u00eda hacen patria en esta tierra. Que sigamos trabajando con fuerza, aportando con nuestras ideas y nuestras manos para construir un mejor futuro para nuestros hijos. Que este Guadalupe verde y productivo siga floreciendo y llenando de oportunidades a las nuevas generaciones.\u201d Invito a celebrar no solo en este aniversario, sino durante todo el a\u00f1o, con la energ\u00eda que nace del trabajo rural:\u201c\u00a1Viva Guadalupe, viva nuestra gente, viva el sector productivo y viva la ruralidad y la ciudad, porque solo as\u00ed seremos un cant\u00f3n fuerte!\u201d<\/p>\n","protected":false},"author":1,"featured_media":27897,"comment_status":"closed","ping_status":"closed","sticky":false,"template":"","format":"standard","meta":{"footnotes":""},"categories":[243,7],"tags":[],"class_list":["post-27896","post","type-post","status-publish","format-standard","has-post-thumbnail","hentry","category-noticias-zamora","category-opinion"],"_links":{"self":[{"href":"https:\/\/www.elamazonico.com\/portal\/wp-json\/wp\/v2\/posts\/27896","targetHints":{"allow":["GET"]}}],"collection":[{"href":"https:\/\/www.elamazonico.com\/portal\/wp-json\/wp\/v2\/posts"}],"about":[{"href":"https:\/\/www.elamazonico.com\/portal\/wp-json\/wp\/v2\/types\/post"}],"author":[{"embeddable":true,"href":"https:\/\/www.elamazonico.com\/portal\/wp-json\/wp\/v2\/users\/1"}],"replies":[{"embeddable":true,"href":"https:\/\/www.elamazonico.com\/portal\/wp-json\/wp\/v2\/comments?post=27896"}],"version-history":[{"count":2,"href":"https:\/\/www.elamazonico.com\/portal\/wp-json\/wp\/v2\/posts\/27896\/revisions"}],"predecessor-version":[{"id":27901,"href":"https:\/\/www.elamazonico.com\/portal\/wp-json\/wp\/v2\/posts\/27896\/revisions\/27901"}],"wp:featuredmedia":[{"embeddable":true,"href":"https:\/\/www.elamazonico.com\/portal\/wp-json\/wp\/v2\/media\/27897"}],"wp:attachment":[{"href":"https:\/\/www.elamazonico.com\/portal\/wp-json\/wp\/v2\/media?parent=27896"}],"wp:term":[{"taxonomy":"category","embeddable":true,"href":"https:\/\/www.elamazonico.com\/portal\/wp-json\/wp\/v2\/categories?post=27896"},{"taxonomy":"post_tag","embeddable":true,"href":"https:\/\/www.elamazonico.com\/portal\/wp-json\/wp\/v2\/tags?post=27896"}],"curies":[{"name":"wp","href":"https:\/\/api.w.org\/{rel}","templated":true}]}}