{"id":27892,"date":"2025-11-30T13:24:19","date_gmt":"2025-11-30T18:24:19","guid":{"rendered":"https:\/\/www.elamazonico.com\/portal\/?p=27892"},"modified":"2025-11-30T13:24:19","modified_gmt":"2025-11-30T18:24:19","slug":"tce-admite-denuncia-en-contra-de-luisa-gonzalez-por-el-manejo-de-las-cuentas-de-campana-de-2023","status":"publish","type":"post","link":"https:\/\/www.elamazonico.com\/portal\/tce-admite-denuncia-en-contra-de-luisa-gonzalez-por-el-manejo-de-las-cuentas-de-campana-de-2023\/","title":{"rendered":"TCE admite denuncia en contra de Luisa Gonz\u00e1lez por el manejo de las cuentas de campa\u00f1a de 2023"},"content":{"rendered":"<div class=\"paragraph texto\">\n<p class=\"p_0\">Un juez del\u00a0<a href=\"https:\/\/www.vistazo.com\/cronologia\/-\/meta\/tribunal-contencioso-electoral\" target=\"_blank\" rel=\"noopener noreferrer\">Tribunal Contencioso Electoral (TCE)<\/a>\u00a0admiti\u00f3 a tr\u00e1mite una denuncia presentada por la presidenta del\u00a0<a href=\"https:\/\/www.vistazo.com\/cronologia\/-\/meta\/consejo-nacional-electoral\" target=\"_blank\" rel=\"noopener noreferrer\">Consejo Nacional Electoral (CNE)<\/a>,\u00a0<a href=\"https:\/\/www.vistazo.com\/cronologia\/-\/meta\/diana-atamaint\" target=\"_blank\" rel=\"noopener noreferrer\">Diana Atamaint<\/a>, en contra de la excandidata presidencial\u00a0<a href=\"https:\/\/www.vistazo.com\/cronologia\/-\/meta\/luisa-gonzalez\" target=\"_blank\" rel=\"noopener noreferrer\">Luisa Gonz\u00e1lez<\/a>\u00a0y miembros del movimiento corre\u00edsta R<a href=\"https:\/\/www.vistazo.com\/cronologia\/-\/meta\/revolucion-ciudadana\" target=\"_blank\" rel=\"noopener noreferrer\">evoluci\u00f3n Ciudadana (RC)<\/a>\u00a0por el manejo de las cuentas de campa\u00f1a de las\u00a0<a href=\"https:\/\/www.vistazo.com\/cronologia\/-\/meta\/elecciones-2023\" target=\"_blank\" rel=\"noopener noreferrer\">elecciones anticipadas de 2023<\/a>.<\/p>\n<p class=\"p_1\">Adem\u00e1s de Gonz\u00e1lez, en su calidad de representante legal de la RC, la denuncia incluye a Karina Zambrano, responsable del manejo econ\u00f3mico del partido; Francisco Hidalgo, jefe de campa\u00f1a; y a los candidatos principales y suplentes a asamble\u00edstas nacionales que se presentaron en esos comicios, entre los que est\u00e1\u00a0<a href=\"https:\/\/www.vistazo.com\/cronologia\/-\/meta\/pierina-correa\" target=\"_blank\" rel=\"noopener noreferrer\">Pierina Correa<\/a>, hermana del expresidente\u00a0<a href=\"https:\/\/www.vistazo.com\/cronologia\/-\/meta\/rafael-correa\" target=\"_blank\" rel=\"noopener noreferrer\">Rafael Correa<\/a> (2007-2017).<\/p>\n<p class=\"p_3\">Atamaint los denuncia por el cometimiento de una presunta infracci\u00f3n estipulada en el art\u00edculo 281 de la ley electoral, que se\u00f1ala que las organizaciones pol\u00edticas que no presenten los informes con las cuentas, el monto de los aportes recibidos, la naturaleza de los mismos, su origen, el listado de contribuyentes, su identificaci\u00f3n plena y respaldos de ingresos y egresos recibir\u00e1n una sanci\u00f3n que va desde una multa econ\u00f3mica a la suspensi\u00f3n de los derechos pol\u00edticos de dos a cuatro a\u00f1os.<\/p>\n<div class=\"Center2Display\">\n<div id=\"Center2\" data-google-query-id=\"CN_qrqS_mpEDFZUbHAAd-24CXw\">\n<div id=\"google_ads_iframe_\/21839199781\/Vistazo\/Vistazo_Center2_0__container__\">El juez Richard Gonz\u00e1lez admiti\u00f3 la denuncia el pasado viernes y convoc\u00f3 a las partes a una audiencia \u00fanica de pruebas y alegatos que se realizar\u00e1 el 7 de enero de 2026.<\/div>\n<\/div>\n<\/div>\n<p class=\"p_5\">A finales de octubre, el expresidente Correa ya hab\u00eda alertado de que el CNE los hab\u00eda denunciado ante el TCE con el supuesto objetivo de sancionarlos y eliminarlos como partido.<\/p>\n<p class=\"p_7\">Sin embargo, Atamaint se\u00f1al\u00f3 en ese entonces que se trataba de un procedimiento que se realiza a todas las organizaciones que tienen inconsistencias en sus cuentas de campa\u00f1a.<\/p>\n<\/div>\n<h2 class=\"h2vistazo\">La excandidata del corre\u00edsmo tacha de persecuci\u00f3n pol\u00edtica<\/h2>\n<div class=\"paragraph texto\">\n<p class=\"p_8\">Luisa Gonz\u00e1lez asegur\u00f3 este s\u00e1bado en su cuenta de X que el movimiento ha tenido que \u00abenfrentar las miserias de un CNE entregado al Gobierno y dedicado a perseguir a todos los oponentes pol\u00edticos\u00bb.<\/p>\n<p class=\"p_9\">El pasado mi\u00e9rcoles otro juez admiti\u00f3 a tr\u00e1mite una primera denuncia interpuesta por Atamaint en contra de Gonz\u00e1lez y de Andr\u00e9s Ara\u00faz, candidato a vicepresidente en esas mismas elecciones anticipadas de 2023, en las que gan\u00f3 el actual presidente,\u00a0<a href=\"https:\/\/www.vistazo.com\/cronologia\/-\/meta\/daniel-noboa\" target=\"_blank\" rel=\"noopener noreferrer\">Daniel Noboa<\/a>.<\/p>\n<p class=\"p_10\">Esa denuncia es por el manejo de las cuentas de campa\u00f1a del binomio presidencial, aunque el juez no defini\u00f3 a\u00fan la fecha de la audiencia. Fuente: Vistazo<\/p>\n<\/div>\n","protected":false},"excerpt":{"rendered":"<p>Un juez del\u00a0Tribunal Contencioso Electoral (TCE)\u00a0admiti\u00f3 a tr\u00e1mite una denuncia presentada por la presidenta del\u00a0Consejo Nacional Electoral (CNE),\u00a0Diana Atamaint, en contra de la excandidata presidencial\u00a0Luisa Gonz\u00e1lez\u00a0y miembros del movimiento corre\u00edsta Revoluci\u00f3n Ciudadana (RC)\u00a0por el manejo de las cuentas de campa\u00f1a de las\u00a0elecciones anticipadas de 2023. Adem\u00e1s de Gonz\u00e1lez, en su calidad de representante legal de la RC, la denuncia incluye a Karina Zambrano, responsable del manejo econ\u00f3mico del partido; Francisco Hidalgo, jefe de campa\u00f1a; y a los candidatos principales y suplentes a asamble\u00edstas nacionales que se presentaron en esos comicios, entre los que est\u00e1\u00a0Pierina Correa, hermana del expresidente\u00a0Rafael Correa (2007-2017). Atamaint los denuncia por el cometimiento de una presunta infracci\u00f3n estipulada en el art\u00edculo 281 de la ley electoral, que se\u00f1ala que las organizaciones pol\u00edticas que no presenten los informes con las cuentas, el monto de los aportes recibidos, la naturaleza de los mismos, su origen, el listado de contribuyentes, su identificaci\u00f3n plena y respaldos de ingresos y egresos recibir\u00e1n una sanci\u00f3n que va desde una multa econ\u00f3mica a la suspensi\u00f3n de los derechos pol\u00edticos de dos a cuatro a\u00f1os. El juez Richard Gonz\u00e1lez admiti\u00f3 la denuncia el pasado viernes y convoc\u00f3 a las partes a una audiencia \u00fanica de pruebas y alegatos que se realizar\u00e1 el 7 de enero de 2026. A finales de octubre, el expresidente Correa ya hab\u00eda alertado de que el CNE los hab\u00eda denunciado ante el TCE con el supuesto objetivo de sancionarlos y eliminarlos como partido. Sin embargo, Atamaint se\u00f1al\u00f3 en ese entonces que se trataba de un procedimiento que se realiza a todas las organizaciones que tienen inconsistencias en sus cuentas de campa\u00f1a. La excandidata del corre\u00edsmo tacha de persecuci\u00f3n pol\u00edtica Luisa Gonz\u00e1lez asegur\u00f3 este s\u00e1bado en su cuenta de X que el movimiento ha tenido que \u00abenfrentar las miserias de un CNE entregado al Gobierno y dedicado a perseguir a todos los oponentes pol\u00edticos\u00bb. El pasado mi\u00e9rcoles otro juez admiti\u00f3 a tr\u00e1mite una primera denuncia interpuesta por Atamaint en contra de Gonz\u00e1lez y de Andr\u00e9s Ara\u00faz, candidato a vicepresidente en esas mismas elecciones anticipadas de 2023, en las que gan\u00f3 el actual presidente,\u00a0Daniel Noboa. Esa denuncia es por el manejo de las cuentas de campa\u00f1a del binomio presidencial, aunque el juez no defini\u00f3 a\u00fan la fecha de la audiencia. Fuente: Vistazo<\/p>\n","protected":false},"author":1,"featured_media":27893,"comment_status":"closed","ping_status":"closed","sticky":false,"template":"","format":"standard","meta":{"footnotes":""},"categories":[268],"tags":[],"class_list":["post-27892","post","type-post","status-publish","format-standard","has-post-thumbnail","hentry","category-nacionales"],"_links":{"self":[{"href":"https:\/\/www.elamazonico.com\/portal\/wp-json\/wp\/v2\/posts\/27892","targetHints":{"allow":["GET"]}}],"collection":[{"href":"https:\/\/www.elamazonico.com\/portal\/wp-json\/wp\/v2\/posts"}],"about":[{"href":"https:\/\/www.elamazonico.com\/portal\/wp-json\/wp\/v2\/types\/post"}],"author":[{"embeddable":true,"href":"https:\/\/www.elamazonico.com\/portal\/wp-json\/wp\/v2\/users\/1"}],"replies":[{"embeddable":true,"href":"https:\/\/www.elamazonico.com\/portal\/wp-json\/wp\/v2\/comments?post=27892"}],"version-history":[{"count":1,"href":"https:\/\/www.elamazonico.com\/portal\/wp-json\/wp\/v2\/posts\/27892\/revisions"}],"predecessor-version":[{"id":27894,"href":"https:\/\/www.elamazonico.com\/portal\/wp-json\/wp\/v2\/posts\/27892\/revisions\/27894"}],"wp:featuredmedia":[{"embeddable":true,"href":"https:\/\/www.elamazonico.com\/portal\/wp-json\/wp\/v2\/media\/27893"}],"wp:attachment":[{"href":"https:\/\/www.elamazonico.com\/portal\/wp-json\/wp\/v2\/media?parent=27892"}],"wp:term":[{"taxonomy":"category","embeddable":true,"href":"https:\/\/www.elamazonico.com\/portal\/wp-json\/wp\/v2\/categories?post=27892"},{"taxonomy":"post_tag","embeddable":true,"href":"https:\/\/www.elamazonico.com\/portal\/wp-json\/wp\/v2\/tags?post=27892"}],"curies":[{"name":"wp","href":"https:\/\/api.w.org\/{rel}","templated":true}]}}