{"id":27886,"date":"2025-11-30T13:07:35","date_gmt":"2025-11-30T18:07:35","guid":{"rendered":"https:\/\/www.elamazonico.com\/portal\/?p=27886"},"modified":"2025-11-30T13:07:35","modified_gmt":"2025-11-30T18:07:35","slug":"las-candidaturas-y-el-control-de-la-revolucion-ciudadana-aumentan-la-division-entre-los-correistas","status":"publish","type":"post","link":"https:\/\/www.elamazonico.com\/portal\/las-candidaturas-y-el-control-de-la-revolucion-ciudadana-aumentan-la-division-entre-los-correistas\/","title":{"rendered":"Las candidaturas y el control de la Revoluci\u00f3n Ciudadana aumentan la divisi\u00f3n entre los corre\u00edstas"},"content":{"rendered":"<p>Despu\u00e9s de las fiestas de diciembre, la Revoluci\u00f3n Ciudadana (RC) entrar\u00e1 en un a\u00f1o decisivo para su futuro en la vida pol\u00edtica: debe elegir a su nuevo presidente nacional. Esto despu\u00e9s del fracaso de la doble candidatura de Luis Gonz\u00e1lez, quien adem\u00e1s ha estado a la cabeza de la agrupaci\u00f3n.<\/p>\n<p>Y aunque casa adentro lo nieguen, el malestar de varios cuadros al interior de la agrupaci\u00f3n, debido al manejo del movimiento por parte de ciertos l\u00edderes, es cada vez m\u00e1s p\u00fablico y notorio. Y el principal grupo que enfrenta esa discordia es el de las autoridades locales electas por la lista 5.<\/p>\n<p>Una primera evidencia sali\u00f3 a la luz con la carta que le enviaron al expresidente cuatro prefectos y un alcalde, para solicitar un espacio de di\u00e1logo. Despu\u00e9s de que Correa y Gonz\u00e1lez iniciaran una campa\u00f1a para descalificar los resultados electorales de 2025 bajo la sombra de un fraude que nunca lograron probar.<\/p>\n<p>Ese distanciamiento hab\u00eda sido evidente desde mucho antes, pero solo en ese momento se confirm\u00f3 que las cinco figuras consideraban que la RC vive una desconexi\u00f3n de los problemas profundos del pa\u00eds y que pon\u00edan en duda la direcci\u00f3n de Gonz\u00e1lez.<\/p>\n<p>Como es usual, esto desencaden\u00f3 la indignaci\u00f3n de Correa, que puso como tarima para la discusi\u00f3n a las redes sociales. Desde entonces las cosas no han mejorado. Y estos perfiles de la Revoluci\u00f3n han optado por mantener su rumbo individual, sin atreverse tampoco a optar por una desafiliaci\u00f3n.<\/p>\n<p>Y el problema es que ambos dependen mutuamente del otro. La mayor\u00eda de perfiles de la lista 5 no conseguir\u00edan mantener sus puestos sin el membrete corre\u00edsta y Correa, sin sus candidatos con m\u00e1s experiencia, no podr\u00eda ocupar espacios de poder en las siguientes elecciones.<\/p>\n<p>Sin embargo, al exmandatario parece no importarle incrementar esa brecha entre sus representantes locales. Correa no ha tardado en lanzar cr\u00edticas p\u00fablicas en ning\u00fan caso y los dem\u00e1s tambi\u00e9n mantienen la tradici\u00f3n de exponer sus diferencias:<\/p>\n<p>\u00abMe opondr\u00e9 a cualquier candidato tibio\u00bb, dijo Correa tras el anuncio de Pabel Mu\u00f1oz de buscar la reelecci\u00f3n de la alcald\u00eda de Quito.<br \/>\n\u00abSi esto se acepta, soy yo el que estoy de m\u00e1s\u00bb, amenaz\u00f3 Correa tras la reuni\u00f3n entre Marcela Agui\u00f1aga y Lourdes Tib\u00e1n y le quit\u00f3 el respaldo para la reelecci\u00f3n a la Prefectura de Guayas.<\/p>\n<p>Luisa Gonz\u00e1lez dijo p\u00fablicamente que \u00abmuchas autoridades no deber\u00edan repetir como candidatos\u00bb, refiri\u00e9ndose a Agui\u00f1aga y Aquiles Alvarez.<br \/>\nMientras que Alvarez le pidi\u00f3 a la excandidata presidencial que se tranquilice.<\/p>\n<p>Agui\u00f1aga fustig\u00f3 a Gonz\u00e1lez dici\u00e9ndole que \u00abquisiera que vivas lo que significa ganar una seccional\u00bb.<br \/>\nEstas escenas en la tarima digital refuerzan la tradici\u00f3n del corre\u00edsmo de no resolver sus pugnas a lo interno y ratifican que el debate dentro de la organizaci\u00f3n no existe, corroborando lo que han dicho quienes abandonan el movimiento o son declarados traidores.<\/p>\n<p>Y justamente eso es lo que estar\u00e1 en juego en la elecci\u00f3n del pr\u00f3ximo presidente nacional de la agrupaci\u00f3n, en la convenci\u00f3n que se realizar\u00e1 en enero, para nombrar al sucesor de Gonz\u00e1lez y acordar el futuro del movimiento.<\/p>\n<p>Sin embargo, pese a que la Revoluci\u00f3n Ciudadana tiene como ventaja contar con m\u00e1s perfiles que todos los dem\u00e1s partidos pol\u00edticos, el \u00fanico nombre que se ha anunciado ha sido el de\u00a0Felipe Vega de la Cuadra, considerado un leal aliado de Rafael Correa, pero que no ha estado p\u00fablicamente en las filas del movimiento desde hace mucho tiempo.<\/p>\n<p>Esto refleja otro problema, que pese a captar cuadros j\u00f3venes y evidenciar en las elecciones nacionales los cambios que exige el electorado, el corre\u00edsmo sigue atorado en la fidelidad a su m\u00e1ximo l\u00edder y no en la renovaci\u00f3n de propuestas y estrategias.<\/p>\n<p>Pero quien sea que encabece el pr\u00f3ximo bur\u00f3 del movimiento deber\u00e1 enfrentarse al reto de canalizar la selecci\u00f3n de miles de candidatos para las elecciones locales de 2027. Esos resultados definir\u00e1n la supervivencia de la que fue la mayor fuerza pol\u00edtica del pa\u00eds hasta 2017, que podr\u00eda recuperar espacios o desaparecer del mapa electoral.<\/p>\n<p><strong>Un contexto que no cambia<\/strong><br \/>\nEl corre\u00edsmo enfrenta su peor momento desde su renacimiento, en agosto de 2021, cuando se apropi\u00f3 de la lista 5, antes inscrita como Fuerza Compromiso Social. Ese movimiento les ha permitido participar bajo una bandera propia en las elecciones seccionales de febrero 2023, las extraordinarias de agosto de 2023, y las presidenciales de 2025.<\/p>\n<p>Sin embargo, su popularidad electoral ha ido disminuyendo, especialmente con los constantes esc\u00e1ndalos de corrupci\u00f3n que rodean a sus principales figuras y a muchos de sus antiguos cuadros y aliados, con los que compartieron el poder entre 2007 y 2017.<\/p>\n<p>Pero, pese a ello, la tendencia pol\u00edtica mantiene todav\u00eda una base electoral representativa, especialmente en comparaci\u00f3n a la mayor\u00eda de agrupaciones pol\u00edticas nacionales que agonizan en su intento de sobrevivir a los ciclos electorales. Y esto le ha permitido mantener espacios en la Asamblea Nacional y en los gobiernos locales.<\/p>\n<p>Por ejemplo, en 2023 lograron quedarse con las alcald\u00edas de Quito, Guayaquil, Santo Domingo y Esmeraldas y las prefecturas de Pichincha, Guayas, Manab\u00ed, Azuay, Imbabura, Sucumb\u00edos. A esto sumaron despu\u00e9s 67 curules legislativas en 2025.<\/p>\n<p>No obstante, toda esa representaci\u00f3n pol\u00edtica ha ido diluy\u00e9ndose. Y el factor com\u00fan en la mayor\u00eda de disputas internas son los choques con su presidente vitalicio y l\u00edder hist\u00f3rico, Rafael Correa.\u00a0Con el que varios miembros de la Revoluci\u00f3n han preferido mantener distancia.<\/p>\n<p>M\u00e1s all\u00e1 de que la bancada corre\u00edsta ha ido perdiendo miembros y hay lealtades cuestionadas, el exmandatario ha mantenido una f\u00e9rrea defensa de la que escogi\u00f3 como su heredera, pese al fracaso que tuvo en la direcci\u00f3n de la Revoluci\u00f3n Ciudadana.<\/p>\n<p>Y gran parte de los resultados electorales negativos, en las \u00faltimas dos presidenciales, se debi\u00f3 justamente a que Luisa Gonz\u00e1lez mantuvo las mismas l\u00edneas de Correa, sin emitir ni un solo criterio que difiriese del suyo. Lo que la llev\u00f3 a sostener, por ejemplo, el reconocimiento del vilipendiado Nicol\u00e1s Maduro.<\/p>\n<p>En eso tambi\u00e9n ha contribuido el mismo expresidente, con cada estallido en redes sociales, que pon\u00eda en apuros a los militantes de la lista 5 que permanecen en Ecuador y que ocupan espacios de poder. La magnitud de ese problema fue corroborada con la difusi\u00f3n de los chats del caso \u00abligados\u00bb, donde algunos j\u00f3venes perfiles de la Revoluci\u00f3n ped\u00edan que alguien le quite el tel\u00e9fono a su l\u00edder. Fuente: Primicias<\/p>\n","protected":false},"excerpt":{"rendered":"<p>Despu\u00e9s de las fiestas de diciembre, la Revoluci\u00f3n Ciudadana (RC) entrar\u00e1 en un a\u00f1o decisivo para su futuro en la vida pol\u00edtica: debe elegir a su nuevo presidente nacional. Esto despu\u00e9s del fracaso de la doble candidatura de Luis Gonz\u00e1lez, quien adem\u00e1s ha estado a la cabeza de la agrupaci\u00f3n. Y aunque casa adentro lo nieguen, el malestar de varios cuadros al interior de la agrupaci\u00f3n, debido al manejo del movimiento por parte de ciertos l\u00edderes, es cada vez m\u00e1s p\u00fablico y notorio. Y el principal grupo que enfrenta esa discordia es el de las autoridades locales electas por la lista 5. Una primera evidencia sali\u00f3 a la luz con la carta que le enviaron al expresidente cuatro prefectos y un alcalde, para solicitar un espacio de di\u00e1logo. Despu\u00e9s de que Correa y Gonz\u00e1lez iniciaran una campa\u00f1a para descalificar los resultados electorales de 2025 bajo la sombra de un fraude que nunca lograron probar. Ese distanciamiento hab\u00eda sido evidente desde mucho antes, pero solo en ese momento se confirm\u00f3 que las cinco figuras consideraban que la RC vive una desconexi\u00f3n de los problemas profundos del pa\u00eds y que pon\u00edan en duda la direcci\u00f3n de Gonz\u00e1lez. Como es usual, esto desencaden\u00f3 la indignaci\u00f3n de Correa, que puso como tarima para la discusi\u00f3n a las redes sociales. Desde entonces las cosas no han mejorado. Y estos perfiles de la Revoluci\u00f3n han optado por mantener su rumbo individual, sin atreverse tampoco a optar por una desafiliaci\u00f3n. Y el problema es que ambos dependen mutuamente del otro. La mayor\u00eda de perfiles de la lista 5 no conseguir\u00edan mantener sus puestos sin el membrete corre\u00edsta y Correa, sin sus candidatos con m\u00e1s experiencia, no podr\u00eda ocupar espacios de poder en las siguientes elecciones. Sin embargo, al exmandatario parece no importarle incrementar esa brecha entre sus representantes locales. Correa no ha tardado en lanzar cr\u00edticas p\u00fablicas en ning\u00fan caso y los dem\u00e1s tambi\u00e9n mantienen la tradici\u00f3n de exponer sus diferencias: \u00abMe opondr\u00e9 a cualquier candidato tibio\u00bb, dijo Correa tras el anuncio de Pabel Mu\u00f1oz de buscar la reelecci\u00f3n de la alcald\u00eda de Quito. \u00abSi esto se acepta, soy yo el que estoy de m\u00e1s\u00bb, amenaz\u00f3 Correa tras la reuni\u00f3n entre Marcela Agui\u00f1aga y Lourdes Tib\u00e1n y le quit\u00f3 el respaldo para la reelecci\u00f3n a la Prefectura de Guayas. Luisa Gonz\u00e1lez dijo p\u00fablicamente que \u00abmuchas autoridades no deber\u00edan repetir como candidatos\u00bb, refiri\u00e9ndose a Agui\u00f1aga y Aquiles Alvarez. Mientras que Alvarez le pidi\u00f3 a la excandidata presidencial que se tranquilice. Agui\u00f1aga fustig\u00f3 a Gonz\u00e1lez dici\u00e9ndole que \u00abquisiera que vivas lo que significa ganar una seccional\u00bb. Estas escenas en la tarima digital refuerzan la tradici\u00f3n del corre\u00edsmo de no resolver sus pugnas a lo interno y ratifican que el debate dentro de la organizaci\u00f3n no existe, corroborando lo que han dicho quienes abandonan el movimiento o son declarados traidores. Y justamente eso es lo que estar\u00e1 en juego en la elecci\u00f3n del pr\u00f3ximo presidente nacional de la agrupaci\u00f3n, en la convenci\u00f3n que se realizar\u00e1 en enero, para nombrar al sucesor de Gonz\u00e1lez y acordar el futuro del movimiento. Sin embargo, pese a que la Revoluci\u00f3n Ciudadana tiene como ventaja contar con m\u00e1s perfiles que todos los dem\u00e1s partidos pol\u00edticos, el \u00fanico nombre que se ha anunciado ha sido el de\u00a0Felipe Vega de la Cuadra, considerado un leal aliado de Rafael Correa, pero que no ha estado p\u00fablicamente en las filas del movimiento desde hace mucho tiempo. Esto refleja otro problema, que pese a captar cuadros j\u00f3venes y evidenciar en las elecciones nacionales los cambios que exige el electorado, el corre\u00edsmo sigue atorado en la fidelidad a su m\u00e1ximo l\u00edder y no en la renovaci\u00f3n de propuestas y estrategias. Pero quien sea que encabece el pr\u00f3ximo bur\u00f3 del movimiento deber\u00e1 enfrentarse al reto de canalizar la selecci\u00f3n de miles de candidatos para las elecciones locales de 2027. Esos resultados definir\u00e1n la supervivencia de la que fue la mayor fuerza pol\u00edtica del pa\u00eds hasta 2017, que podr\u00eda recuperar espacios o desaparecer del mapa electoral. Un contexto que no cambia El corre\u00edsmo enfrenta su peor momento desde su renacimiento, en agosto de 2021, cuando se apropi\u00f3 de la lista 5, antes inscrita como Fuerza Compromiso Social. Ese movimiento les ha permitido participar bajo una bandera propia en las elecciones seccionales de febrero 2023, las extraordinarias de agosto de 2023, y las presidenciales de 2025. Sin embargo, su popularidad electoral ha ido disminuyendo, especialmente con los constantes esc\u00e1ndalos de corrupci\u00f3n que rodean a sus principales figuras y a muchos de sus antiguos cuadros y aliados, con los que compartieron el poder entre 2007 y 2017. Pero, pese a ello, la tendencia pol\u00edtica mantiene todav\u00eda una base electoral representativa, especialmente en comparaci\u00f3n a la mayor\u00eda de agrupaciones pol\u00edticas nacionales que agonizan en su intento de sobrevivir a los ciclos electorales. Y esto le ha permitido mantener espacios en la Asamblea Nacional y en los gobiernos locales. Por ejemplo, en 2023 lograron quedarse con las alcald\u00edas de Quito, Guayaquil, Santo Domingo y Esmeraldas y las prefecturas de Pichincha, Guayas, Manab\u00ed, Azuay, Imbabura, Sucumb\u00edos. A esto sumaron despu\u00e9s 67 curules legislativas en 2025. No obstante, toda esa representaci\u00f3n pol\u00edtica ha ido diluy\u00e9ndose. Y el factor com\u00fan en la mayor\u00eda de disputas internas son los choques con su presidente vitalicio y l\u00edder hist\u00f3rico, Rafael Correa.\u00a0Con el que varios miembros de la Revoluci\u00f3n han preferido mantener distancia. M\u00e1s all\u00e1 de que la bancada corre\u00edsta ha ido perdiendo miembros y hay lealtades cuestionadas, el exmandatario ha mantenido una f\u00e9rrea defensa de la que escogi\u00f3 como su heredera, pese al fracaso que tuvo en la direcci\u00f3n de la Revoluci\u00f3n Ciudadana. Y gran parte de los resultados electorales negativos, en las \u00faltimas dos presidenciales, se debi\u00f3 justamente a que Luisa Gonz\u00e1lez mantuvo las mismas l\u00edneas de Correa, sin emitir ni un solo criterio que difiriese del suyo. Lo que la llev\u00f3 a sostener, por ejemplo, el reconocimiento del vilipendiado Nicol\u00e1s Maduro. En eso tambi\u00e9n ha contribuido el mismo expresidente, con cada estallido en redes sociales, que pon\u00eda en apuros a<\/p>\n","protected":false},"author":1,"featured_media":27887,"comment_status":"closed","ping_status":"closed","sticky":false,"template":"","format":"standard","meta":{"footnotes":""},"categories":[268],"tags":[],"class_list":["post-27886","post","type-post","status-publish","format-standard","has-post-thumbnail","hentry","category-nacionales"],"_links":{"self":[{"href":"https:\/\/www.elamazonico.com\/portal\/wp-json\/wp\/v2\/posts\/27886","targetHints":{"allow":["GET"]}}],"collection":[{"href":"https:\/\/www.elamazonico.com\/portal\/wp-json\/wp\/v2\/posts"}],"about":[{"href":"https:\/\/www.elamazonico.com\/portal\/wp-json\/wp\/v2\/types\/post"}],"author":[{"embeddable":true,"href":"https:\/\/www.elamazonico.com\/portal\/wp-json\/wp\/v2\/users\/1"}],"replies":[{"embeddable":true,"href":"https:\/\/www.elamazonico.com\/portal\/wp-json\/wp\/v2\/comments?post=27886"}],"version-history":[{"count":1,"href":"https:\/\/www.elamazonico.com\/portal\/wp-json\/wp\/v2\/posts\/27886\/revisions"}],"predecessor-version":[{"id":27888,"href":"https:\/\/www.elamazonico.com\/portal\/wp-json\/wp\/v2\/posts\/27886\/revisions\/27888"}],"wp:featuredmedia":[{"embeddable":true,"href":"https:\/\/www.elamazonico.com\/portal\/wp-json\/wp\/v2\/media\/27887"}],"wp:attachment":[{"href":"https:\/\/www.elamazonico.com\/portal\/wp-json\/wp\/v2\/media?parent=27886"}],"wp:term":[{"taxonomy":"category","embeddable":true,"href":"https:\/\/www.elamazonico.com\/portal\/wp-json\/wp\/v2\/categories?post=27886"},{"taxonomy":"post_tag","embeddable":true,"href":"https:\/\/www.elamazonico.com\/portal\/wp-json\/wp\/v2\/tags?post=27886"}],"curies":[{"name":"wp","href":"https:\/\/api.w.org\/{rel}","templated":true}]}}