{"id":27882,"date":"2025-12-01T04:10:56","date_gmt":"2025-12-01T09:10:56","guid":{"rendered":"https:\/\/www.elamazonico.com\/portal\/?p=27882"},"modified":"2025-11-30T12:57:27","modified_gmt":"2025-11-30T17:57:27","slug":"guadalupe-reconoce-al-deportista-juan-pablo-gonzalez-en-la-celebracion-de-sus-58-anos-de-parroquializacion","status":"publish","type":"post","link":"https:\/\/www.elamazonico.com\/portal\/guadalupe-reconoce-al-deportista-juan-pablo-gonzalez-en-la-celebracion-de-sus-58-anos-de-parroquializacion\/","title":{"rendered":"Guadalupe reconoce al deportista Juan Pablo Gonz\u00e1lez en la celebraci\u00f3n de sus 58 a\u00f1os de parroquializaci\u00f3n"},"content":{"rendered":"<p>En el marco de la conmemoraci\u00f3n por los 58 a\u00f1os de parroquializaci\u00f3n de Guadalupe, el Gobierno Aut\u00f3nomo Descentralizado Parroquial realiz\u00f3 un emotivo acto de reconocimiento a j\u00f3venes deportistas destacados de la comunidad. Entre ellos, sobresali\u00f3 la trayectoria del joven Juan Pablo Gonz\u00e1lez, de 12 a\u00f1os, quien ha llevado el nombre de la parroquia y de la provincia a competencias nacionales e internacionales en la disciplina de tenis de mesa.<\/p>\n<p>Durante el evento, la autoridad parroquial entreg\u00f3 un reconocimiento especial a Juan Pablo, destacando su constancia, disciplina y proyecci\u00f3n deportiva. El acto cont\u00f3 con la presencia de autoridades locales y provinciales, quienes coincidieron en que estos homenajes motivan a la ni\u00f1ez y juventud a continuar esforz\u00e1ndose y avanzar con pasos firmes en su formaci\u00f3n deportiva.<\/p>\n<p><strong>Trayectoria deportiva de Juan Pablo Gonz\u00e1lez<\/strong><br \/>\n<strong>A\u00f1o 2023<\/strong><br \/>\n\u2022 Medalla de plata \u2013 Campeonato Nacional Sub-11, Portoviejo.<br \/>\n\u2022 Medalla de plata \u2013 Campeonato Nacional Sub-11, Quito.<br \/>\n\u2022 Medalla de bronce \u2013 Juegos Deportivos Nacionales, Guayaquil.<br \/>\n<strong>A\u00f1o 2024<\/strong><br \/>\n\u2022 Medalla de oro \u2013 Campeonato Nacional Sub-13, Cuenca.<br \/>\n\u2022 Medalla de oro \u2013 Grand Prix Sub-13, Cuenca.<br \/>\n\u2022 Seleccionado del Ecuador \u2013 Categor\u00eda Sub-13.<br \/>\n\u2022 Destacada participaci\u00f3n en los Juegos Sudamericanos (Bolivia).<br \/>\n\u2022 Participaci\u00f3n en los Juegos Panamericanos (Rep\u00fablica Dominicana).<br \/>\n<strong>A\u00f1o 2025<\/strong><br \/>\n\u2022 Medalla de oro \u2013 Grand Prix Sub-13, Cuenca.<br \/>\n\u2022 Medalla de plata \u2013 Grand Prix Sub-15, Cuenca.<br \/>\n\u2022 Medalla de oro \u2013 Campeonato Nacional Sub-13, Loja.<br \/>\n\u2022 Seleccionado del Ecuador \u2013 Categor\u00eda Sub-13.<br \/>\n\u2022 Medalla de bronce \u2013 Juegos Panamericanos, Guatemala.<\/p>\n<p>Juan Pablo expres\u00f3 su agradecimiento por el reconocimiento recibido y afirm\u00f3 que este gesto lo impulsa a seguir entrenando con mayor dedicaci\u00f3n: \u201cMe siento muy feliz. Este reconocimiento me motiva a seguir representando a mi provincia y a mi pa\u00eds. Mi mensaje para los ni\u00f1os es que luchen por sus metas. Si alg\u00fan d\u00eda caen, que se levanten y sigan adelante\u201d.<\/p>\n<p>El joven atleta relat\u00f3 que inici\u00f3 en el tenis de mesa influenciado por su hermano. Actualmente entrena diariamente tres horas y combina sus estudios en la Unidad Educativa 12 de Febrero con su formaci\u00f3n deportiva. Reconoci\u00f3 adem\u00e1s el apoyo de sus padres, \u00c1ngel Gonz\u00e1lez, as\u00ed como el respaldo de la empresa privada, especialmente de Marcelo Santos y Marlon Cruz, quienes han contribuido con la implementaci\u00f3n deportiva necesaria para su desarrollo.<\/p>\n<p>El acto parroquial tambi\u00e9n incluy\u00f3 homenajes a otros ni\u00f1os y j\u00f3venes que se destacan en diversas disciplinas deportivas. Las autoridades resaltaron la importancia de impulsar estos espacios, que reconocen el talento sin distinciones y fortalecen la formaci\u00f3n integral de la juventud guadalupana.<\/p>\n<p>Asimismo, se evoc\u00f3 la memoria deportiva de figuras hist\u00f3ricas de la parroquia que han representado a Zamora Chinchipe a nivel nacional e internacional, como Pepe D\u00e1vila, Augusto D\u00e1vila y Germ\u00e1n Jim\u00e9nez, cuyos aportes contin\u00faan inspirando a las nuevas generaciones.<\/p>\n<p>El evento dej\u00f3 en evidencia el compromiso de la parroquia por fomentar el deporte como un eje fundamental para el desarrollo social y comunitario. Las autoridades reiteraron su apertura para acompa\u00f1ar el crecimiento de los j\u00f3venes talentos, promoviendo valores como la perseverancia, la solidaridad y el esfuerzo colectivo.<\/p>\n","protected":false},"excerpt":{"rendered":"<p>En el marco de la conmemoraci\u00f3n por los 58 a\u00f1os de parroquializaci\u00f3n de Guadalupe, el Gobierno Aut\u00f3nomo Descentralizado Parroquial realiz\u00f3 un emotivo acto de reconocimiento a j\u00f3venes deportistas destacados de la comunidad. Entre ellos, sobresali\u00f3 la trayectoria del joven Juan Pablo Gonz\u00e1lez, de 12 a\u00f1os, quien ha llevado el nombre de la parroquia y de la provincia a competencias nacionales e internacionales en la disciplina de tenis de mesa. Durante el evento, la autoridad parroquial entreg\u00f3 un reconocimiento especial a Juan Pablo, destacando su constancia, disciplina y proyecci\u00f3n deportiva. El acto cont\u00f3 con la presencia de autoridades locales y provinciales, quienes coincidieron en que estos homenajes motivan a la ni\u00f1ez y juventud a continuar esforz\u00e1ndose y avanzar con pasos firmes en su formaci\u00f3n deportiva. Trayectoria deportiva de Juan Pablo Gonz\u00e1lez A\u00f1o 2023 \u2022 Medalla de plata \u2013 Campeonato Nacional Sub-11, Portoviejo. \u2022 Medalla de plata \u2013 Campeonato Nacional Sub-11, Quito. \u2022 Medalla de bronce \u2013 Juegos Deportivos Nacionales, Guayaquil. A\u00f1o 2024 \u2022 Medalla de oro \u2013 Campeonato Nacional Sub-13, Cuenca. \u2022 Medalla de oro \u2013 Grand Prix Sub-13, Cuenca. \u2022 Seleccionado del Ecuador \u2013 Categor\u00eda Sub-13. \u2022 Destacada participaci\u00f3n en los Juegos Sudamericanos (Bolivia). \u2022 Participaci\u00f3n en los Juegos Panamericanos (Rep\u00fablica Dominicana). A\u00f1o 2025 \u2022 Medalla de oro \u2013 Grand Prix Sub-13, Cuenca. \u2022 Medalla de plata \u2013 Grand Prix Sub-15, Cuenca. \u2022 Medalla de oro \u2013 Campeonato Nacional Sub-13, Loja. \u2022 Seleccionado del Ecuador \u2013 Categor\u00eda Sub-13. \u2022 Medalla de bronce \u2013 Juegos Panamericanos, Guatemala. Juan Pablo expres\u00f3 su agradecimiento por el reconocimiento recibido y afirm\u00f3 que este gesto lo impulsa a seguir entrenando con mayor dedicaci\u00f3n: \u201cMe siento muy feliz. Este reconocimiento me motiva a seguir representando a mi provincia y a mi pa\u00eds. Mi mensaje para los ni\u00f1os es que luchen por sus metas. Si alg\u00fan d\u00eda caen, que se levanten y sigan adelante\u201d. El joven atleta relat\u00f3 que inici\u00f3 en el tenis de mesa influenciado por su hermano. Actualmente entrena diariamente tres horas y combina sus estudios en la Unidad Educativa 12 de Febrero con su formaci\u00f3n deportiva. Reconoci\u00f3 adem\u00e1s el apoyo de sus padres, \u00c1ngel Gonz\u00e1lez, as\u00ed como el respaldo de la empresa privada, especialmente de Marcelo Santos y Marlon Cruz, quienes han contribuido con la implementaci\u00f3n deportiva necesaria para su desarrollo. El acto parroquial tambi\u00e9n incluy\u00f3 homenajes a otros ni\u00f1os y j\u00f3venes que se destacan en diversas disciplinas deportivas. Las autoridades resaltaron la importancia de impulsar estos espacios, que reconocen el talento sin distinciones y fortalecen la formaci\u00f3n integral de la juventud guadalupana. Asimismo, se evoc\u00f3 la memoria deportiva de figuras hist\u00f3ricas de la parroquia que han representado a Zamora Chinchipe a nivel nacional e internacional, como Pepe D\u00e1vila, Augusto D\u00e1vila y Germ\u00e1n Jim\u00e9nez, cuyos aportes contin\u00faan inspirando a las nuevas generaciones. El evento dej\u00f3 en evidencia el compromiso de la parroquia por fomentar el deporte como un eje fundamental para el desarrollo social y comunitario. Las autoridades reiteraron su apertura para acompa\u00f1ar el crecimiento de los j\u00f3venes talentos, promoviendo valores como la perseverancia, la solidaridad y el esfuerzo colectivo.<\/p>\n","protected":false},"author":1,"featured_media":27883,"comment_status":"closed","ping_status":"closed","sticky":false,"template":"","format":"standard","meta":{"footnotes":""},"categories":[243],"tags":[],"class_list":["post-27882","post","type-post","status-publish","format-standard","has-post-thumbnail","hentry","category-noticias-zamora"],"_links":{"self":[{"href":"https:\/\/www.elamazonico.com\/portal\/wp-json\/wp\/v2\/posts\/27882","targetHints":{"allow":["GET"]}}],"collection":[{"href":"https:\/\/www.elamazonico.com\/portal\/wp-json\/wp\/v2\/posts"}],"about":[{"href":"https:\/\/www.elamazonico.com\/portal\/wp-json\/wp\/v2\/types\/post"}],"author":[{"embeddable":true,"href":"https:\/\/www.elamazonico.com\/portal\/wp-json\/wp\/v2\/users\/1"}],"replies":[{"embeddable":true,"href":"https:\/\/www.elamazonico.com\/portal\/wp-json\/wp\/v2\/comments?post=27882"}],"version-history":[{"count":1,"href":"https:\/\/www.elamazonico.com\/portal\/wp-json\/wp\/v2\/posts\/27882\/revisions"}],"predecessor-version":[{"id":27884,"href":"https:\/\/www.elamazonico.com\/portal\/wp-json\/wp\/v2\/posts\/27882\/revisions\/27884"}],"wp:featuredmedia":[{"embeddable":true,"href":"https:\/\/www.elamazonico.com\/portal\/wp-json\/wp\/v2\/media\/27883"}],"wp:attachment":[{"href":"https:\/\/www.elamazonico.com\/portal\/wp-json\/wp\/v2\/media?parent=27882"}],"wp:term":[{"taxonomy":"category","embeddable":true,"href":"https:\/\/www.elamazonico.com\/portal\/wp-json\/wp\/v2\/categories?post=27882"},{"taxonomy":"post_tag","embeddable":true,"href":"https:\/\/www.elamazonico.com\/portal\/wp-json\/wp\/v2\/tags?post=27882"}],"curies":[{"name":"wp","href":"https:\/\/api.w.org\/{rel}","templated":true}]}}