{"id":27375,"date":"2025-10-31T11:26:10","date_gmt":"2025-10-31T16:26:10","guid":{"rendered":"https:\/\/www.elamazonico.com\/portal\/?p=27375"},"modified":"2025-10-31T11:26:10","modified_gmt":"2025-10-31T16:26:10","slug":"la-provincia-de-loja-se-prepara-para-recibir-a-miles-de-turistas-durante-el-feriado-de-noviembre","status":"publish","type":"post","link":"https:\/\/www.elamazonico.com\/portal\/la-provincia-de-loja-se-prepara-para-recibir-a-miles-de-turistas-durante-el-feriado-de-noviembre\/","title":{"rendered":"La provincia de Loja se prepara para recibir a miles de turistas durante el feriado de noviembre"},"content":{"rendered":"<p>En una entrevista concedida a Multicanal Catamayo, el presidente de la Mesa Tur\u00edstica de Loja, S\u00f3crates Carri\u00f3n, inform\u00f3 que la provincia se encuentra lista para recibir a miles de visitantes durante el feriado nacional que inicia este 1 de noviembre, fecha en la que se conmemoran el D\u00eda de los Difuntos y la Independencia de Cuenca.<\/p>\n<p>Carri\u00f3n destac\u00f3 que la Mesa Tur\u00edstica de Loja, en coordinaci\u00f3n con los diferentes actores del sector tur\u00edstico, autoridades locales y representantes de la empresa p\u00fablica y privada, ha venido ejecutando una serie de acciones destinadas a garantizar una atenci\u00f3n de calidad y una experiencia segura para los turistas que llegar\u00e1n a los distintos cantones.<\/p>\n<p>\u201cEste a\u00f1o estamos muy entusiasmados; la expectativa es alta porque se trata de un feriado muy importante para el pa\u00eds. Queremos que nuestra provincia est\u00e9 preparada para recibir a cientos, y ojal\u00e1 miles, de turistas. Es fundamental que todos los sectores \u2014p\u00fablicos y privados\u2014 trabajemos juntos para brindar un servicio de calidad\u201d, expres\u00f3 Carri\u00f3n.<\/p>\n<p>El representante del sector tur\u00edstico enfatiz\u00f3 que, adem\u00e1s de la infraestructura hotelera y gastron\u00f3mica, se ha promovido la preservaci\u00f3n de las tradiciones culturales y gastron\u00f3micas que caracterizan a Loja, como los festivales de la colada morada, las guaguas de pan y la cecina, considerados expresiones \u00fanicas del patrimonio inmaterial de la regi\u00f3n. \u201cNo podemos dejar morir nuestras tradiciones; el rescate de la cultura es tambi\u00e9n el fortalecimiento de nuestra identidad\u201d, subray\u00f3 el presidente de la Mesa Tur\u00edstica.<\/p>\n<p>Durante la entrevista, Carri\u00f3n resalt\u00f3 la amplia oferta tur\u00edstica de la provincia, que combina naturaleza, cultura, fe y gastronom\u00eda. Mencion\u00f3, entre los destinos m\u00e1s atractivos, al cant\u00f3n Catamayo, reconocido por su clima c\u00e1lido, hospitalidad y variedad culinaria, as\u00ed como por ser sede de importantes manifestaciones religiosas y culturales.<\/p>\n<p>Asimismo, invit\u00f3 a los turistas nacionales y extranjeros a visitar Loja y descubrir sus encantos durante el feriado, haciendo hincapi\u00e9 en que la llegada de visitantes representa un importante impulso para la reactivaci\u00f3n econ\u00f3mica local. \u201cCatamayo nos espera con los brazos abiertos. Este feriado ser\u00e1 especial, porque adem\u00e1s contaremos con la presencia de nuestra Virgencita del Cisne, patrona de Loja, quien bendecir\u00e1 a los visitantes y a nuestros pueblos\u201d, concluy\u00f3 Carri\u00f3n.<\/p>\n<p>Con estas iniciativas, la Mesa Tur\u00edstica de Loja reafirma su compromiso con el fortalecimiento del turismo sostenible y cultural, promoviendo la hospitalidad, el emprendimiento y la identidad de la provincia como uno de los principales destinos del sur del Ecuador.<\/p>\n","protected":false},"excerpt":{"rendered":"<p>En una entrevista concedida a Multicanal Catamayo, el presidente de la Mesa Tur\u00edstica de Loja, S\u00f3crates Carri\u00f3n, inform\u00f3 que la provincia se encuentra lista para recibir a miles de visitantes durante el feriado nacional que inicia este 1 de noviembre, fecha en la que se conmemoran el D\u00eda de los Difuntos y la Independencia de Cuenca. Carri\u00f3n destac\u00f3 que la Mesa Tur\u00edstica de Loja, en coordinaci\u00f3n con los diferentes actores del sector tur\u00edstico, autoridades locales y representantes de la empresa p\u00fablica y privada, ha venido ejecutando una serie de acciones destinadas a garantizar una atenci\u00f3n de calidad y una experiencia segura para los turistas que llegar\u00e1n a los distintos cantones. \u201cEste a\u00f1o estamos muy entusiasmados; la expectativa es alta porque se trata de un feriado muy importante para el pa\u00eds. Queremos que nuestra provincia est\u00e9 preparada para recibir a cientos, y ojal\u00e1 miles, de turistas. Es fundamental que todos los sectores \u2014p\u00fablicos y privados\u2014 trabajemos juntos para brindar un servicio de calidad\u201d, expres\u00f3 Carri\u00f3n. El representante del sector tur\u00edstico enfatiz\u00f3 que, adem\u00e1s de la infraestructura hotelera y gastron\u00f3mica, se ha promovido la preservaci\u00f3n de las tradiciones culturales y gastron\u00f3micas que caracterizan a Loja, como los festivales de la colada morada, las guaguas de pan y la cecina, considerados expresiones \u00fanicas del patrimonio inmaterial de la regi\u00f3n. \u201cNo podemos dejar morir nuestras tradiciones; el rescate de la cultura es tambi\u00e9n el fortalecimiento de nuestra identidad\u201d, subray\u00f3 el presidente de la Mesa Tur\u00edstica. Durante la entrevista, Carri\u00f3n resalt\u00f3 la amplia oferta tur\u00edstica de la provincia, que combina naturaleza, cultura, fe y gastronom\u00eda. Mencion\u00f3, entre los destinos m\u00e1s atractivos, al cant\u00f3n Catamayo, reconocido por su clima c\u00e1lido, hospitalidad y variedad culinaria, as\u00ed como por ser sede de importantes manifestaciones religiosas y culturales. Asimismo, invit\u00f3 a los turistas nacionales y extranjeros a visitar Loja y descubrir sus encantos durante el feriado, haciendo hincapi\u00e9 en que la llegada de visitantes representa un importante impulso para la reactivaci\u00f3n econ\u00f3mica local. \u201cCatamayo nos espera con los brazos abiertos. Este feriado ser\u00e1 especial, porque adem\u00e1s contaremos con la presencia de nuestra Virgencita del Cisne, patrona de Loja, quien bendecir\u00e1 a los visitantes y a nuestros pueblos\u201d, concluy\u00f3 Carri\u00f3n. Con estas iniciativas, la Mesa Tur\u00edstica de Loja reafirma su compromiso con el fortalecimiento del turismo sostenible y cultural, promoviendo la hospitalidad, el emprendimiento y la identidad de la provincia como uno de los principales destinos del sur del Ecuador.<\/p>\n","protected":false},"author":1,"featured_media":27376,"comment_status":"closed","ping_status":"closed","sticky":false,"template":"","format":"standard","meta":{"footnotes":""},"categories":[284],"tags":[],"class_list":["post-27375","post","type-post","status-publish","format-standard","has-post-thumbnail","hentry","category-noticias-loja"],"_links":{"self":[{"href":"https:\/\/www.elamazonico.com\/portal\/wp-json\/wp\/v2\/posts\/27375","targetHints":{"allow":["GET"]}}],"collection":[{"href":"https:\/\/www.elamazonico.com\/portal\/wp-json\/wp\/v2\/posts"}],"about":[{"href":"https:\/\/www.elamazonico.com\/portal\/wp-json\/wp\/v2\/types\/post"}],"author":[{"embeddable":true,"href":"https:\/\/www.elamazonico.com\/portal\/wp-json\/wp\/v2\/users\/1"}],"replies":[{"embeddable":true,"href":"https:\/\/www.elamazonico.com\/portal\/wp-json\/wp\/v2\/comments?post=27375"}],"version-history":[{"count":1,"href":"https:\/\/www.elamazonico.com\/portal\/wp-json\/wp\/v2\/posts\/27375\/revisions"}],"predecessor-version":[{"id":27377,"href":"https:\/\/www.elamazonico.com\/portal\/wp-json\/wp\/v2\/posts\/27375\/revisions\/27377"}],"wp:featuredmedia":[{"embeddable":true,"href":"https:\/\/www.elamazonico.com\/portal\/wp-json\/wp\/v2\/media\/27376"}],"wp:attachment":[{"href":"https:\/\/www.elamazonico.com\/portal\/wp-json\/wp\/v2\/media?parent=27375"}],"wp:term":[{"taxonomy":"category","embeddable":true,"href":"https:\/\/www.elamazonico.com\/portal\/wp-json\/wp\/v2\/categories?post=27375"},{"taxonomy":"post_tag","embeddable":true,"href":"https:\/\/www.elamazonico.com\/portal\/wp-json\/wp\/v2\/tags?post=27375"}],"curies":[{"name":"wp","href":"https:\/\/api.w.org\/{rel}","templated":true}]}}