{"id":27311,"date":"2025-10-29T16:57:54","date_gmt":"2025-10-29T21:57:54","guid":{"rendered":"https:\/\/www.elamazonico.com\/portal\/?p=27311"},"modified":"2025-10-29T16:57:54","modified_gmt":"2025-10-29T21:57:54","slug":"las-implicaciones-del-fin-del-paro-en-el-ecuador","status":"publish","type":"post","link":"https:\/\/www.elamazonico.com\/portal\/las-implicaciones-del-fin-del-paro-en-el-ecuador\/","title":{"rendered":"Las implicaciones del fin del paro en el Ecuador"},"content":{"rendered":"<p>Por: Lenin Santiago Jara Vi\u00f1an. Mgtr.<\/p>\n<p>El Estado, de acuerdo a las leyes vigentes, est\u00e1 facultado para actuar y resolver situaciones que generen caos y desorden en el pa\u00eds. De igual forma tiene que investigar la participaci\u00f3n de los ciudadanos que aprovech\u00e1ndose de las manifestaciones causaron temor en la ciudadan\u00eda, intimidaron y cometieron delitos e iniciarles una investigaci\u00f3n para de hallarlos culpables sancionarlos legalmente, los delitos que se cometieron en las manifestaciones y se hicieron virales a trav\u00e9s de las redes sociales son por citarlos de ejemplo; privaci\u00f3n de la libertad; da\u00f1o al bien p\u00fablico y privado entre otros como el impedir el paso de medicamentos y dotaciones para los centros de salud; prohibir el paso de productos de primera necesidad; el obligar a propietarios de los locales comerciales que cierren y forzarlos a que participen de las manifestaciones, ocasionar da\u00f1os a los veh\u00edculos del Estado que est\u00e1n destinados para el servicio a la ciudadan\u00eda como son los patrulleros de la Polic\u00eda Nacional, unidades que se adquieren con el dinero del pago de los impuestos de todos los ecuatorianos. No se tiene un c\u00e1lculo exacto, pero se estima un total de 6 a 7 millones de d\u00f3lares diarios de p\u00e9rdidas para el Ecuador.<\/p>\n<p>Estamos de acuerdo en que, por parte de la fuerza p\u00fablica y de los manifestantes, la situaci\u00f3n se sali\u00f3 de control y es deber del Estado investigar el accionar del ej\u00e9rcito y de la Polic\u00eda Nacional en las manifestaciones y evitar sanciones internacionales. No olvidemos las dos muertes que presuntamente fueron ocasionadas por el ej\u00e9rcito ecuatoriano, que se encuentran en investigaci\u00f3n por parte de la fiscal\u00eda, y es preciso determinar con los responsables de estas muertes.<\/p>\n<p>Se debe investigar qui\u00e9nes lideraron estas manifestaciones violentas y c\u00f3mo se financiaron, ya que fueron un aproximado de 31 d\u00edas de protestas. Los movimientos ind\u00edgenas actualmente est\u00e1n desarrollando un papel diferente al pol\u00edtico; \u00fanicamente velan por sus intereses personales utilizando a su gente como escudo.<\/p>\n<p>El presidente de la CONAIE, Marlon Vargas, anunci\u00f3 a trav\u00e9s de las redes sociales el cese del paro bajo cuatro pedidos, como son: Desmilitarizar los territorios; liberaci\u00f3n de detenidos; atenci\u00f3n a las v\u00edctimas y no criminalizaci\u00f3n de dirigentes. En mi opini\u00f3n personal, las peticiones de la CONAIE son inaceptables cada una de ellas, ya que no est\u00e1 en manos del presidente de la rep\u00fablica resolver las peticiones; tiene que intervenir directamente la justicia.<\/p>\n<p>El Estado, de igual forma, est\u00e1 en la obligaci\u00f3n de ayudar a las personas que sufrieron p\u00e9rdidas econ\u00f3micas en los diferentes sectores de producci\u00f3n a nivel nacional a causa de las manifestaciones.<\/p>\n","protected":false},"excerpt":{"rendered":"<p>Por: Lenin Santiago Jara Vi\u00f1an. Mgtr. El Estado, de acuerdo a las leyes vigentes, est\u00e1 facultado para actuar y resolver situaciones que generen caos y desorden en el pa\u00eds. De igual forma tiene que investigar la participaci\u00f3n de los ciudadanos que aprovech\u00e1ndose de las manifestaciones causaron temor en la ciudadan\u00eda, intimidaron y cometieron delitos e iniciarles una investigaci\u00f3n para de hallarlos culpables sancionarlos legalmente, los delitos que se cometieron en las manifestaciones y se hicieron virales a trav\u00e9s de las redes sociales son por citarlos de ejemplo; privaci\u00f3n de la libertad; da\u00f1o al bien p\u00fablico y privado entre otros como el impedir el paso de medicamentos y dotaciones para los centros de salud; prohibir el paso de productos de primera necesidad; el obligar a propietarios de los locales comerciales que cierren y forzarlos a que participen de las manifestaciones, ocasionar da\u00f1os a los veh\u00edculos del Estado que est\u00e1n destinados para el servicio a la ciudadan\u00eda como son los patrulleros de la Polic\u00eda Nacional, unidades que se adquieren con el dinero del pago de los impuestos de todos los ecuatorianos. No se tiene un c\u00e1lculo exacto, pero se estima un total de 6 a 7 millones de d\u00f3lares diarios de p\u00e9rdidas para el Ecuador. Estamos de acuerdo en que, por parte de la fuerza p\u00fablica y de los manifestantes, la situaci\u00f3n se sali\u00f3 de control y es deber del Estado investigar el accionar del ej\u00e9rcito y de la Polic\u00eda Nacional en las manifestaciones y evitar sanciones internacionales. No olvidemos las dos muertes que presuntamente fueron ocasionadas por el ej\u00e9rcito ecuatoriano, que se encuentran en investigaci\u00f3n por parte de la fiscal\u00eda, y es preciso determinar con los responsables de estas muertes. Se debe investigar qui\u00e9nes lideraron estas manifestaciones violentas y c\u00f3mo se financiaron, ya que fueron un aproximado de 31 d\u00edas de protestas. Los movimientos ind\u00edgenas actualmente est\u00e1n desarrollando un papel diferente al pol\u00edtico; \u00fanicamente velan por sus intereses personales utilizando a su gente como escudo. El presidente de la CONAIE, Marlon Vargas, anunci\u00f3 a trav\u00e9s de las redes sociales el cese del paro bajo cuatro pedidos, como son: Desmilitarizar los territorios; liberaci\u00f3n de detenidos; atenci\u00f3n a las v\u00edctimas y no criminalizaci\u00f3n de dirigentes. En mi opini\u00f3n personal, las peticiones de la CONAIE son inaceptables cada una de ellas, ya que no est\u00e1 en manos del presidente de la rep\u00fablica resolver las peticiones; tiene que intervenir directamente la justicia. El Estado, de igual forma, est\u00e1 en la obligaci\u00f3n de ayudar a las personas que sufrieron p\u00e9rdidas econ\u00f3micas en los diferentes sectores de producci\u00f3n a nivel nacional a causa de las manifestaciones.<\/p>\n","protected":false},"author":1,"featured_media":27312,"comment_status":"closed","ping_status":"closed","sticky":false,"template":"","format":"standard","meta":{"footnotes":""},"categories":[7],"tags":[],"class_list":["post-27311","post","type-post","status-publish","format-standard","has-post-thumbnail","hentry","category-opinion"],"_links":{"self":[{"href":"https:\/\/www.elamazonico.com\/portal\/wp-json\/wp\/v2\/posts\/27311","targetHints":{"allow":["GET"]}}],"collection":[{"href":"https:\/\/www.elamazonico.com\/portal\/wp-json\/wp\/v2\/posts"}],"about":[{"href":"https:\/\/www.elamazonico.com\/portal\/wp-json\/wp\/v2\/types\/post"}],"author":[{"embeddable":true,"href":"https:\/\/www.elamazonico.com\/portal\/wp-json\/wp\/v2\/users\/1"}],"replies":[{"embeddable":true,"href":"https:\/\/www.elamazonico.com\/portal\/wp-json\/wp\/v2\/comments?post=27311"}],"version-history":[{"count":1,"href":"https:\/\/www.elamazonico.com\/portal\/wp-json\/wp\/v2\/posts\/27311\/revisions"}],"predecessor-version":[{"id":27313,"href":"https:\/\/www.elamazonico.com\/portal\/wp-json\/wp\/v2\/posts\/27311\/revisions\/27313"}],"wp:featuredmedia":[{"embeddable":true,"href":"https:\/\/www.elamazonico.com\/portal\/wp-json\/wp\/v2\/media\/27312"}],"wp:attachment":[{"href":"https:\/\/www.elamazonico.com\/portal\/wp-json\/wp\/v2\/media?parent=27311"}],"wp:term":[{"taxonomy":"category","embeddable":true,"href":"https:\/\/www.elamazonico.com\/portal\/wp-json\/wp\/v2\/categories?post=27311"},{"taxonomy":"post_tag","embeddable":true,"href":"https:\/\/www.elamazonico.com\/portal\/wp-json\/wp\/v2\/tags?post=27311"}],"curies":[{"name":"wp","href":"https:\/\/api.w.org\/{rel}","templated":true}]}}