{"id":27308,"date":"2025-10-30T04:31:13","date_gmt":"2025-10-30T09:31:13","guid":{"rendered":"https:\/\/www.elamazonico.com\/portal\/?p=27308"},"modified":"2025-10-29T16:52:35","modified_gmt":"2025-10-29T21:52:35","slug":"el-vuelo-del-condor-sobre-las-mascaras","status":"publish","type":"post","link":"https:\/\/www.elamazonico.com\/portal\/el-vuelo-del-condor-sobre-las-mascaras\/","title":{"rendered":"El vuelo del c\u00f3ndor sobre las m\u00e1scaras"},"content":{"rendered":"<p><strong>Introducci\u00f3n<\/strong><strong>\u00a0<\/strong><\/p>\n<p>Cada 31 de octubre, el Ecuador honra uno de sus m\u00e1s grandes s\u00edmbolos patrios: el Escudo Nacional, emblema de soberan\u00eda, historia y unidad. Sin embargo, esta fecha (que deber\u00eda llenarnos de orgullo y reflexi\u00f3n) ha ido perdiendo protagonismo frente a una celebraci\u00f3n ajena a nuestras ra\u00edces: Halloween, una costumbre extranjera que, impulsada por los medios y la globalizaci\u00f3n, ha conquistado el entusiasmo de ni\u00f1os, adolescentes y j\u00f3venes ecuatorianos.<\/p>\n<p>Esta coincidencia de fechas nos invita a mirar m\u00e1s all\u00e1 de lo evidente. No se trata solo de comparar dos celebraciones, sino de preguntarnos: \u00bfpor qu\u00e9 lo ajeno nos emociona m\u00e1s que lo propio? \u00bfEn qu\u00e9 momento dejamos de sentir orgullo por nuestros s\u00edmbolos y comenzamos a celebrar sin memoria?<\/p>\n<p>Este ensayo propone una reflexi\u00f3n necesaria: redescubrir el valor de nuestras ra\u00edces y de lo que verdaderamente nos define como naci\u00f3n. Analizaremos c\u00f3mo la sociedad ha ido reemplazando lo trascendental por lo superficial, qu\u00e9 papel han jugado las generaciones adultas en este cambio, y c\u00f3mo podemos inspirar a la juventud a reencontrarse con su identidad.<\/p>\n<p>Porque m\u00e1s all\u00e1 de los disfraces y las modas globales, el Escudo Nacional sigue siendo el rostro de nuestra historia, el reflejo de lo que somos y la promesa de lo que a\u00fan podemos ser como ecuatorianos.<\/p>\n<p><strong>Entre ra\u00edces y disfraces<\/strong><strong>\u00a0<\/strong><\/p>\n<p>Cada 31 de octubre, los ecuatorianos conmemoramos el D\u00eda del Escudo Nacional, uno de los m\u00e1s altos s\u00edmbolos patrios junto con la bandera y el himno nacional. Esta fecha recuerda el a\u00f1o 1900, cuando el Congreso de la Rep\u00fablica aprob\u00f3 oficialmente el dise\u00f1o actual, obra del ilustre artista e intelectual Pedro Pablo Traversari.<\/p>\n<p>El Escudo Nacional del Ecuador no es solo una figura her\u00e1ldica; es una s\u00edntesis visual de la historia, la geograf\u00eda y los ideales del pa\u00eds. En \u00e9l se representa el volc\u00e1n Chimborazo, s\u00edmbolo de la grandeza y fertilidad de la patria, y el r\u00edo Guayas, que alude a la riqueza y al trabajo del pueblo. El c\u00f3ndor andino, majestuoso y vigilante, extiende sus alas como emblema de soberan\u00eda y protecci\u00f3n.<\/p>\n<p>Cada elemento del escudo tiene un significado profundo que refuerza la identidad nacional y nos invita a valorar los ideales de unidad, independencia y libertad. Celebrar este d\u00eda no solo implica rendir homenaje a un s\u00edmbolo, sino tambi\u00e9n reflexionar sobre lo que significa ser ecuatoriano: reconocer nuestras ra\u00edces, respetar nuestra diversidad cultural y comprometernos con el desarrollo y bienestar del pa\u00eds.<\/p>\n<p>En contraste, el 31 de octubre tambi\u00e9n ha cobrado relevancia en el calendario cultural moderno la celebraci\u00f3n de Halloween, palabra que proviene de All Hallows\u2019 Eve o V\u00edspera de Todos los Santos. Su origen se remonta a las antiguas festividades celtas del Samhain, con las que se marcaba el fin de las cosechas y el inicio del invierno, un tiempo de transici\u00f3n que los pueblos consideraban m\u00edstico.<\/p>\n<p>Con la expansi\u00f3n del cristianismo y posteriormente con la influencia cultural de los Estados Unidos, Halloween se transform\u00f3 en una festividad popular, caracterizada por disfraces, dulces, calabazas y representaciones de lo sobrenatural. Gracias a los medios de comunicaci\u00f3n, el cine y las redes sociales, la celebraci\u00f3n se ha globalizado, llegando tambi\u00e9n al Ecuador, especialmente entre ni\u00f1os, j\u00f3venes y en los espacios educativos y urbanos.<\/p>\n<p>Sin embargo, esta coincidencia de fechas nos invita a reflexionar sobre nuestra identidad y las influencias externas. Mientras Halloween representa una expresi\u00f3n pagana y cultural del mundo globalizado, el D\u00eda del Escudo Nacional nos recuerda la importancia de preservar nuestras ra\u00edces, valorar nuestros s\u00edmbolos y fortalecer el sentido de identidad nacional.<\/p>\n<p>Ambas fechas, aunque muy distintas en origen y significado, pueden convivir en un mismo espacio cultural si se las entiende desde el respeto y la conciencia. Halloween puede ser una oportunidad para la creatividad y la diversi\u00f3n, pero el D\u00eda del Escudo debe ocupar el lugar central como s\u00edmbolo de la memoria hist\u00f3rica y la unidad del Ecuador.<\/p>\n<p><strong>La memoria que nos da identidad<\/strong><strong>\u00a0<\/strong><\/p>\n<p>Vivimos en una \u00e9poca marcada por la inmediatez, el consumismo y el espect\u00e1culo, donde lo visual y lo inmediato tienden a imponerse sobre lo reflexivo, lo espiritual y lo esencial. En este contexto, las fechas trascendentales (aquellas que evocan la memoria hist\u00f3rica, la identidad nacional o los valores c\u00edvicos) suelen pasar inadvertidas frente a celebraciones de car\u00e1cter comercial, medi\u00e1tico o extranjero que prometen diversi\u00f3n y entretenimiento instant\u00e1neo.<\/p>\n<p>El olvido de las fechas patrias y de los momentos clave de nuestra historia no ocurre por casualidad, sino que responde a varios factores interconectados:<\/p>\n<ul>\n<li>La globalizaci\u00f3n cultural, que ha difundido patrones de consumo y celebraciones ajenas a nuestras ra\u00edces. A trav\u00e9s del cine, la televisi\u00f3n y las redes sociales, festividades como Halloween o San Valent\u00edn se han convertido en fen\u00f3menos globales, muchas veces desplazando tradiciones locales. La cultura del \u201clike\u201d y del \u201ctrend\u201d prioriza aquello que es viral sobre lo que es valioso.<\/li>\n<li>La falta de una educaci\u00f3n c\u00edvica activa y significativa. En muchos casos, la ense\u00f1anza de la historia y los s\u00edmbolos patrios se limita a la memorizaci\u00f3n de fechas y nombres, sin generar una conexi\u00f3n emocional o \u00e9tica con su sentido profundo. Si las nuevas generaciones no comprenden por qu\u00e9 es importante una efem\u00e9ride, dif\u00edcilmente la valorar\u00e1n o la defender\u00e1n. La educaci\u00f3n deber\u00eda despertar orgullo, sentido de pertenencia y conciencia cr\u00edtica, no solo transmitir informaci\u00f3n.<\/li>\n<li>El poder de la publicidad, los medios y las redes sociales. Las industrias culturales y comerciales invierten grandes recursos en promover celebraciones que generan consumo masivo: disfraces, regalos, decoraciones, productos tem\u00e1ticos. En cambio, las fechas hist\u00f3ricas o c\u00edvicas no representan una oportunidad econ\u00f3mica tan rentable, por lo que reciben poca difusi\u00f3n o se limitan a actos protocolares sin atractivo medi\u00e1tico. As\u00ed, lo comercial desplaza a lo cultural.<\/li>\n<li>El debilitamiento de los valores comunitarios y del sentido de identidad nacional. La modernidad ha impulsado estilos de vida individualistas y competitivos, donde lo colectivo y lo simb\u00f3lico pierden relevancia. Las fechas patrias, que antes un\u00edan a las comunidades en torno a la memoria y la esperanza com\u00fan, hoy son percibidas por muchos como simples d\u00edas de descanso.<\/li>\n<\/ul>\n<p>De esta manera, lo superficial termina reemplazando a lo esencial, y el conocimiento hist\u00f3rico se sustituye por modas pasajeras. Cuando una sociedad deja de recordar sus or\u00edgenes, pierde tambi\u00e9n parte de su rumbo y su capacidad de construir un futuro con sentido.<\/p>\n<p><strong>Adultos sin ejemplo, j\u00f3venes si\u00a0 ra\u00edces<\/strong><strong>\u00a0<\/strong><\/p>\n<p>Cuando observamos que las nuevas generaciones se interesan m\u00e1s por celebraciones superficiales que por las fechas c\u00edvicas o hist\u00f3ricas, es f\u00e1cil culpar a los j\u00f3venes por su falta de compromiso o patriotismo. Sin embargo, la verdadera responsabilidad recae, en gran medida, en las generaciones adultas, que hemos fallado en transmitir con pasi\u00f3n, coherencia y ejemplo el amor por la patria y la valoraci\u00f3n de nuestras ra\u00edces.<\/p>\n<p>Durante mucho tiempo, los adultos (padres, maestros, l\u00edderes y comunicadores) hemos permitido que la tecnolog\u00eda, el consumismo y la cultura de masas ocupen el espacio que antes pertenec\u00eda a la conversaci\u00f3n familiar, a los valores compartidos y a las conmemoraciones c\u00edvicas que fortalec\u00edan la identidad colectiva. Las comidas familiares, los actos escolares y las fechas patrias eran oportunidades para ense\u00f1ar respeto, historia y sentido de pertenencia; hoy, con frecuencia, son reemplazadas por pantallas, modas globales y contenidos vac\u00edos.<\/p>\n<p>Adem\u00e1s, hemos descuidado la educaci\u00f3n emocional y simb\u00f3lica de los j\u00f3venes. Ense\u00f1amos los hechos hist\u00f3ricos como datos, pero no les transmitimos la emoci\u00f3n que los acompa\u00f1a: el orgullo por la independencia, el sacrificio de los h\u00e9roes, el valor del esfuerzo colectivo. Sin contexto ni sentimiento, las fechas patrias se perciben como simples feriados o actos obligatorios, sin conexi\u00f3n con la vida cotidiana de los estudiantes.<\/p>\n<p>Tambi\u00e9n hemos ca\u00eddo en una falta de coherencia generacional. No se puede pedir a los j\u00f3venes que valoren los s\u00edmbolos nacionales si los adultos los tratamos con indiferencia, si no asistimos a los actos c\u00edvicos, si no conocemos nuestra propia historia, o si celebramos con m\u00e1s entusiasmo fiestas extranjeras que las nuestras. Los j\u00f3venes no aprenden tanto de los discursos como del ejemplo; y cuando el ejemplo se ausenta, el mensaje pierde fuerza.<\/p>\n<p>Otro aspecto importante es que, en muchos hogares y escuelas, la educaci\u00f3n en valores se ha vuelto secundaria frente al rendimiento acad\u00e9mico o al \u00e9xito material. Hemos ense\u00f1ado a competir, pero no siempre a pertenecer; a admirar lo de fuera, pero no a cuidar lo propio. As\u00ed, sin una identidad s\u00f3lida, es natural que las influencias externas (m\u00e1s atractivas, visuales y comerciales) ocupen el lugar que deber\u00eda tener la cultura nacional.<\/p>\n<p>En definitiva, las generaciones adultas hemos fallado en hacer del patriotismo una experiencia viva, significativa y emocionalmente atractiva. No basta con recordar las fechas patrias; debemos renovarlas, reinterpretarlas desde el presente y vincularlas con los sue\u00f1os y desaf\u00edos de la juventud. Solo as\u00ed lograremos que los j\u00f3venes comprendan que la historia no es un pasado muerto, sino la ra\u00edz de su futuro.<\/p>\n<p>El cambio comienza cuando los adultos volvemos a dar valor a lo nuestro, cuando encendemos el orgullo por nuestra identidad con la fuerza del ejemplo y la palabra. Porque solo quien ama su historia puede construir, con esperanza y dignidad, su propio porvenir.<\/p>\n<p><strong>Identidad antes que moda<\/strong><strong>\u00a0<\/strong><\/p>\n<p>Sin desmerecer la libertad cultural y la diversidad de expresiones que caracterizan al mundo actual, la respuesta es clara y contundente: el D\u00eda del Escudo Nacional tiene un significado mucho m\u00e1s profundo y trascendente que Halloween para los ecuatorianos.<\/p>\n<p>El 31 de octubre, fecha en que coincidencialmente se celebran ambas conmemoraciones, deber\u00eda ser, ante todo, un d\u00eda para recordar y honrar uno de los s\u00edmbolos m\u00e1s sagrados del Ecuador. El Escudo Nacional, no es un adorno gr\u00e1fico, sino un emblema que resume nuestra historia, nuestra geograf\u00eda y nuestros valores m\u00e1s altos: la independencia, la justicia, la libertad y la soberan\u00eda. Cada elemento del escudo (el c\u00f3ndor, el Chimborazo, el r\u00edo Guayas, el sol, los signos del zodiaco) hablan de un pa\u00eds que ha luchado por ser libre y digno. Celebrar este d\u00eda es reafirmar lo que somos, reconocer de d\u00f3nde venimos y proyectar con orgullo lo que queremos ser como naci\u00f3n.<\/p>\n<p>Por otro lado, Halloween es una festividad comercial, recreativa y popular. En Ecuador, su pr\u00e1ctica ha sido adoptada principalmente por influencia de los medios de comunicaci\u00f3n, las pel\u00edculas y las redes sociales. Esta celebraci\u00f3n carece de ra\u00edces profundas en la identidad ecuatoriana. No pertenece a nuestra historia ni refleja nuestros valores colectivos.<\/p>\n<p>El problema surge cuando lo for\u00e1neo eclipsa lo propio. Cuando el ruido del consumo y la moda global hacen que una fiesta ajena reciba m\u00e1s atenci\u00f3n, promoci\u00f3n y entusiasmo que una fecha c\u00edvica nacional. Este fen\u00f3meno, conocido como alienaci\u00f3n cultural, ocurre cuando una sociedad adopta costumbres externas sin reflexi\u00f3n, olvidando el valor simb\u00f3lico de las propias. En este sentido, el auge de Halloween en Ecuador revela un proceso silencioso pero profundo: la influencia de la publicidad, la globalizaci\u00f3n medi\u00e1tica y las tendencias digitales ha desplazado las prioridades culturales hacia lo inmediato, lo vistoso y lo comercial.<\/p>\n<p>Sin embargo, defender la importancia del D\u00eda del Escudo Nacional no significa rechazar lo extranjero, sino dar prioridad a lo que nos define como ecuatorianos. La apertura cultural es valiosa, pero debe ir acompa\u00f1ada de identidad y conciencia.<\/p>\n<p>Recuperar el sentido de nuestras fechas patrias no es un acto de nacionalismo cerrado, sino un gesto de dignidad cultural y memoria colectiva. Una sociedad que honra sus s\u00edmbolos fortalece su autoestima, su unidad y su sentido de prop\u00f3sito. Por eso, el 31 de octubre deber\u00eda recordarnos que no hay futuro sin identidad, y que ning\u00fan disfraz o moda pasajera puede reemplazar el orgullo de portar con respeto y amor los s\u00edmbolos que nos dan nombre, historia y destino.<\/p>\n<p><strong>Sembrar identidad<\/strong><strong>\u00a0<\/strong><\/p>\n<p>Recuperar el valor de nuestras fechas trascendentales no es una tarea inmediata ni exclusiva de las instituciones educativas; es un compromiso colectivo, donde familia, escuela, comunidad y Estado deben actuar de manera coherente y constante. Si queremos que la juventud vuelva a valorar el significado de los s\u00edmbolos patrios y de los momentos clave de nuestra historia, debemos ofrecerles experiencias vivas, emotivas y participativas, no simples discursos o ceremonias repetitivas.<\/p>\n<p>Para lograrlo, se requieren cinco pilares fundamentales:<\/p>\n<ul>\n<li>Educaci\u00f3n con sentido y emoci\u00f3n: No basta con ense\u00f1ar la historia de los s\u00edmbolos patrios en los libros; hay que incorporarla en la vida cotidiana, mostrar su conexi\u00f3n con la realidad actual y con los valores que dan sentido a la naci\u00f3n: la libertad, la justicia, la solidaridad y la unidad. Cuando un estudiante comprende que el Escudo Nacional representa no solo un dibujo, sino una historia de lucha y dignidad, empieza a verlo con otros ojos. La educaci\u00f3n debe despertar orgullo y pertenencia, no solo cumplir con un contenido curricular.<\/li>\n<li>El poder del ejemplo: Los j\u00f3venes aprenden m\u00e1s de lo que ven que de lo que escuchan. Por eso, los padres, maestros y autoridades tienen la responsabilidad de mostrar con coherencia su amor por el pa\u00eds: izar la bandera con respeto, cantar el himno con sentimiento, participar en los actos c\u00edvicos con entusiasmo. Un gesto sincero vale m\u00e1s que mil palabras. Si los adultos se muestran indiferentes, es natural que los j\u00f3venes tambi\u00e9n lo sean.<\/li>\n<li>Creatividad para conectar con las nuevas generaciones: La juventud de hoy necesita motivaciones diferentes: aprenden a trav\u00e9s de la experiencia, la imagen, la emoci\u00f3n y la participaci\u00f3n. Por eso, es fundamental renovar la forma en que se celebran las fechas patrias. Actividades como concursos art\u00edsticos, murales, dramatizaciones hist\u00f3ricas, ferias culturales, videos cortos, m\u00fasica o proyectos escolares pueden hacer que la conmemoraci\u00f3n del Escudo Nacional, por ejemplo, sea una fiesta de identidad y creatividad, no un acto impuesto. Las redes sociales tambi\u00e9n pueden convertirse en aliadas si se las usa para difundir contenido positivo y educativo sobre la historia nacional.<\/li>\n<li>Equilibrio cultural: Ense\u00f1ar a los j\u00f3venes a valorar lo nuestro no implica prohibir lo ajeno. Es posible disfrutar de festividades globales, como Halloween o San Valent\u00edn, sin perder el respeto por nuestras propias conmemoraciones. La clave est\u00e1 en el equilibrio y la conciencia cultural: saber que el intercambio es enriquecedor solo cuando no borra la memoria propia.<\/li>\n<li>Motivar la investigaci\u00f3n y el pensamiento cr\u00edtico: Fomentar la curiosidad por el pasado nacional ayuda a construir identidad. Permitir que los estudiantes investiguen, analicen y presenten sus propias conclusiones sobre los s\u00edmbolos patrios hace que se sientan protagonistas de la historia, no simples receptores de informaci\u00f3n. Un joven que descubre el significado del c\u00f3ndor, del Chimborazo o del r\u00edo Guayas en el escudo, no solo memoriza datos: se identifica con su pa\u00eds.<\/li>\n<\/ul>\n<p>El amor a la patria no se ense\u00f1a con obligaci\u00f3n, sino con orgullo. Cada palabra, cada acci\u00f3n y cada iniciativa que despierte en los j\u00f3venes respeto por su historia es una semilla de identidad. Solo cuando logremos que las nuevas generaciones sientan emoci\u00f3n al recordar una fecha nacional, habremos asegurado la continuidad de nuestra memoria y el fortalecimiento de nuestro esp\u00edritu ecuatoriano. En definitiva, influir en la juventud no es imponer, sino inspirar.<\/p>\n<p><strong>Conclusi\u00f3n<\/strong><strong>\u00a0<\/strong><\/p>\n<p>El D\u00eda del Escudo Nacional es un recordatorio vivo de lo que somos como pueblo: la uni\u00f3n entre historia, esfuerzo y esperanza. En un mundo donde las modas cambian con rapidez y las tradiciones se diluyen entre tendencias globales, recordar nuestras ra\u00edces se vuelve un acto de resistencia y amor propio.<\/p>\n<p>No se trata de prohibir Halloween ni de negar la diversidad cultural, sino de aprender a poner lo trascendental por encima de lo superficial. Podemos abrirnos al mundo sin perder el alma; celebrar lo ajeno sin olvidar lo nuestro. El verdadero equilibrio cultural no est\u00e1 en elegir entre disfraces o s\u00edmbolos, sino en reconocer qu\u00e9 nos da identidad y qu\u00e9 solo nos entretiene por un momento.<\/p>\n<p>Si dejamos que las modas pasajeras borren nuestros s\u00edmbolos, tambi\u00e9n estaremos borrando parte de nuestra historia, de nuestra voz y de la memoria que nos da sentido como naci\u00f3n. Por eso, el llamado es urgente y profundo: recordemos, ense\u00f1emos y vivamos nuestras ra\u00edces con orgullo. Porque amar al Ecuador no es mirar al pasado con nostalgia, sino mirar al futuro con identidad.<\/p>\n<p>Solo los pueblos que honran su historia pueden construir su destino con dignidad. Y mientras el Escudo siga ondeando en el coraz\u00f3n de cada ecuatoriano, nuestra patria seguir\u00e1 teniendo rumbo, fuerza y alma.<\/p>\n","protected":false},"excerpt":{"rendered":"<p>Introducci\u00f3n\u00a0 Cada 31 de octubre, el Ecuador honra uno de sus m\u00e1s grandes s\u00edmbolos patrios: el Escudo Nacional, emblema de soberan\u00eda, historia y unidad. Sin embargo, esta fecha (que deber\u00eda llenarnos de orgullo y reflexi\u00f3n) ha ido perdiendo protagonismo frente a una celebraci\u00f3n ajena a nuestras ra\u00edces: Halloween, una costumbre extranjera que, impulsada por los medios y la globalizaci\u00f3n, ha conquistado el entusiasmo de ni\u00f1os, adolescentes y j\u00f3venes ecuatorianos. Esta coincidencia de fechas nos invita a mirar m\u00e1s all\u00e1 de lo evidente. No se trata solo de comparar dos celebraciones, sino de preguntarnos: \u00bfpor qu\u00e9 lo ajeno nos emociona m\u00e1s que lo propio? \u00bfEn qu\u00e9 momento dejamos de sentir orgullo por nuestros s\u00edmbolos y comenzamos a celebrar sin memoria? Este ensayo propone una reflexi\u00f3n necesaria: redescubrir el valor de nuestras ra\u00edces y de lo que verdaderamente nos define como naci\u00f3n. Analizaremos c\u00f3mo la sociedad ha ido reemplazando lo trascendental por lo superficial, qu\u00e9 papel han jugado las generaciones adultas en este cambio, y c\u00f3mo podemos inspirar a la juventud a reencontrarse con su identidad. Porque m\u00e1s all\u00e1 de los disfraces y las modas globales, el Escudo Nacional sigue siendo el rostro de nuestra historia, el reflejo de lo que somos y la promesa de lo que a\u00fan podemos ser como ecuatorianos. Entre ra\u00edces y disfraces\u00a0 Cada 31 de octubre, los ecuatorianos conmemoramos el D\u00eda del Escudo Nacional, uno de los m\u00e1s altos s\u00edmbolos patrios junto con la bandera y el himno nacional. Esta fecha recuerda el a\u00f1o 1900, cuando el Congreso de la Rep\u00fablica aprob\u00f3 oficialmente el dise\u00f1o actual, obra del ilustre artista e intelectual Pedro Pablo Traversari. El Escudo Nacional del Ecuador no es solo una figura her\u00e1ldica; es una s\u00edntesis visual de la historia, la geograf\u00eda y los ideales del pa\u00eds. En \u00e9l se representa el volc\u00e1n Chimborazo, s\u00edmbolo de la grandeza y fertilidad de la patria, y el r\u00edo Guayas, que alude a la riqueza y al trabajo del pueblo. El c\u00f3ndor andino, majestuoso y vigilante, extiende sus alas como emblema de soberan\u00eda y protecci\u00f3n. Cada elemento del escudo tiene un significado profundo que refuerza la identidad nacional y nos invita a valorar los ideales de unidad, independencia y libertad. Celebrar este d\u00eda no solo implica rendir homenaje a un s\u00edmbolo, sino tambi\u00e9n reflexionar sobre lo que significa ser ecuatoriano: reconocer nuestras ra\u00edces, respetar nuestra diversidad cultural y comprometernos con el desarrollo y bienestar del pa\u00eds. En contraste, el 31 de octubre tambi\u00e9n ha cobrado relevancia en el calendario cultural moderno la celebraci\u00f3n de Halloween, palabra que proviene de All Hallows\u2019 Eve o V\u00edspera de Todos los Santos. Su origen se remonta a las antiguas festividades celtas del Samhain, con las que se marcaba el fin de las cosechas y el inicio del invierno, un tiempo de transici\u00f3n que los pueblos consideraban m\u00edstico. Con la expansi\u00f3n del cristianismo y posteriormente con la influencia cultural de los Estados Unidos, Halloween se transform\u00f3 en una festividad popular, caracterizada por disfraces, dulces, calabazas y representaciones de lo sobrenatural. Gracias a los medios de comunicaci\u00f3n, el cine y las redes sociales, la celebraci\u00f3n se ha globalizado, llegando tambi\u00e9n al Ecuador, especialmente entre ni\u00f1os, j\u00f3venes y en los espacios educativos y urbanos. Sin embargo, esta coincidencia de fechas nos invita a reflexionar sobre nuestra identidad y las influencias externas. Mientras Halloween representa una expresi\u00f3n pagana y cultural del mundo globalizado, el D\u00eda del Escudo Nacional nos recuerda la importancia de preservar nuestras ra\u00edces, valorar nuestros s\u00edmbolos y fortalecer el sentido de identidad nacional. Ambas fechas, aunque muy distintas en origen y significado, pueden convivir en un mismo espacio cultural si se las entiende desde el respeto y la conciencia. Halloween puede ser una oportunidad para la creatividad y la diversi\u00f3n, pero el D\u00eda del Escudo debe ocupar el lugar central como s\u00edmbolo de la memoria hist\u00f3rica y la unidad del Ecuador. La memoria que nos da identidad\u00a0 Vivimos en una \u00e9poca marcada por la inmediatez, el consumismo y el espect\u00e1culo, donde lo visual y lo inmediato tienden a imponerse sobre lo reflexivo, lo espiritual y lo esencial. En este contexto, las fechas trascendentales (aquellas que evocan la memoria hist\u00f3rica, la identidad nacional o los valores c\u00edvicos) suelen pasar inadvertidas frente a celebraciones de car\u00e1cter comercial, medi\u00e1tico o extranjero que prometen diversi\u00f3n y entretenimiento instant\u00e1neo. El olvido de las fechas patrias y de los momentos clave de nuestra historia no ocurre por casualidad, sino que responde a varios factores interconectados: La globalizaci\u00f3n cultural, que ha difundido patrones de consumo y celebraciones ajenas a nuestras ra\u00edces. A trav\u00e9s del cine, la televisi\u00f3n y las redes sociales, festividades como Halloween o San Valent\u00edn se han convertido en fen\u00f3menos globales, muchas veces desplazando tradiciones locales. La cultura del \u201clike\u201d y del \u201ctrend\u201d prioriza aquello que es viral sobre lo que es valioso. La falta de una educaci\u00f3n c\u00edvica activa y significativa. En muchos casos, la ense\u00f1anza de la historia y los s\u00edmbolos patrios se limita a la memorizaci\u00f3n de fechas y nombres, sin generar una conexi\u00f3n emocional o \u00e9tica con su sentido profundo. Si las nuevas generaciones no comprenden por qu\u00e9 es importante una efem\u00e9ride, dif\u00edcilmente la valorar\u00e1n o la defender\u00e1n. La educaci\u00f3n deber\u00eda despertar orgullo, sentido de pertenencia y conciencia cr\u00edtica, no solo transmitir informaci\u00f3n. El poder de la publicidad, los medios y las redes sociales. Las industrias culturales y comerciales invierten grandes recursos en promover celebraciones que generan consumo masivo: disfraces, regalos, decoraciones, productos tem\u00e1ticos. En cambio, las fechas hist\u00f3ricas o c\u00edvicas no representan una oportunidad econ\u00f3mica tan rentable, por lo que reciben poca difusi\u00f3n o se limitan a actos protocolares sin atractivo medi\u00e1tico. As\u00ed, lo comercial desplaza a lo cultural. El debilitamiento de los valores comunitarios y del sentido de identidad nacional. La modernidad ha impulsado estilos de vida individualistas y competitivos, donde lo colectivo y lo simb\u00f3lico pierden relevancia. Las fechas patrias, que antes un\u00edan a las comunidades en torno a la memoria y la esperanza com\u00fan, hoy son percibidas por muchos como simples d\u00edas de descanso. De esta manera, lo<\/p>\n","protected":false},"author":1,"featured_media":27309,"comment_status":"closed","ping_status":"closed","sticky":false,"template":"","format":"standard","meta":{"footnotes":""},"categories":[7],"tags":[],"class_list":["post-27308","post","type-post","status-publish","format-standard","has-post-thumbnail","hentry","category-opinion"],"_links":{"self":[{"href":"https:\/\/www.elamazonico.com\/portal\/wp-json\/wp\/v2\/posts\/27308","targetHints":{"allow":["GET"]}}],"collection":[{"href":"https:\/\/www.elamazonico.com\/portal\/wp-json\/wp\/v2\/posts"}],"about":[{"href":"https:\/\/www.elamazonico.com\/portal\/wp-json\/wp\/v2\/types\/post"}],"author":[{"embeddable":true,"href":"https:\/\/www.elamazonico.com\/portal\/wp-json\/wp\/v2\/users\/1"}],"replies":[{"embeddable":true,"href":"https:\/\/www.elamazonico.com\/portal\/wp-json\/wp\/v2\/comments?post=27308"}],"version-history":[{"count":1,"href":"https:\/\/www.elamazonico.com\/portal\/wp-json\/wp\/v2\/posts\/27308\/revisions"}],"predecessor-version":[{"id":27310,"href":"https:\/\/www.elamazonico.com\/portal\/wp-json\/wp\/v2\/posts\/27308\/revisions\/27310"}],"wp:featuredmedia":[{"embeddable":true,"href":"https:\/\/www.elamazonico.com\/portal\/wp-json\/wp\/v2\/media\/27309"}],"wp:attachment":[{"href":"https:\/\/www.elamazonico.com\/portal\/wp-json\/wp\/v2\/media?parent=27308"}],"wp:term":[{"taxonomy":"category","embeddable":true,"href":"https:\/\/www.elamazonico.com\/portal\/wp-json\/wp\/v2\/categories?post=27308"},{"taxonomy":"post_tag","embeddable":true,"href":"https:\/\/www.elamazonico.com\/portal\/wp-json\/wp\/v2\/tags?post=27308"}],"curies":[{"name":"wp","href":"https:\/\/api.w.org\/{rel}","templated":true}]}}