{"id":27172,"date":"2025-10-23T04:26:53","date_gmt":"2025-10-23T09:26:53","guid":{"rendered":"https:\/\/www.elamazonico.com\/portal\/?p=27172"},"modified":"2025-10-22T17:32:34","modified_gmt":"2025-10-22T22:32:34","slug":"sociedad-patriotica-reconoce-el-liderazgo-y-trayectoria-del-dr-jaime-farez-en-la-provincia-de-zamora-ch","status":"publish","type":"post","link":"https:\/\/www.elamazonico.com\/portal\/sociedad-patriotica-reconoce-el-liderazgo-y-trayectoria-del-dr-jaime-farez-en-la-provincia-de-zamora-ch\/","title":{"rendered":"Sociedad Patri\u00f3tica reconoce el liderazgo y trayectoria del Dr. Jaime F\u00e1rez en la provincia de Zamora Ch."},"content":{"rendered":"<p>En un acto de reconocimiento y gratitud, el Director Provincial del Partido Sociedad Patri\u00f3tica, Jeamphier Le\u00f3n, entreg\u00f3 una placa conmemorativa al Dr. Jaime F\u00e1rez por su destacado liderazgo, compromiso y aporte pol\u00edtico dentro de la organizaci\u00f3n, lista 3, en la provincia de Zamora Chinchipe.<\/p>\n<p>Durante la ceremonia, Le\u00f3n destac\u00f3 la trayectoria del homenajeado, resaltando su dedicaci\u00f3n y servicio a la comunidad desde los distintos espacios de gesti\u00f3n p\u00fablica. \u201cVinimos a visitarlo porque nos complace verlo bien, y sobre todo porque ha compartido con nosotros su valiosa experiencia como presidente parroquial. El Partido Sociedad Patri\u00f3tica 21 de Enero otorga este reconocimiento al Dr. Jaime F\u00e1rez por su valioso aporte, compromiso y liderazgo en el fortalecimiento de la organizaci\u00f3n pol\u00edtica a nivel provincial. Por lo tanto, extienden el agradecimiento por su dedicaci\u00f3n y lealtad al servicio de la provincia, confiando en que su legado y visi\u00f3n seguir\u00e1n siendo parte fundamental de los proyectos futuros que impulsamos por el bienestar de Zamora Chinchipe y del Ecuador\u201d, manifest\u00f3 el Director Provincial.<\/p>\n<p>Jaime F\u00e1rez ejerci\u00f3 la presidencia de la Junta Parroquial de Cumbaratza en dos per\u00edodos consecutivos (2014\u20132019), siendo recordado por la ciudadan\u00eda como un l\u00edder cercano, trabajador y comprometido con el desarrollo local. Su gesti\u00f3n se caracteriz\u00f3 por la ejecuci\u00f3n de obras de mantenimiento vial, el impulso a la producci\u00f3n agr\u00edcola y el apoyo constante a los sectores m\u00e1s vulnerables, especialmente a las personas adultas mayores y con discapacidad.<\/p>\n<p>Adem\u00e1s de su labor en Cumbaratza, F\u00e1rez colabor\u00f3 activamente con otras parroquias del cant\u00f3n Zamora, como Guadalupe y San Carlos de las Minas, fortaleciendo la cooperaci\u00f3n interparroquial en temas de infraestructura y desarrollo social. Su ejemplo de honestidad, capacidad de gesti\u00f3n y vocaci\u00f3n de servicio lo han convertido en una figura emblem\u00e1tica dentro de la provincia.<\/p>\n<p>El reconocimiento entregado por la nueva Direcci\u00f3n Provincial de Sociedad Patri\u00f3tica simboliza no solo un homenaje a su trayectoria, sino tambi\u00e9n una reafirmaci\u00f3n de los valores que gu\u00edan al movimiento pol\u00edtico: lealtad, trabajo y compromiso con la ciudadan\u00eda.<\/p>\n","protected":false},"excerpt":{"rendered":"<p>En un acto de reconocimiento y gratitud, el Director Provincial del Partido Sociedad Patri\u00f3tica, Jeamphier Le\u00f3n, entreg\u00f3 una placa conmemorativa al Dr. Jaime F\u00e1rez por su destacado liderazgo, compromiso y aporte pol\u00edtico dentro de la organizaci\u00f3n, lista 3, en la provincia de Zamora Chinchipe. Durante la ceremonia, Le\u00f3n destac\u00f3 la trayectoria del homenajeado, resaltando su dedicaci\u00f3n y servicio a la comunidad desde los distintos espacios de gesti\u00f3n p\u00fablica. \u201cVinimos a visitarlo porque nos complace verlo bien, y sobre todo porque ha compartido con nosotros su valiosa experiencia como presidente parroquial. El Partido Sociedad Patri\u00f3tica 21 de Enero otorga este reconocimiento al Dr. Jaime F\u00e1rez por su valioso aporte, compromiso y liderazgo en el fortalecimiento de la organizaci\u00f3n pol\u00edtica a nivel provincial. Por lo tanto, extienden el agradecimiento por su dedicaci\u00f3n y lealtad al servicio de la provincia, confiando en que su legado y visi\u00f3n seguir\u00e1n siendo parte fundamental de los proyectos futuros que impulsamos por el bienestar de Zamora Chinchipe y del Ecuador\u201d, manifest\u00f3 el Director Provincial. Jaime F\u00e1rez ejerci\u00f3 la presidencia de la Junta Parroquial de Cumbaratza en dos per\u00edodos consecutivos (2014\u20132019), siendo recordado por la ciudadan\u00eda como un l\u00edder cercano, trabajador y comprometido con el desarrollo local. Su gesti\u00f3n se caracteriz\u00f3 por la ejecuci\u00f3n de obras de mantenimiento vial, el impulso a la producci\u00f3n agr\u00edcola y el apoyo constante a los sectores m\u00e1s vulnerables, especialmente a las personas adultas mayores y con discapacidad. Adem\u00e1s de su labor en Cumbaratza, F\u00e1rez colabor\u00f3 activamente con otras parroquias del cant\u00f3n Zamora, como Guadalupe y San Carlos de las Minas, fortaleciendo la cooperaci\u00f3n interparroquial en temas de infraestructura y desarrollo social. Su ejemplo de honestidad, capacidad de gesti\u00f3n y vocaci\u00f3n de servicio lo han convertido en una figura emblem\u00e1tica dentro de la provincia. El reconocimiento entregado por la nueva Direcci\u00f3n Provincial de Sociedad Patri\u00f3tica simboliza no solo un homenaje a su trayectoria, sino tambi\u00e9n una reafirmaci\u00f3n de los valores que gu\u00edan al movimiento pol\u00edtico: lealtad, trabajo y compromiso con la ciudadan\u00eda.<\/p>\n","protected":false},"author":1,"featured_media":27173,"comment_status":"closed","ping_status":"closed","sticky":false,"template":"","format":"standard","meta":{"footnotes":""},"categories":[243],"tags":[],"class_list":["post-27172","post","type-post","status-publish","format-standard","has-post-thumbnail","hentry","category-noticias-zamora"],"_links":{"self":[{"href":"https:\/\/www.elamazonico.com\/portal\/wp-json\/wp\/v2\/posts\/27172","targetHints":{"allow":["GET"]}}],"collection":[{"href":"https:\/\/www.elamazonico.com\/portal\/wp-json\/wp\/v2\/posts"}],"about":[{"href":"https:\/\/www.elamazonico.com\/portal\/wp-json\/wp\/v2\/types\/post"}],"author":[{"embeddable":true,"href":"https:\/\/www.elamazonico.com\/portal\/wp-json\/wp\/v2\/users\/1"}],"replies":[{"embeddable":true,"href":"https:\/\/www.elamazonico.com\/portal\/wp-json\/wp\/v2\/comments?post=27172"}],"version-history":[{"count":1,"href":"https:\/\/www.elamazonico.com\/portal\/wp-json\/wp\/v2\/posts\/27172\/revisions"}],"predecessor-version":[{"id":27174,"href":"https:\/\/www.elamazonico.com\/portal\/wp-json\/wp\/v2\/posts\/27172\/revisions\/27174"}],"wp:featuredmedia":[{"embeddable":true,"href":"https:\/\/www.elamazonico.com\/portal\/wp-json\/wp\/v2\/media\/27173"}],"wp:attachment":[{"href":"https:\/\/www.elamazonico.com\/portal\/wp-json\/wp\/v2\/media?parent=27172"}],"wp:term":[{"taxonomy":"category","embeddable":true,"href":"https:\/\/www.elamazonico.com\/portal\/wp-json\/wp\/v2\/categories?post=27172"},{"taxonomy":"post_tag","embeddable":true,"href":"https:\/\/www.elamazonico.com\/portal\/wp-json\/wp\/v2\/tags?post=27172"}],"curies":[{"name":"wp","href":"https:\/\/api.w.org\/{rel}","templated":true}]}}