{"id":27166,"date":"2025-10-23T04:06:30","date_gmt":"2025-10-23T09:06:30","guid":{"rendered":"https:\/\/www.elamazonico.com\/portal\/?p=27166"},"modified":"2025-10-22T17:10:49","modified_gmt":"2025-10-22T22:10:49","slug":"concejal-de-paquisha-realiza-recorrido-tecnico-ante-inquietudes-ciudadanas-sobre-actividad-minera-en-el-barrio-san-javier","status":"publish","type":"post","link":"https:\/\/www.elamazonico.com\/portal\/concejal-de-paquisha-realiza-recorrido-tecnico-ante-inquietudes-ciudadanas-sobre-actividad-minera-en-el-barrio-san-javier\/","title":{"rendered":"Concejal de Paquisha realiza recorrido t\u00e9cnico ante inquietudes ciudadanas sobre actividad minera en el barrio San Javier"},"content":{"rendered":"<p>Ante la preocupaci\u00f3n de varios habitantes del cant\u00f3n por el inicio de actividades mineras en el sector San Javier, la concejal del cant\u00f3n Paquisha, Rosa Paqui, inform\u00f3 a trav\u00e9s de sus redes sociales que el d\u00eda de ayer se efectu\u00f3 un recorrido t\u00e9cnico junto a concejales y personal del Gobierno Aut\u00f3nomo Descentralizado Municipal de Paquisha (GADM-P), con el objetivo de verificar la apertura de la guardarraya y conocer de primera mano la situaci\u00f3n en el sitio.<\/p>\n<p>Durante la visita, las autoridades municipales dialogaron con el propietario del terreno, quien manifest\u00f3 su intenci\u00f3n de construir un campamento minero y que ya habr\u00eda mantenido conversaciones con el se\u00f1or alcalde para socializar el proyecto este lunes ante las autoridades competentes.<\/p>\n<p><strong>Entre las observaciones realizadas durante el recorrido, se constat\u00f3 que:<\/strong><br \/>\n\u2022 Las volquetas de cuatro ejes que transportan material p\u00e9treo no utilizan carpas ni mantienen seguros en sus compuertas, lo que ocasiona derrames sobre la v\u00eda y representa un riesgo para la seguridad vial y el medio ambiente.<br \/>\n\u2022 Se record\u00f3 que la obtenci\u00f3n de una licencia ambiental requiere de procesos de consulta p\u00fablica o audiencias, donde las comunidades pueden expresar sus observaciones y preocupaciones. El propietario indic\u00f3 que ya cuenta con dicha licencia, situaci\u00f3n que deber\u00e1 verificarse de manera transparente.<\/p>\n<p>En su pronunciamiento, la concejal Paqui enfatiz\u00f3 que controlar la contaminaci\u00f3n y prevenir la degradaci\u00f3n ambiental es proteger la salud, los recursos h\u00eddricos y los ecosistemas locales, destacando que este esfuerzo debe entenderse como una corresponsabilidad colectiva.<\/p>\n<p>\u201cAnte los desaf\u00edos que enfrenta nuestro territorio, es momento de unirnos como comunidad. Desde el Concejo Municipal hacemos un llamado a la participaci\u00f3n activa, al di\u00e1logo transparente y a la vigilancia ciudadana. Solo as\u00ed podremos garantizar que los proyectos que se desarrollen respeten los derechos colectivos, la naturaleza y el bienestar de las futuras generaciones\u201d, expres\u00f3 la concejal.<\/p>\n<p>Asimismo, se reiter\u00f3 la importancia de que la ciudadan\u00eda participe en los procesos de consulta p\u00fablica, exija informaci\u00f3n clara y vigile el cumplimiento de las normativas ambientales, como un ejercicio leg\u00edtimo de sus derechos y deberes c\u00edvicos.<\/p>\n<p>El Concejo Municipal de Paquisha reafirma su compromiso con la defensa del ambiente, la transparencia institucional y la protecci\u00f3n de los derechos colectivos, ratificando que la preservaci\u00f3n del territorio es una causa com\u00fan que fortalece la identidad y el futuro de la comunidad paquishense.<\/p>\n","protected":false},"excerpt":{"rendered":"<p>Ante la preocupaci\u00f3n de varios habitantes del cant\u00f3n por el inicio de actividades mineras en el sector San Javier, la concejal del cant\u00f3n Paquisha, Rosa Paqui, inform\u00f3 a trav\u00e9s de sus redes sociales que el d\u00eda de ayer se efectu\u00f3 un recorrido t\u00e9cnico junto a concejales y personal del Gobierno Aut\u00f3nomo Descentralizado Municipal de Paquisha (GADM-P), con el objetivo de verificar la apertura de la guardarraya y conocer de primera mano la situaci\u00f3n en el sitio. Durante la visita, las autoridades municipales dialogaron con el propietario del terreno, quien manifest\u00f3 su intenci\u00f3n de construir un campamento minero y que ya habr\u00eda mantenido conversaciones con el se\u00f1or alcalde para socializar el proyecto este lunes ante las autoridades competentes. Entre las observaciones realizadas durante el recorrido, se constat\u00f3 que: \u2022 Las volquetas de cuatro ejes que transportan material p\u00e9treo no utilizan carpas ni mantienen seguros en sus compuertas, lo que ocasiona derrames sobre la v\u00eda y representa un riesgo para la seguridad vial y el medio ambiente. \u2022 Se record\u00f3 que la obtenci\u00f3n de una licencia ambiental requiere de procesos de consulta p\u00fablica o audiencias, donde las comunidades pueden expresar sus observaciones y preocupaciones. El propietario indic\u00f3 que ya cuenta con dicha licencia, situaci\u00f3n que deber\u00e1 verificarse de manera transparente. En su pronunciamiento, la concejal Paqui enfatiz\u00f3 que controlar la contaminaci\u00f3n y prevenir la degradaci\u00f3n ambiental es proteger la salud, los recursos h\u00eddricos y los ecosistemas locales, destacando que este esfuerzo debe entenderse como una corresponsabilidad colectiva. \u201cAnte los desaf\u00edos que enfrenta nuestro territorio, es momento de unirnos como comunidad. Desde el Concejo Municipal hacemos un llamado a la participaci\u00f3n activa, al di\u00e1logo transparente y a la vigilancia ciudadana. Solo as\u00ed podremos garantizar que los proyectos que se desarrollen respeten los derechos colectivos, la naturaleza y el bienestar de las futuras generaciones\u201d, expres\u00f3 la concejal. Asimismo, se reiter\u00f3 la importancia de que la ciudadan\u00eda participe en los procesos de consulta p\u00fablica, exija informaci\u00f3n clara y vigile el cumplimiento de las normativas ambientales, como un ejercicio leg\u00edtimo de sus derechos y deberes c\u00edvicos. El Concejo Municipal de Paquisha reafirma su compromiso con la defensa del ambiente, la transparencia institucional y la protecci\u00f3n de los derechos colectivos, ratificando que la preservaci\u00f3n del territorio es una causa com\u00fan que fortalece la identidad y el futuro de la comunidad paquishense.<\/p>\n","protected":false},"author":1,"featured_media":27167,"comment_status":"closed","ping_status":"closed","sticky":false,"template":"","format":"standard","meta":{"footnotes":""},"categories":[243],"tags":[],"class_list":["post-27166","post","type-post","status-publish","format-standard","has-post-thumbnail","hentry","category-noticias-zamora"],"_links":{"self":[{"href":"https:\/\/www.elamazonico.com\/portal\/wp-json\/wp\/v2\/posts\/27166","targetHints":{"allow":["GET"]}}],"collection":[{"href":"https:\/\/www.elamazonico.com\/portal\/wp-json\/wp\/v2\/posts"}],"about":[{"href":"https:\/\/www.elamazonico.com\/portal\/wp-json\/wp\/v2\/types\/post"}],"author":[{"embeddable":true,"href":"https:\/\/www.elamazonico.com\/portal\/wp-json\/wp\/v2\/users\/1"}],"replies":[{"embeddable":true,"href":"https:\/\/www.elamazonico.com\/portal\/wp-json\/wp\/v2\/comments?post=27166"}],"version-history":[{"count":1,"href":"https:\/\/www.elamazonico.com\/portal\/wp-json\/wp\/v2\/posts\/27166\/revisions"}],"predecessor-version":[{"id":27168,"href":"https:\/\/www.elamazonico.com\/portal\/wp-json\/wp\/v2\/posts\/27166\/revisions\/27168"}],"wp:featuredmedia":[{"embeddable":true,"href":"https:\/\/www.elamazonico.com\/portal\/wp-json\/wp\/v2\/media\/27167"}],"wp:attachment":[{"href":"https:\/\/www.elamazonico.com\/portal\/wp-json\/wp\/v2\/media?parent=27166"}],"wp:term":[{"taxonomy":"category","embeddable":true,"href":"https:\/\/www.elamazonico.com\/portal\/wp-json\/wp\/v2\/categories?post=27166"},{"taxonomy":"post_tag","embeddable":true,"href":"https:\/\/www.elamazonico.com\/portal\/wp-json\/wp\/v2\/tags?post=27166"}],"curies":[{"name":"wp","href":"https:\/\/api.w.org\/{rel}","templated":true}]}}