{"id":27143,"date":"2025-10-22T09:39:40","date_gmt":"2025-10-22T14:39:40","guid":{"rendered":"https:\/\/www.elamazonico.com\/portal\/?p=27143"},"modified":"2025-10-22T09:43:21","modified_gmt":"2025-10-22T14:43:21","slug":"concejal-de-loja-destaca-avances-en-proceso-judicial-tras-denuncia-por-presunto-peculado-en-administracion-anterior","status":"publish","type":"post","link":"https:\/\/www.elamazonico.com\/portal\/concejal-de-loja-destaca-avances-en-proceso-judicial-tras-denuncia-por-presunto-peculado-en-administracion-anterior\/","title":{"rendered":"Concejal de Loja destaca avances en proceso judicial tras denuncia por presunto peculado en administraci\u00f3n anterior"},"content":{"rendered":"<p>En una entrevista concedida al periodista lojano Jos\u00e9 Daniel, el concejal del cant\u00f3n Loja, Santiago Err\u00e1ez, se pronunci\u00f3 respecto al reciente pedido de formulaci\u00f3n de cargos solicitado por la Fiscal\u00eda Provincial de Loja en contra de la exalcaldesa Patricia Pico\u00edta, el exprocurador s\u00edndico del Municipio de Loja y el exdirector de Obras P\u00fablicas. Esta acci\u00f3n judicial se deriva de un proceso de fiscalizaci\u00f3n impulsado hace dos a\u00f1os por el propio concejal Err\u00e1ez y el exalcalde Daniel Delgado, en el marco de una denuncia por presunto peculado.<\/p>\n<p>El concejal expres\u00f3 que la solicitud de formulaci\u00f3n de cargos representa \u201cun avance importante en la b\u00fasqueda de justicia\u201d, tras las investigaciones iniciadas por un presunto manejo irregular de recursos p\u00fablicos en los \u00faltimos d\u00edas de la administraci\u00f3n anterior.<br \/>\n\u201cHan pasado dos a\u00f1os desde que presentamos esta fiscalizaci\u00f3n. Es alentador ver que hoy se den resultados. El \u00faltimo d\u00eda de la gesti\u00f3n de la exalcaldesa se transfirieron aproximadamente tres millones y medio de d\u00f3lares a una empresa privada, fondos pertenecientes a los ciudadanos lojanos\u201d, se\u00f1al\u00f3.<\/p>\n<p>Seg\u00fan Err\u00e1ez, dicho pago habr\u00eda correspondido a un contrato complementario presuntamente alterado, donde incluso se habr\u00edan modificado cl\u00e1usulas contractuales sin seguir el debido proceso. Indic\u00f3 que la maniobra habr\u00eda sido promovida por el entonces procurador s\u00edndico y que otras personas, al negarse a firmar el traspaso de fondos, fueron removidas de sus cargos.<\/p>\n<p>El edil enfatiz\u00f3 que esta denuncia fue presentada antes del inicio de la actual administraci\u00f3n municipal, junto al concejal Ignacio Arcadio, con el objetivo de advertir sobre posibles irregularidades en los pagos. \u201cAlgunos colegas mencionaron haber presentado la denuncia, pero la verdad es que este proceso ya estaba en marcha desde antes, con el prop\u00f3sito de proteger los intereses del Municipio\u201d, aclar\u00f3.<\/p>\n<p>Asimismo, Err\u00e1ez resalt\u00f3 la importancia del trabajo de fiscalizaci\u00f3n como un deber \u00e9tico y legal de los concejales, recordando que este no es el \u00fanico caso en el que se han evidenciado posibles irregularidades. \u201cLa justicia nos ha dado la raz\u00f3n en otros procesos, como el de las motobombas y el de las parroquias. Seguiremos cumpliendo nuestro rol de vigilancia y control\u201d, afirm\u00f3.<\/p>\n<p>Finalmente, el concejal reiter\u00f3 su compromiso de dar seguimiento al caso junto con su equipo asesor jur\u00eddico, esperando que la justicia determine responsabilidades y, de ser el caso, se ordene la restituci\u00f3n de los recursos municipales.<\/p>\n<p>\u201cLo \u00fanico que pedimos es que la justicia act\u00fae con transparencia. Nuestra labor es fiscalizar cualquier administraci\u00f3n, sin distinciones\u201d, concluy\u00f3.<\/p>\n","protected":false},"excerpt":{"rendered":"<p>En una entrevista concedida al periodista lojano Jos\u00e9 Daniel, el concejal del cant\u00f3n Loja, Santiago Err\u00e1ez, se pronunci\u00f3 respecto al reciente pedido de formulaci\u00f3n de cargos solicitado por la Fiscal\u00eda Provincial de Loja en contra de la exalcaldesa Patricia Pico\u00edta, el exprocurador s\u00edndico del Municipio de Loja y el exdirector de Obras P\u00fablicas. Esta acci\u00f3n judicial se deriva de un proceso de fiscalizaci\u00f3n impulsado hace dos a\u00f1os por el propio concejal Err\u00e1ez y el exalcalde Daniel Delgado, en el marco de una denuncia por presunto peculado. El concejal expres\u00f3 que la solicitud de formulaci\u00f3n de cargos representa \u201cun avance importante en la b\u00fasqueda de justicia\u201d, tras las investigaciones iniciadas por un presunto manejo irregular de recursos p\u00fablicos en los \u00faltimos d\u00edas de la administraci\u00f3n anterior. \u201cHan pasado dos a\u00f1os desde que presentamos esta fiscalizaci\u00f3n. Es alentador ver que hoy se den resultados. El \u00faltimo d\u00eda de la gesti\u00f3n de la exalcaldesa se transfirieron aproximadamente tres millones y medio de d\u00f3lares a una empresa privada, fondos pertenecientes a los ciudadanos lojanos\u201d, se\u00f1al\u00f3. Seg\u00fan Err\u00e1ez, dicho pago habr\u00eda correspondido a un contrato complementario presuntamente alterado, donde incluso se habr\u00edan modificado cl\u00e1usulas contractuales sin seguir el debido proceso. Indic\u00f3 que la maniobra habr\u00eda sido promovida por el entonces procurador s\u00edndico y que otras personas, al negarse a firmar el traspaso de fondos, fueron removidas de sus cargos. El edil enfatiz\u00f3 que esta denuncia fue presentada antes del inicio de la actual administraci\u00f3n municipal, junto al concejal Ignacio Arcadio, con el objetivo de advertir sobre posibles irregularidades en los pagos. \u201cAlgunos colegas mencionaron haber presentado la denuncia, pero la verdad es que este proceso ya estaba en marcha desde antes, con el prop\u00f3sito de proteger los intereses del Municipio\u201d, aclar\u00f3. Asimismo, Err\u00e1ez resalt\u00f3 la importancia del trabajo de fiscalizaci\u00f3n como un deber \u00e9tico y legal de los concejales, recordando que este no es el \u00fanico caso en el que se han evidenciado posibles irregularidades. \u201cLa justicia nos ha dado la raz\u00f3n en otros procesos, como el de las motobombas y el de las parroquias. Seguiremos cumpliendo nuestro rol de vigilancia y control\u201d, afirm\u00f3. Finalmente, el concejal reiter\u00f3 su compromiso de dar seguimiento al caso junto con su equipo asesor jur\u00eddico, esperando que la justicia determine responsabilidades y, de ser el caso, se ordene la restituci\u00f3n de los recursos municipales. \u201cLo \u00fanico que pedimos es que la justicia act\u00fae con transparencia. Nuestra labor es fiscalizar cualquier administraci\u00f3n, sin distinciones\u201d, concluy\u00f3.<\/p>\n","protected":false},"author":1,"featured_media":27146,"comment_status":"closed","ping_status":"closed","sticky":false,"template":"","format":"standard","meta":{"footnotes":""},"categories":[284],"tags":[],"class_list":["post-27143","post","type-post","status-publish","format-standard","has-post-thumbnail","hentry","category-noticias-loja"],"_links":{"self":[{"href":"https:\/\/www.elamazonico.com\/portal\/wp-json\/wp\/v2\/posts\/27143","targetHints":{"allow":["GET"]}}],"collection":[{"href":"https:\/\/www.elamazonico.com\/portal\/wp-json\/wp\/v2\/posts"}],"about":[{"href":"https:\/\/www.elamazonico.com\/portal\/wp-json\/wp\/v2\/types\/post"}],"author":[{"embeddable":true,"href":"https:\/\/www.elamazonico.com\/portal\/wp-json\/wp\/v2\/users\/1"}],"replies":[{"embeddable":true,"href":"https:\/\/www.elamazonico.com\/portal\/wp-json\/wp\/v2\/comments?post=27143"}],"version-history":[{"count":1,"href":"https:\/\/www.elamazonico.com\/portal\/wp-json\/wp\/v2\/posts\/27143\/revisions"}],"predecessor-version":[{"id":27144,"href":"https:\/\/www.elamazonico.com\/portal\/wp-json\/wp\/v2\/posts\/27143\/revisions\/27144"}],"wp:featuredmedia":[{"embeddable":true,"href":"https:\/\/www.elamazonico.com\/portal\/wp-json\/wp\/v2\/media\/27146"}],"wp:attachment":[{"href":"https:\/\/www.elamazonico.com\/portal\/wp-json\/wp\/v2\/media?parent=27143"}],"wp:term":[{"taxonomy":"category","embeddable":true,"href":"https:\/\/www.elamazonico.com\/portal\/wp-json\/wp\/v2\/categories?post=27143"},{"taxonomy":"post_tag","embeddable":true,"href":"https:\/\/www.elamazonico.com\/portal\/wp-json\/wp\/v2\/tags?post=27143"}],"curies":[{"name":"wp","href":"https:\/\/api.w.org\/{rel}","templated":true}]}}