{"id":27096,"date":"2025-10-21T04:05:02","date_gmt":"2025-10-21T09:05:02","guid":{"rendered":"https:\/\/www.elamazonico.com\/portal\/?p=27096"},"modified":"2025-10-20T19:18:40","modified_gmt":"2025-10-21T00:18:40","slug":"timbara-impulsa-la-economia-local-a-traves-de-la-feria-de-productores","status":"publish","type":"post","link":"https:\/\/www.elamazonico.com\/portal\/timbara-impulsa-la-economia-local-a-traves-de-la-feria-de-productores\/","title":{"rendered":"Timbara impulsa la econom\u00eda local a trav\u00e9s de la feria de productores"},"content":{"rendered":"<p>Cada s\u00e1bado, desde las 07h30 hasta las 13h00, la cabecera parroquial de Timbara se convierte en un punto de encuentro para la comunidad y los productores locales, gracias a la Feria de Productores Locales, una iniciativa impulsada por el Gobierno Parroquial de Timbara, que promueve el comercio justo, la producci\u00f3n org\u00e1nica y el fortalecimiento de la econom\u00eda familiar.<\/p>\n<p>El pasado s\u00e1bado 18 de octubre, productores de diversos barrios y comunidades rurales ofrecieron una amplia variedad de productos cultivados y elaborados de manera artesanal. Entre ellos, frutas, hortalizas, miel, caf\u00e9, chocolate, panela granulada, huevos criollos, prendas de vestir y art\u00edculos del hogar.<\/p>\n<p>Victoria Huam\u00e1n, productora del barrio Chapintza, manifest\u00f3 su satisfacci\u00f3n por contar con este espacio de comercializaci\u00f3n:<br \/>\n\u201cGracias al presidente de la Junta tengo un puesto para vender mis productos. Antes no ten\u00eda d\u00f3nde ofrecerlos, y ahora, gracias a Dios, todo vendo. Es una gran ayuda para las familias del campo\u201d, expres\u00f3.<\/p>\n<p>Asimismo, Mar\u00eda Macas, del barrio Sacantza, resalt\u00f3 la importancia de contar con un espacio fijo de venta: \u201cEstas ferias nos ayudan a generar ingresos para el sustento familiar. Ser\u00eda ideal que en el futuro podamos contar con un mercado propio para los productores locales\u201d, indic\u00f3.<\/p>\n<p>Desde el barrio Tunantza Alto, Maura Torres ofreci\u00f3 productos elaborados de forma org\u00e1nica, como caf\u00e9, chocolate, limones y huevos criollos: \u201cTodo es natural, sin qu\u00edmicos. El caf\u00e9 y el chocolate los produzco yo misma. Gracias al apoyo del presidente podemos vender y aportar al sustento de nuestras familias\u201d, se\u00f1al\u00f3.<\/p>\n<p>Por su parte, Mar\u00eda Poma, productora del barrio Bellavista, destac\u00f3 el respaldo institucional recibido: \u201cContamos con un invernadero que nos ha permitido cultivar de forma org\u00e1nica. Vendo lechugas, porotos, cebolla y otros productos a precios accesibles. Gracias a esta feria puedo mantener a mi familia\u201d, coment\u00f3.<\/p>\n<p>A la diversidad agr\u00edcola se suman tambi\u00e9n emprendedores dedicados al comercio de ropa, calzado y art\u00edculos de uso personal. Tania Piedra, moradora de Tunantza, enfatiz\u00f3 el car\u00e1cter inclusivo del espacio: \u201cAqu\u00ed hay de todo un poco. Ofrecemos productos de calidad a precios c\u00f3modos. Estoy muy agradecida con el presidente por permitirnos trabajar y salir adelante\u201d, mencion\u00f3.<\/p>\n<p>El presidente de la Junta Parroquial de Timbara, Jhonatan Chiriboga, subray\u00f3 el compromiso de la instituci\u00f3n con el desarrollo productivo y social de la parroquia: \u201cEstas ferias de todos los s\u00e1bados son un espacio para el impulso de nuestros emprendedores locales. Contamos con productos netamente org\u00e1nicos, elaborados por familias de Timbara y de parroquias vecinas. Desde el Gobierno Parroquial mantenemos las puertas abiertas para fortalecer este proceso de crecimiento comunitario\u201d, se\u00f1al\u00f3.<\/p>\n<p>La Feria de Productores Locales de Timbara se consolida as\u00ed como una vitrina del esfuerzo y la dedicaci\u00f3n de los habitantes rurales, quienes con su trabajo diario promueven la soberan\u00eda alimentaria, la producci\u00f3n sostenible y el desarrollo econ\u00f3mico de Zamora Chinchipe.<\/p>\n","protected":false},"excerpt":{"rendered":"<p>Cada s\u00e1bado, desde las 07h30 hasta las 13h00, la cabecera parroquial de Timbara se convierte en un punto de encuentro para la comunidad y los productores locales, gracias a la Feria de Productores Locales, una iniciativa impulsada por el Gobierno Parroquial de Timbara, que promueve el comercio justo, la producci\u00f3n org\u00e1nica y el fortalecimiento de la econom\u00eda familiar. El pasado s\u00e1bado 18 de octubre, productores de diversos barrios y comunidades rurales ofrecieron una amplia variedad de productos cultivados y elaborados de manera artesanal. Entre ellos, frutas, hortalizas, miel, caf\u00e9, chocolate, panela granulada, huevos criollos, prendas de vestir y art\u00edculos del hogar. Victoria Huam\u00e1n, productora del barrio Chapintza, manifest\u00f3 su satisfacci\u00f3n por contar con este espacio de comercializaci\u00f3n: \u201cGracias al presidente de la Junta tengo un puesto para vender mis productos. Antes no ten\u00eda d\u00f3nde ofrecerlos, y ahora, gracias a Dios, todo vendo. Es una gran ayuda para las familias del campo\u201d, expres\u00f3. Asimismo, Mar\u00eda Macas, del barrio Sacantza, resalt\u00f3 la importancia de contar con un espacio fijo de venta: \u201cEstas ferias nos ayudan a generar ingresos para el sustento familiar. Ser\u00eda ideal que en el futuro podamos contar con un mercado propio para los productores locales\u201d, indic\u00f3. Desde el barrio Tunantza Alto, Maura Torres ofreci\u00f3 productos elaborados de forma org\u00e1nica, como caf\u00e9, chocolate, limones y huevos criollos: \u201cTodo es natural, sin qu\u00edmicos. El caf\u00e9 y el chocolate los produzco yo misma. Gracias al apoyo del presidente podemos vender y aportar al sustento de nuestras familias\u201d, se\u00f1al\u00f3. Por su parte, Mar\u00eda Poma, productora del barrio Bellavista, destac\u00f3 el respaldo institucional recibido: \u201cContamos con un invernadero que nos ha permitido cultivar de forma org\u00e1nica. Vendo lechugas, porotos, cebolla y otros productos a precios accesibles. Gracias a esta feria puedo mantener a mi familia\u201d, coment\u00f3. A la diversidad agr\u00edcola se suman tambi\u00e9n emprendedores dedicados al comercio de ropa, calzado y art\u00edculos de uso personal. Tania Piedra, moradora de Tunantza, enfatiz\u00f3 el car\u00e1cter inclusivo del espacio: \u201cAqu\u00ed hay de todo un poco. Ofrecemos productos de calidad a precios c\u00f3modos. Estoy muy agradecida con el presidente por permitirnos trabajar y salir adelante\u201d, mencion\u00f3. El presidente de la Junta Parroquial de Timbara, Jhonatan Chiriboga, subray\u00f3 el compromiso de la instituci\u00f3n con el desarrollo productivo y social de la parroquia: \u201cEstas ferias de todos los s\u00e1bados son un espacio para el impulso de nuestros emprendedores locales. Contamos con productos netamente org\u00e1nicos, elaborados por familias de Timbara y de parroquias vecinas. Desde el Gobierno Parroquial mantenemos las puertas abiertas para fortalecer este proceso de crecimiento comunitario\u201d, se\u00f1al\u00f3. La Feria de Productores Locales de Timbara se consolida as\u00ed como una vitrina del esfuerzo y la dedicaci\u00f3n de los habitantes rurales, quienes con su trabajo diario promueven la soberan\u00eda alimentaria, la producci\u00f3n sostenible y el desarrollo econ\u00f3mico de Zamora Chinchipe.<\/p>\n","protected":false},"author":1,"featured_media":27097,"comment_status":"closed","ping_status":"closed","sticky":false,"template":"","format":"standard","meta":{"footnotes":""},"categories":[243],"tags":[],"class_list":["post-27096","post","type-post","status-publish","format-standard","has-post-thumbnail","hentry","category-noticias-zamora"],"_links":{"self":[{"href":"https:\/\/www.elamazonico.com\/portal\/wp-json\/wp\/v2\/posts\/27096","targetHints":{"allow":["GET"]}}],"collection":[{"href":"https:\/\/www.elamazonico.com\/portal\/wp-json\/wp\/v2\/posts"}],"about":[{"href":"https:\/\/www.elamazonico.com\/portal\/wp-json\/wp\/v2\/types\/post"}],"author":[{"embeddable":true,"href":"https:\/\/www.elamazonico.com\/portal\/wp-json\/wp\/v2\/users\/1"}],"replies":[{"embeddable":true,"href":"https:\/\/www.elamazonico.com\/portal\/wp-json\/wp\/v2\/comments?post=27096"}],"version-history":[{"count":1,"href":"https:\/\/www.elamazonico.com\/portal\/wp-json\/wp\/v2\/posts\/27096\/revisions"}],"predecessor-version":[{"id":27098,"href":"https:\/\/www.elamazonico.com\/portal\/wp-json\/wp\/v2\/posts\/27096\/revisions\/27098"}],"wp:featuredmedia":[{"embeddable":true,"href":"https:\/\/www.elamazonico.com\/portal\/wp-json\/wp\/v2\/media\/27097"}],"wp:attachment":[{"href":"https:\/\/www.elamazonico.com\/portal\/wp-json\/wp\/v2\/media?parent=27096"}],"wp:term":[{"taxonomy":"category","embeddable":true,"href":"https:\/\/www.elamazonico.com\/portal\/wp-json\/wp\/v2\/categories?post=27096"},{"taxonomy":"post_tag","embeddable":true,"href":"https:\/\/www.elamazonico.com\/portal\/wp-json\/wp\/v2\/tags?post=27096"}],"curies":[{"name":"wp","href":"https:\/\/api.w.org\/{rel}","templated":true}]}}