{"id":27088,"date":"2025-10-20T12:12:12","date_gmt":"2025-10-20T17:12:12","guid":{"rendered":"https:\/\/www.elamazonico.com\/portal\/?p=27088"},"modified":"2025-10-20T12:12:12","modified_gmt":"2025-10-20T17:12:12","slug":"la-democracia-que-olvidamos-vivir","status":"publish","type":"post","link":"https:\/\/www.elamazonico.com\/portal\/la-democracia-que-olvidamos-vivir\/","title":{"rendered":"La democracia que olvidamos vivir"},"content":{"rendered":"<p><strong>Por: Ab. Franco Tamay<\/strong><\/p>\n<p>A veces me pregunto si en verdad vivimos en una democracia o si simplemente habitamos dentro de una ilusi\u00f3n bien dise\u00f1ada. Nos ense\u00f1aron que la democracia es \u201cel gobierno del pueblo, por el pueblo y para el pueblo\u201d, pero esa frase, tan repetida como vac\u00eda, parece haberse convertido en un eslogan m\u00e1s que en una pr\u00e1ctica real.<br \/>\nPara m\u00ed, la democracia no se resume en depositar un voto cada cierto tiempo ni en escuchar discursos cargados de promesas. Democracia es, ante todo, una forma de vida colectiva basada en el respeto, en la libertad de pensamiento, en la participaci\u00f3n ciudadana genuina y, sobre todo, en la posibilidad de disentir sin miedo.<br \/>\nVivimos tiempos en los que disentir se castiga, donde el pensamiento cr\u00edtico es etiquetado como oposici\u00f3n o traici\u00f3n. Y entonces me pregunto: \u00bfde qu\u00e9 sirve hablar de democracia si no hay espacio para el debate honesto ni para la diversidad de ideas? Una sociedad verdaderamente democr\u00e1tica se construye en el di\u00e1logo, no en el dogma; en la escucha activa, no en el aplauso ciego.<br \/>\nLa democracia, en su sentido m\u00e1s profundo, implica corresponsabilidad. No se trata solo de exigir derechos, sino tambi\u00e9n de asumir deberes. De nada sirve reclamar transparencia si, como ciudadanos, seguimos siendo indiferentes ante la corrupci\u00f3n o la injusticia.<\/p>\n<p>He llegado a pensar que la democracia no es un destino, sino un camino que debe recorrerse todos los d\u00edas. Se fortalece con instituciones s\u00f3lidas, pero sobre todo con ciudadanos conscientes, informados y valientes.<\/p>\n<p>Porque al final, la democracia no vive en los discursos ni en las urnas: vive en la calle, en el aula, en la familia, en la conciencia de cada persona que se atreve a pensar y actuar con libertad.<br \/>\nY tal vez ah\u00ed est\u00e1 la respuesta: la democracia no es un sistema pol\u00edtico, es una actitud \u00e9tica frente a la vida.<\/p>\n","protected":false},"excerpt":{"rendered":"<p>Por: Ab. Franco Tamay A veces me pregunto si en verdad vivimos en una democracia o si simplemente habitamos dentro de una ilusi\u00f3n bien dise\u00f1ada. Nos ense\u00f1aron que la democracia es \u201cel gobierno del pueblo, por el pueblo y para el pueblo\u201d, pero esa frase, tan repetida como vac\u00eda, parece haberse convertido en un eslogan m\u00e1s que en una pr\u00e1ctica real. Para m\u00ed, la democracia no se resume en depositar un voto cada cierto tiempo ni en escuchar discursos cargados de promesas. Democracia es, ante todo, una forma de vida colectiva basada en el respeto, en la libertad de pensamiento, en la participaci\u00f3n ciudadana genuina y, sobre todo, en la posibilidad de disentir sin miedo. Vivimos tiempos en los que disentir se castiga, donde el pensamiento cr\u00edtico es etiquetado como oposici\u00f3n o traici\u00f3n. Y entonces me pregunto: \u00bfde qu\u00e9 sirve hablar de democracia si no hay espacio para el debate honesto ni para la diversidad de ideas? Una sociedad verdaderamente democr\u00e1tica se construye en el di\u00e1logo, no en el dogma; en la escucha activa, no en el aplauso ciego. La democracia, en su sentido m\u00e1s profundo, implica corresponsabilidad. No se trata solo de exigir derechos, sino tambi\u00e9n de asumir deberes. De nada sirve reclamar transparencia si, como ciudadanos, seguimos siendo indiferentes ante la corrupci\u00f3n o la injusticia. He llegado a pensar que la democracia no es un destino, sino un camino que debe recorrerse todos los d\u00edas. Se fortalece con instituciones s\u00f3lidas, pero sobre todo con ciudadanos conscientes, informados y valientes. Porque al final, la democracia no vive en los discursos ni en las urnas: vive en la calle, en el aula, en la familia, en la conciencia de cada persona que se atreve a pensar y actuar con libertad. Y tal vez ah\u00ed est\u00e1 la respuesta: la democracia no es un sistema pol\u00edtico, es una actitud \u00e9tica frente a la vida.<\/p>\n","protected":false},"author":1,"featured_media":27016,"comment_status":"closed","ping_status":"closed","sticky":false,"template":"","format":"standard","meta":{"footnotes":""},"categories":[7],"tags":[],"class_list":["post-27088","post","type-post","status-publish","format-standard","has-post-thumbnail","hentry","category-opinion"],"_links":{"self":[{"href":"https:\/\/www.elamazonico.com\/portal\/wp-json\/wp\/v2\/posts\/27088","targetHints":{"allow":["GET"]}}],"collection":[{"href":"https:\/\/www.elamazonico.com\/portal\/wp-json\/wp\/v2\/posts"}],"about":[{"href":"https:\/\/www.elamazonico.com\/portal\/wp-json\/wp\/v2\/types\/post"}],"author":[{"embeddable":true,"href":"https:\/\/www.elamazonico.com\/portal\/wp-json\/wp\/v2\/users\/1"}],"replies":[{"embeddable":true,"href":"https:\/\/www.elamazonico.com\/portal\/wp-json\/wp\/v2\/comments?post=27088"}],"version-history":[{"count":1,"href":"https:\/\/www.elamazonico.com\/portal\/wp-json\/wp\/v2\/posts\/27088\/revisions"}],"predecessor-version":[{"id":27089,"href":"https:\/\/www.elamazonico.com\/portal\/wp-json\/wp\/v2\/posts\/27088\/revisions\/27089"}],"wp:featuredmedia":[{"embeddable":true,"href":"https:\/\/www.elamazonico.com\/portal\/wp-json\/wp\/v2\/media\/27016"}],"wp:attachment":[{"href":"https:\/\/www.elamazonico.com\/portal\/wp-json\/wp\/v2\/media?parent=27088"}],"wp:term":[{"taxonomy":"category","embeddable":true,"href":"https:\/\/www.elamazonico.com\/portal\/wp-json\/wp\/v2\/categories?post=27088"},{"taxonomy":"post_tag","embeddable":true,"href":"https:\/\/www.elamazonico.com\/portal\/wp-json\/wp\/v2\/tags?post=27088"}],"curies":[{"name":"wp","href":"https:\/\/api.w.org\/{rel}","templated":true}]}}