{"id":27072,"date":"2025-10-20T04:30:46","date_gmt":"2025-10-20T09:30:46","guid":{"rendered":"https:\/\/www.elamazonico.com\/portal\/?p=27072"},"modified":"2025-10-19T12:38:56","modified_gmt":"2025-10-19T17:38:56","slug":"concurso-de-pintura-promueve-la-conciencia-ambiental-en-la-unidad-educativa-el-valle-de-elah","status":"publish","type":"post","link":"https:\/\/www.elamazonico.com\/portal\/concurso-de-pintura-promueve-la-conciencia-ambiental-en-la-unidad-educativa-el-valle-de-elah\/","title":{"rendered":"Concurso de Pintura Promueve la Conciencia Ambiental en la Unidad Educativa \u201cEl Valle de Elah\u201d"},"content":{"rendered":"<p>Con el objetivo de fomentar la creatividad art\u00edstica y fortalecer la conciencia ambiental en la ni\u00f1ez, la Unidad Educativa \u201cEl Valle de Elah\u201d del cant\u00f3n Zamora desarroll\u00f3 el Concurso de Pintura 2025, una actividad enmarcada en el eje de prevenci\u00f3n de riesgos y protecci\u00f3n del medio ambiente, impulsada con el apoyo del Distrito de Educaci\u00f3n.<\/p>\n<p>La directora del plantel, Erika Tapia, expres\u00f3 su satisfacci\u00f3n por la participaci\u00f3n de los estudiantes y destac\u00f3 el compromiso institucional con la educaci\u00f3n integral.<\/p>\n<p>\u201cEstamos muy contentos por este concurso que busca que los ni\u00f1os plasmen su imaginaci\u00f3n, comprendan la importancia de prevenir riesgos naturales y desarrollen su talento art\u00edstico. Este tipo de actividades nos permiten educar en valores ambientales y promover la creatividad desde temprana edad\u201d, manifest\u00f3 Tapia.<\/p>\n<p>El evento cont\u00f3 con la participaci\u00f3n de 11 estudiantes seleccionados de los diferentes niveles educativos, quienes representaron a sus paralelos tras un concurso interno previo. Los trabajos art\u00edsticos abordaron tem\u00e1ticas relacionadas con el cuidado de los r\u00edos, la gesti\u00f3n de residuos y la preservaci\u00f3n de la naturaleza amaz\u00f3nica.<\/p>\n<p>Durante la jornada, los ni\u00f1os recibieron la orientaci\u00f3n de la docente de arte, Emelyn Guerrera, y la motivaci\u00f3n de sus maestras y padres de familia. Adem\u00e1s, se cont\u00f3 con la presencia del reconocido artista zamorano Mario Ambuludi, quien form\u00f3 parte del jurado calificador.<br \/>\n\u201cEs grato observar el talento y la imaginaci\u00f3n de los ni\u00f1os. La pintura desarrolla su motricidad, su percepci\u00f3n visual y su inteligencia emocional. El arte es cultura, y debe seguir fortaleci\u00e9ndose en las instituciones educativas\u201d, se\u00f1al\u00f3 Ambuludi.<\/p>\n<p>La actividad tambi\u00e9n fue valorada por los padres de familia. Carla Samaniego, madre de uno de los participantes, resalt\u00f3 la importancia de estas iniciativas para el desarrollo creativo de los ni\u00f1os:<br \/>\n\u201cEstos concursos motivan a los estudiantes a desplegar su imaginaci\u00f3n y fortalecer su talento. Agradezco a los docentes por fomentar la creatividad y el arte en nuestros hijos\u201d.<\/p>\n<p>Por su parte, Paulina Macas, docente de los niveles iniciales, destac\u00f3 que el evento se realiz\u00f3 en un entorno natural privilegiado, lo cual permiti\u00f3 reforzar el aprendizaje sobre la protecci\u00f3n del entorno amaz\u00f3nico.<\/p>\n<p>\u201cVivimos rodeados de r\u00edos, cascadas y aves; este tipo de actividades permiten a los ni\u00f1os comprender la importancia de cuidar la naturaleza y ser responsables con el manejo de la basura y los recursos naturales\u201d, enfatiz\u00f3.<\/p>\n<p>Finalmente, la directora Erika Tapia reiter\u00f3 su llamado a la comunidad educativa a continuar impulsando una educaci\u00f3n responsable, art\u00edstica y ambientalmente consciente:<br \/>\n\u201cDebemos educar desde el hogar y la escuela en el cuidado del agua, la clasificaci\u00f3n de residuos y el respeto por la Amazon\u00eda. Nuestra unidad educativa es parte activa de ese cambio\u201d.<\/p>\n<p>Los ganadores del concurso representar\u00e1n a la instituci\u00f3n en la etapa nacional, demostrando el talento y compromiso ambiental de la ni\u00f1ez zamorana.<\/p>\n","protected":false},"excerpt":{"rendered":"<p>Con el objetivo de fomentar la creatividad art\u00edstica y fortalecer la conciencia ambiental en la ni\u00f1ez, la Unidad Educativa \u201cEl Valle de Elah\u201d del cant\u00f3n Zamora desarroll\u00f3 el Concurso de Pintura 2025, una actividad enmarcada en el eje de prevenci\u00f3n de riesgos y protecci\u00f3n del medio ambiente, impulsada con el apoyo del Distrito de Educaci\u00f3n. La directora del plantel, Erika Tapia, expres\u00f3 su satisfacci\u00f3n por la participaci\u00f3n de los estudiantes y destac\u00f3 el compromiso institucional con la educaci\u00f3n integral. \u201cEstamos muy contentos por este concurso que busca que los ni\u00f1os plasmen su imaginaci\u00f3n, comprendan la importancia de prevenir riesgos naturales y desarrollen su talento art\u00edstico. Este tipo de actividades nos permiten educar en valores ambientales y promover la creatividad desde temprana edad\u201d, manifest\u00f3 Tapia. El evento cont\u00f3 con la participaci\u00f3n de 11 estudiantes seleccionados de los diferentes niveles educativos, quienes representaron a sus paralelos tras un concurso interno previo. Los trabajos art\u00edsticos abordaron tem\u00e1ticas relacionadas con el cuidado de los r\u00edos, la gesti\u00f3n de residuos y la preservaci\u00f3n de la naturaleza amaz\u00f3nica. Durante la jornada, los ni\u00f1os recibieron la orientaci\u00f3n de la docente de arte, Emelyn Guerrera, y la motivaci\u00f3n de sus maestras y padres de familia. Adem\u00e1s, se cont\u00f3 con la presencia del reconocido artista zamorano Mario Ambuludi, quien form\u00f3 parte del jurado calificador. \u201cEs grato observar el talento y la imaginaci\u00f3n de los ni\u00f1os. La pintura desarrolla su motricidad, su percepci\u00f3n visual y su inteligencia emocional. El arte es cultura, y debe seguir fortaleci\u00e9ndose en las instituciones educativas\u201d, se\u00f1al\u00f3 Ambuludi. La actividad tambi\u00e9n fue valorada por los padres de familia. Carla Samaniego, madre de uno de los participantes, resalt\u00f3 la importancia de estas iniciativas para el desarrollo creativo de los ni\u00f1os: \u201cEstos concursos motivan a los estudiantes a desplegar su imaginaci\u00f3n y fortalecer su talento. Agradezco a los docentes por fomentar la creatividad y el arte en nuestros hijos\u201d. Por su parte, Paulina Macas, docente de los niveles iniciales, destac\u00f3 que el evento se realiz\u00f3 en un entorno natural privilegiado, lo cual permiti\u00f3 reforzar el aprendizaje sobre la protecci\u00f3n del entorno amaz\u00f3nico. \u201cVivimos rodeados de r\u00edos, cascadas y aves; este tipo de actividades permiten a los ni\u00f1os comprender la importancia de cuidar la naturaleza y ser responsables con el manejo de la basura y los recursos naturales\u201d, enfatiz\u00f3. Finalmente, la directora Erika Tapia reiter\u00f3 su llamado a la comunidad educativa a continuar impulsando una educaci\u00f3n responsable, art\u00edstica y ambientalmente consciente: \u201cDebemos educar desde el hogar y la escuela en el cuidado del agua, la clasificaci\u00f3n de residuos y el respeto por la Amazon\u00eda. Nuestra unidad educativa es parte activa de ese cambio\u201d. Los ganadores del concurso representar\u00e1n a la instituci\u00f3n en la etapa nacional, demostrando el talento y compromiso ambiental de la ni\u00f1ez zamorana.<\/p>\n","protected":false},"author":1,"featured_media":27073,"comment_status":"closed","ping_status":"closed","sticky":false,"template":"","format":"standard","meta":{"footnotes":""},"categories":[243],"tags":[],"class_list":["post-27072","post","type-post","status-publish","format-standard","has-post-thumbnail","hentry","category-noticias-zamora"],"_links":{"self":[{"href":"https:\/\/www.elamazonico.com\/portal\/wp-json\/wp\/v2\/posts\/27072","targetHints":{"allow":["GET"]}}],"collection":[{"href":"https:\/\/www.elamazonico.com\/portal\/wp-json\/wp\/v2\/posts"}],"about":[{"href":"https:\/\/www.elamazonico.com\/portal\/wp-json\/wp\/v2\/types\/post"}],"author":[{"embeddable":true,"href":"https:\/\/www.elamazonico.com\/portal\/wp-json\/wp\/v2\/users\/1"}],"replies":[{"embeddable":true,"href":"https:\/\/www.elamazonico.com\/portal\/wp-json\/wp\/v2\/comments?post=27072"}],"version-history":[{"count":1,"href":"https:\/\/www.elamazonico.com\/portal\/wp-json\/wp\/v2\/posts\/27072\/revisions"}],"predecessor-version":[{"id":27074,"href":"https:\/\/www.elamazonico.com\/portal\/wp-json\/wp\/v2\/posts\/27072\/revisions\/27074"}],"wp:featuredmedia":[{"embeddable":true,"href":"https:\/\/www.elamazonico.com\/portal\/wp-json\/wp\/v2\/media\/27073"}],"wp:attachment":[{"href":"https:\/\/www.elamazonico.com\/portal\/wp-json\/wp\/v2\/media?parent=27072"}],"wp:term":[{"taxonomy":"category","embeddable":true,"href":"https:\/\/www.elamazonico.com\/portal\/wp-json\/wp\/v2\/categories?post=27072"},{"taxonomy":"post_tag","embeddable":true,"href":"https:\/\/www.elamazonico.com\/portal\/wp-json\/wp\/v2\/tags?post=27072"}],"curies":[{"name":"wp","href":"https:\/\/api.w.org\/{rel}","templated":true}]}}