{"id":27059,"date":"2025-10-20T04:25:32","date_gmt":"2025-10-20T09:25:32","guid":{"rendered":"https:\/\/www.elamazonico.com\/portal\/?p=27059"},"modified":"2025-10-17T14:41:43","modified_gmt":"2025-10-17T19:41:43","slug":"yantzaza-implementa-la-ordenanza-de-ordenamiento-territorial-y-ornato-para-fortalecer-el-desarrollo-urbano-y-la-convivencia-ciudadana","status":"publish","type":"post","link":"https:\/\/www.elamazonico.com\/portal\/yantzaza-implementa-la-ordenanza-de-ordenamiento-territorial-y-ornato-para-fortalecer-el-desarrollo-urbano-y-la-convivencia-ciudadana\/","title":{"rendered":"Yantzaza implementa la Ordenanza de Ordenamiento Territorial y Ornato para fortalecer el desarrollo urbano y la convivencia ciudadana"},"content":{"rendered":"<p>La concejal del cant\u00f3n Yantzaza, Raquel Naula, inform\u00f3 sobre la implementaci\u00f3n de la Ordenanza de Ordenamiento Territorial y Ornato, aprobada por el Concejo Municipal el 21 de agosto de 2025, con el prop\u00f3sito de promover un crecimiento urbano planificado, accesible y ordenado en el denominado Valle de las Luci\u00e9rnagas.<\/p>\n<p>El principal objetivo de esta ordenanza es garantizar el libre tr\u00e1nsito peatonal y mejorar el uso del espacio p\u00fablico en beneficio de ni\u00f1os, adultos mayores, personas con discapacidad y la ciudadan\u00eda en general. \u201cNuestro objetivo es ordenar Yantzaza, una ciudad que crece aceleradamente, pero que necesita hacerlo con responsabilidad y planificaci\u00f3n\u201d, enfatiz\u00f3 la concejal Naula.<\/p>\n<p><strong>Proceso de socializaci\u00f3n y aplicaci\u00f3n de la normativa<\/strong><br \/>\nTras su aprobaci\u00f3n, la ordenanza entr\u00f3 en proceso de socializaci\u00f3n desde el 6 de septiembre, a trav\u00e9s de medios de comunicaci\u00f3n locales, redes institucionales y visitas a locales comerciales. Este proceso permiti\u00f3 informar a los comerciantes sobre las nuevas disposiciones legales y prohibiciones, entre ellas la colocaci\u00f3n de letreros, pancartas o mercader\u00eda en aceras, portales y v\u00edas p\u00fablicas.<\/p>\n<p>Desde el 15 de octubre de 2025, inici\u00f3 la aplicaci\u00f3n formal de las multas para quienes incumplan las normas. Durante el primer operativo, realizado en la avenida Iv\u00e1n R\u00edo Fr\u00edo, se aplicaron siete multas a establecimientos que no acataron la disposici\u00f3n municipal.<\/p>\n<p>La concejal destac\u00f3 la respuesta positiva de la mayor\u00eda de comerciantes, quienes acogieron favorablemente la medida. \u201cFue gratificante ver c\u00f3mo los propietarios se sumaron al cambio y agradecieron por recuperar el orden y la movilidad en nuestras calles\u201d, se\u00f1al\u00f3.<\/p>\n<p><strong>Sanciones progresivas y corresponsabilidad ciudadana<\/strong><br \/>\nLa ordenanza establece un r\u00e9gimen progresivo de sanciones, que inicia con una multa del 10% del salario b\u00e1sico unificado en la primera infracci\u00f3n, seguida del 20% en caso de reincidencia. Si el incumplimiento persiste, la sanci\u00f3n recae sobre el propietario del inmueble, con el fin de fomentar la corresponsabilidad entre arrendatarios y due\u00f1os de locales.<\/p>\n<p>Asimismo, los comerciantes podr\u00e1n hacer uso autorizado de hasta 0,50 metros del espacio frontal de sus locales, siempre que cuenten con la aprobaci\u00f3n de la Comisar\u00eda Municipal. \u201cNo estamos en contra del comercio ni del emprendimiento, al contrario, reconocemos el esfuerzo de quienes generan empleo y desarrollo local\u201d, indic\u00f3 Naula.<\/p>\n<p><strong>Inclusi\u00f3n y nuevas regulaciones<\/strong><br \/>\nEn relaci\u00f3n con los vendedores informales, la concejal inform\u00f3 que se aprob\u00f3 una ordenanza espec\u00edfica para regular su actividad y asignarles espacios adecuados en el cant\u00f3n. Esta medida busca garantizar condiciones equitativas tanto para los comerciantes establecidos como para quienes trabajan de manera aut\u00f3noma.<\/p>\n<p><strong>Un Yantzaza ordenado y con visi\u00f3n de futuro<\/strong><br \/>\nLa concejal Raquel Naula resalt\u00f3 que la aplicaci\u00f3n de esta ordenanza marca un paso significativo hacia el orden urbano y la mejora del ornato cantonal, lo que fortalecer\u00e1 tambi\u00e9n el turismo y la imagen de la ciudad. \u201cYantzaza est\u00e1 creciendo aceleradamente, y es hora de hacerlo con planificaci\u00f3n. Una ciudad ordenada atraer\u00e1 m\u00e1s visitantes y oportunidades\u201d, asegur\u00f3.<\/p>\n<p>Finalmente, agradeci\u00f3 el compromiso de la ciudadan\u00eda y de los comerciantes que han acogido positivamente las nuevas disposiciones:<br \/>\n\u201cEl orden es una responsabilidad compartida. Los Yantzacenses somos gente trabajadora, solidaria y con visi\u00f3n de futuro. Seguiremos avanzando con responsabilidad y honestidad por el bienestar de todas las familias de nuestro cant\u00f3n\u201d.<\/p>\n","protected":false},"excerpt":{"rendered":"<p>La concejal del cant\u00f3n Yantzaza, Raquel Naula, inform\u00f3 sobre la implementaci\u00f3n de la Ordenanza de Ordenamiento Territorial y Ornato, aprobada por el Concejo Municipal el 21 de agosto de 2025, con el prop\u00f3sito de promover un crecimiento urbano planificado, accesible y ordenado en el denominado Valle de las Luci\u00e9rnagas. El principal objetivo de esta ordenanza es garantizar el libre tr\u00e1nsito peatonal y mejorar el uso del espacio p\u00fablico en beneficio de ni\u00f1os, adultos mayores, personas con discapacidad y la ciudadan\u00eda en general. \u201cNuestro objetivo es ordenar Yantzaza, una ciudad que crece aceleradamente, pero que necesita hacerlo con responsabilidad y planificaci\u00f3n\u201d, enfatiz\u00f3 la concejal Naula. Proceso de socializaci\u00f3n y aplicaci\u00f3n de la normativa Tras su aprobaci\u00f3n, la ordenanza entr\u00f3 en proceso de socializaci\u00f3n desde el 6 de septiembre, a trav\u00e9s de medios de comunicaci\u00f3n locales, redes institucionales y visitas a locales comerciales. Este proceso permiti\u00f3 informar a los comerciantes sobre las nuevas disposiciones legales y prohibiciones, entre ellas la colocaci\u00f3n de letreros, pancartas o mercader\u00eda en aceras, portales y v\u00edas p\u00fablicas. Desde el 15 de octubre de 2025, inici\u00f3 la aplicaci\u00f3n formal de las multas para quienes incumplan las normas. Durante el primer operativo, realizado en la avenida Iv\u00e1n R\u00edo Fr\u00edo, se aplicaron siete multas a establecimientos que no acataron la disposici\u00f3n municipal. La concejal destac\u00f3 la respuesta positiva de la mayor\u00eda de comerciantes, quienes acogieron favorablemente la medida. \u201cFue gratificante ver c\u00f3mo los propietarios se sumaron al cambio y agradecieron por recuperar el orden y la movilidad en nuestras calles\u201d, se\u00f1al\u00f3. Sanciones progresivas y corresponsabilidad ciudadana La ordenanza establece un r\u00e9gimen progresivo de sanciones, que inicia con una multa del 10% del salario b\u00e1sico unificado en la primera infracci\u00f3n, seguida del 20% en caso de reincidencia. Si el incumplimiento persiste, la sanci\u00f3n recae sobre el propietario del inmueble, con el fin de fomentar la corresponsabilidad entre arrendatarios y due\u00f1os de locales. Asimismo, los comerciantes podr\u00e1n hacer uso autorizado de hasta 0,50 metros del espacio frontal de sus locales, siempre que cuenten con la aprobaci\u00f3n de la Comisar\u00eda Municipal. \u201cNo estamos en contra del comercio ni del emprendimiento, al contrario, reconocemos el esfuerzo de quienes generan empleo y desarrollo local\u201d, indic\u00f3 Naula. Inclusi\u00f3n y nuevas regulaciones En relaci\u00f3n con los vendedores informales, la concejal inform\u00f3 que se aprob\u00f3 una ordenanza espec\u00edfica para regular su actividad y asignarles espacios adecuados en el cant\u00f3n. Esta medida busca garantizar condiciones equitativas tanto para los comerciantes establecidos como para quienes trabajan de manera aut\u00f3noma. Un Yantzaza ordenado y con visi\u00f3n de futuro La concejal Raquel Naula resalt\u00f3 que la aplicaci\u00f3n de esta ordenanza marca un paso significativo hacia el orden urbano y la mejora del ornato cantonal, lo que fortalecer\u00e1 tambi\u00e9n el turismo y la imagen de la ciudad. \u201cYantzaza est\u00e1 creciendo aceleradamente, y es hora de hacerlo con planificaci\u00f3n. Una ciudad ordenada atraer\u00e1 m\u00e1s visitantes y oportunidades\u201d, asegur\u00f3. Finalmente, agradeci\u00f3 el compromiso de la ciudadan\u00eda y de los comerciantes que han acogido positivamente las nuevas disposiciones: \u201cEl orden es una responsabilidad compartida. Los Yantzacenses somos gente trabajadora, solidaria y con visi\u00f3n de futuro. Seguiremos avanzando con responsabilidad y honestidad por el bienestar de todas las familias de nuestro cant\u00f3n\u201d.<\/p>\n","protected":false},"author":1,"featured_media":27060,"comment_status":"closed","ping_status":"closed","sticky":false,"template":"","format":"standard","meta":{"footnotes":""},"categories":[243],"tags":[],"class_list":["post-27059","post","type-post","status-publish","format-standard","has-post-thumbnail","hentry","category-noticias-zamora"],"_links":{"self":[{"href":"https:\/\/www.elamazonico.com\/portal\/wp-json\/wp\/v2\/posts\/27059","targetHints":{"allow":["GET"]}}],"collection":[{"href":"https:\/\/www.elamazonico.com\/portal\/wp-json\/wp\/v2\/posts"}],"about":[{"href":"https:\/\/www.elamazonico.com\/portal\/wp-json\/wp\/v2\/types\/post"}],"author":[{"embeddable":true,"href":"https:\/\/www.elamazonico.com\/portal\/wp-json\/wp\/v2\/users\/1"}],"replies":[{"embeddable":true,"href":"https:\/\/www.elamazonico.com\/portal\/wp-json\/wp\/v2\/comments?post=27059"}],"version-history":[{"count":1,"href":"https:\/\/www.elamazonico.com\/portal\/wp-json\/wp\/v2\/posts\/27059\/revisions"}],"predecessor-version":[{"id":27061,"href":"https:\/\/www.elamazonico.com\/portal\/wp-json\/wp\/v2\/posts\/27059\/revisions\/27061"}],"wp:featuredmedia":[{"embeddable":true,"href":"https:\/\/www.elamazonico.com\/portal\/wp-json\/wp\/v2\/media\/27060"}],"wp:attachment":[{"href":"https:\/\/www.elamazonico.com\/portal\/wp-json\/wp\/v2\/media?parent=27059"}],"wp:term":[{"taxonomy":"category","embeddable":true,"href":"https:\/\/www.elamazonico.com\/portal\/wp-json\/wp\/v2\/categories?post=27059"},{"taxonomy":"post_tag","embeddable":true,"href":"https:\/\/www.elamazonico.com\/portal\/wp-json\/wp\/v2\/tags?post=27059"}],"curies":[{"name":"wp","href":"https:\/\/api.w.org\/{rel}","templated":true}]}}