{"id":27023,"date":"2025-10-16T04:06:46","date_gmt":"2025-10-16T09:06:46","guid":{"rendered":"https:\/\/www.elamazonico.com\/portal\/?p=27023"},"modified":"2025-10-15T16:20:43","modified_gmt":"2025-10-15T21:20:43","slug":"yantzaza-sera-sede-de-la-feria-agropecuaria-provincial-sembrando-vida","status":"publish","type":"post","link":"https:\/\/www.elamazonico.com\/portal\/yantzaza-sera-sede-de-la-feria-agropecuaria-provincial-sembrando-vida\/","title":{"rendered":"Yantzaza ser\u00e1 sede de la Feria Agropecuaria Provincial \u201cSembrando Vida\u201d"},"content":{"rendered":"<p>La concejal del cant\u00f3n Yantzaza, Maricela Tocto, anunci\u00f3 con satisfacci\u00f3n que el Valle de las Luci\u00e9rnagas ser\u00e1 la sede oficial de la Feria Agropecuaria Provincial \u201cSembrando Vida\u201d, evento liderado por la Prefectura de Zamora Chinchipe. La actividad se desarrollar\u00e1 los d\u00edas s\u00e1bado 8 y domingo 9 de noviembre, con la participaci\u00f3n de productores, ganaderos y emprendedores de todos los cantones de la provincia.<\/p>\n<p>Durante una entrevista concedida a Diario El Amaz\u00f3nico, la concejal Tocto destac\u00f3 el compromiso del Municipio de Yantzaza en brindar apoyo log\u00edstico y t\u00e9cnico al evento, que busca fortalecer el desarrollo agr\u00edcola, ganadero y artesanal de la provimcia.<\/p>\n<p>\u201cEstamos muy contentos de que Yantzaza haya sido seleccionada como sede. Es un reconocimiento al esfuerzo de nuestros productores, especialmente de las parroquias Los Encuentros y Chica\u00f1a, donde se destacan ganaderos de la raza Charolay, con los due\u00f1os que son, Luis Pe\u00f1a, Diego Cabrera, R\u00f3mulo Torres y Bladimir Tene\u201d, expres\u00f3 Tocto.<\/p>\n<p>La feria contar\u00e1 con actividades de exhibici\u00f3n, premiaci\u00f3n y capacitaci\u00f3n t\u00e9cnica, organizadas por la Prefectura de Zamora Chinchipe, a trav\u00e9s del \u00e1rea de Agropzachin. Adem\u00e1s, se promover\u00e1 el intercambio de conocimientos entre productores, t\u00e9cnicos y autoridades, fomentando pr\u00e1cticas sostenibles y la innovaci\u00f3n agropecuaria.<\/p>\n<p>Entre los productos que se presentar\u00e1n se incluyen ca\u00f1a de az\u00facar, papaya, naranjilla, yuca, pl\u00e1tano, y otros cultivos representativos de la provincia, junto con muestras de producci\u00f3n ganadera y agroindustrial. La Prefectura ha anunciado tambi\u00e9n premios econ\u00f3micos para incentivar la participaci\u00f3n y reconocer el trabajo de los productores.<\/p>\n<p>En el \u00e1mbito ambiental, el Municipio de Yantzaza coordinar\u00e1 acciones de gesti\u00f3n de residuos y limpieza del recinto ferial, mediante la colocaci\u00f3n de recipientes para desechos y el apoyo del Departamento de Gesti\u00f3n Ambiental.<\/p>\n<p>\u201cQueremos que Yantzaza se vea limpio y ordenado. Invitamos a la ciudadan\u00eda a ser responsable con el manejo de los residuos y a cuidar nuestro entorno\u201d, se\u00f1al\u00f3 la concejal.<\/p>\n<p>La autoridad municipal subray\u00f3 que la feria representa una oportunidad para impulsar la reactivaci\u00f3n econ\u00f3mica y tur\u00edstica del cant\u00f3n.<\/p>\n<p>Asimismo, destac\u00f3 la articulaci\u00f3n con la C\u00e1mara de Comercio y los diferentes sectores productivos locales que se preparan para recibir a los visitantes.<\/p>\n<blockquote><p><strong>Finalmente, Tocto extendi\u00f3 una invitaci\u00f3n a toda la provincia:<\/strong><br \/>\n\u201cAgradecemos a la Prefectura por confiar en Yantzaza. Invitamos a nuestros productores y emprendedores a sumarse a esta gran feria provincial \u2018Sembrando Vida\u2019, que impulsa el desarrollo sostenible y el progreso de nuestro querido Valle de las Luci\u00e9rnagas\u201d.<\/p><\/blockquote>\n","protected":false},"excerpt":{"rendered":"<p>La concejal del cant\u00f3n Yantzaza, Maricela Tocto, anunci\u00f3 con satisfacci\u00f3n que el Valle de las Luci\u00e9rnagas ser\u00e1 la sede oficial de la Feria Agropecuaria Provincial \u201cSembrando Vida\u201d, evento liderado por la Prefectura de Zamora Chinchipe. La actividad se desarrollar\u00e1 los d\u00edas s\u00e1bado 8 y domingo 9 de noviembre, con la participaci\u00f3n de productores, ganaderos y emprendedores de todos los cantones de la provincia. Durante una entrevista concedida a Diario El Amaz\u00f3nico, la concejal Tocto destac\u00f3 el compromiso del Municipio de Yantzaza en brindar apoyo log\u00edstico y t\u00e9cnico al evento, que busca fortalecer el desarrollo agr\u00edcola, ganadero y artesanal de la provimcia. \u201cEstamos muy contentos de que Yantzaza haya sido seleccionada como sede. Es un reconocimiento al esfuerzo de nuestros productores, especialmente de las parroquias Los Encuentros y Chica\u00f1a, donde se destacan ganaderos de la raza Charolay, con los due\u00f1os que son, Luis Pe\u00f1a, Diego Cabrera, R\u00f3mulo Torres y Bladimir Tene\u201d, expres\u00f3 Tocto. La feria contar\u00e1 con actividades de exhibici\u00f3n, premiaci\u00f3n y capacitaci\u00f3n t\u00e9cnica, organizadas por la Prefectura de Zamora Chinchipe, a trav\u00e9s del \u00e1rea de Agropzachin. Adem\u00e1s, se promover\u00e1 el intercambio de conocimientos entre productores, t\u00e9cnicos y autoridades, fomentando pr\u00e1cticas sostenibles y la innovaci\u00f3n agropecuaria. Entre los productos que se presentar\u00e1n se incluyen ca\u00f1a de az\u00facar, papaya, naranjilla, yuca, pl\u00e1tano, y otros cultivos representativos de la provincia, junto con muestras de producci\u00f3n ganadera y agroindustrial. La Prefectura ha anunciado tambi\u00e9n premios econ\u00f3micos para incentivar la participaci\u00f3n y reconocer el trabajo de los productores. En el \u00e1mbito ambiental, el Municipio de Yantzaza coordinar\u00e1 acciones de gesti\u00f3n de residuos y limpieza del recinto ferial, mediante la colocaci\u00f3n de recipientes para desechos y el apoyo del Departamento de Gesti\u00f3n Ambiental. \u201cQueremos que Yantzaza se vea limpio y ordenado. Invitamos a la ciudadan\u00eda a ser responsable con el manejo de los residuos y a cuidar nuestro entorno\u201d, se\u00f1al\u00f3 la concejal. La autoridad municipal subray\u00f3 que la feria representa una oportunidad para impulsar la reactivaci\u00f3n econ\u00f3mica y tur\u00edstica del cant\u00f3n. Asimismo, destac\u00f3 la articulaci\u00f3n con la C\u00e1mara de Comercio y los diferentes sectores productivos locales que se preparan para recibir a los visitantes. Finalmente, Tocto extendi\u00f3 una invitaci\u00f3n a toda la provincia: \u201cAgradecemos a la Prefectura por confiar en Yantzaza. Invitamos a nuestros productores y emprendedores a sumarse a esta gran feria provincial \u2018Sembrando Vida\u2019, que impulsa el desarrollo sostenible y el progreso de nuestro querido Valle de las Luci\u00e9rnagas\u201d.<\/p>\n","protected":false},"author":1,"featured_media":27024,"comment_status":"closed","ping_status":"closed","sticky":false,"template":"","format":"standard","meta":{"footnotes":""},"categories":[243],"tags":[],"class_list":["post-27023","post","type-post","status-publish","format-standard","has-post-thumbnail","hentry","category-noticias-zamora"],"_links":{"self":[{"href":"https:\/\/www.elamazonico.com\/portal\/wp-json\/wp\/v2\/posts\/27023","targetHints":{"allow":["GET"]}}],"collection":[{"href":"https:\/\/www.elamazonico.com\/portal\/wp-json\/wp\/v2\/posts"}],"about":[{"href":"https:\/\/www.elamazonico.com\/portal\/wp-json\/wp\/v2\/types\/post"}],"author":[{"embeddable":true,"href":"https:\/\/www.elamazonico.com\/portal\/wp-json\/wp\/v2\/users\/1"}],"replies":[{"embeddable":true,"href":"https:\/\/www.elamazonico.com\/portal\/wp-json\/wp\/v2\/comments?post=27023"}],"version-history":[{"count":1,"href":"https:\/\/www.elamazonico.com\/portal\/wp-json\/wp\/v2\/posts\/27023\/revisions"}],"predecessor-version":[{"id":27025,"href":"https:\/\/www.elamazonico.com\/portal\/wp-json\/wp\/v2\/posts\/27023\/revisions\/27025"}],"wp:featuredmedia":[{"embeddable":true,"href":"https:\/\/www.elamazonico.com\/portal\/wp-json\/wp\/v2\/media\/27024"}],"wp:attachment":[{"href":"https:\/\/www.elamazonico.com\/portal\/wp-json\/wp\/v2\/media?parent=27023"}],"wp:term":[{"taxonomy":"category","embeddable":true,"href":"https:\/\/www.elamazonico.com\/portal\/wp-json\/wp\/v2\/categories?post=27023"},{"taxonomy":"post_tag","embeddable":true,"href":"https:\/\/www.elamazonico.com\/portal\/wp-json\/wp\/v2\/tags?post=27023"}],"curies":[{"name":"wp","href":"https:\/\/api.w.org\/{rel}","templated":true}]}}