{"id":27015,"date":"2025-10-15T12:20:41","date_gmt":"2025-10-15T17:20:41","guid":{"rendered":"https:\/\/www.elamazonico.com\/portal\/?p=27015"},"modified":"2025-10-15T12:20:41","modified_gmt":"2025-10-15T17:20:41","slug":"protestar-tambien-es-un-derecho","status":"publish","type":"post","link":"https:\/\/www.elamazonico.com\/portal\/protestar-tambien-es-un-derecho\/","title":{"rendered":"Protestar tambi\u00e9n es un derecho"},"content":{"rendered":"<p>Hablemos sin rodeos; cuando la gente sale a las calles en Ecuador, no siempre est\u00e1 desafiando al Estado, muchas veces est\u00e1 ejerciendo derechos que la misma Constituci\u00f3n reconoce. S\u00ed, derechos. Porque manifestarse, expresarse, reunirse o resistir no son delitos: son libertades que forman parte de nuestra democracia.<\/p>\n<p>La Constituci\u00f3n de la Rep\u00fablica del Ecuador es clara. En su art\u00edculo 66, numeral 13, se reconoce \u201cel derecho a asociarse, reunirse y manifestarse en forma libre y voluntaria\u201d. Es decir, salir a protestar no es un acto de rebeld\u00eda sin sentido, sino una forma leg\u00edtima de participaci\u00f3n ciudadana.<\/p>\n<p>Adem\u00e1s, el art\u00edculo 98 refuerza esta idea al establecer que las personas y los colectivos pueden ejercer el derecho a la resistencia frente a \u201cacciones u omisiones del poder p\u00fablico o de las personas naturales o jur\u00eddicas que vulneren o puedan vulnerar sus derechos constitucionales\u201d. En otras palabras, cuando el Estado falla, cuando una instituci\u00f3n abusa o cuando el silencio oficial se vuelve insoportable, la protesta se convierte en una herramienta constitucional para exigir correcci\u00f3n.<\/p>\n<p>Incluso el art\u00edculo 46 garantiza la libertad de expresi\u00f3n y asociaci\u00f3n, as\u00ed como el funcionamiento libre de los consejos estudiantiles y dem\u00e1s formas organizativas. Lo que se dice en la calle, en pancartas o consignas, es tambi\u00e9n una forma de expresi\u00f3n p\u00fablica, tan v\u00e1lida como un art\u00edculo de opini\u00f3n o una publicaci\u00f3n en redes sociales.<\/p>\n<p>Claro, ning\u00fan derecho es absoluto. La misma Constituci\u00f3n prev\u00e9 l\u00edmites razonables, como los estados de excepci\u00f3n, que deben ser justificados, temporales y sujetos a control. Pero una cosa es regular, y otra muy distinta es reprimir.<\/p>\n<p>Por eso, cuando veo a la fuerza p\u00fablica ingresar con gases a las casas, detener personas que solo reclamaban o responder con violencia a la inconformidad social, me pregunto si esas acciones realmente respetan los principios de proporcionalidad, legalidad y necesidad que exige el propio orden constitucional.<\/p>\n<p>Manifestar no es vandalismo, ni desorden. Es ejercer ciudadan\u00eda. Y cuando el Estado castiga sin explicar, cuando silencia sin escuchar, contradice los mismos art\u00edculos que dice proteger. Porque en el fondo, protestar tambi\u00e9n es una forma de amar al pa\u00eds: de quererlo mejor, m\u00e1s justo, m\u00e1s digno.<\/p>\n","protected":false},"excerpt":{"rendered":"<p>Hablemos sin rodeos; cuando la gente sale a las calles en Ecuador, no siempre est\u00e1 desafiando al Estado, muchas veces est\u00e1 ejerciendo derechos que la misma Constituci\u00f3n reconoce. S\u00ed, derechos. Porque manifestarse, expresarse, reunirse o resistir no son delitos: son libertades que forman parte de nuestra democracia. La Constituci\u00f3n de la Rep\u00fablica del Ecuador es clara. En su art\u00edculo 66, numeral 13, se reconoce \u201cel derecho a asociarse, reunirse y manifestarse en forma libre y voluntaria\u201d. Es decir, salir a protestar no es un acto de rebeld\u00eda sin sentido, sino una forma leg\u00edtima de participaci\u00f3n ciudadana. Adem\u00e1s, el art\u00edculo 98 refuerza esta idea al establecer que las personas y los colectivos pueden ejercer el derecho a la resistencia frente a \u201cacciones u omisiones del poder p\u00fablico o de las personas naturales o jur\u00eddicas que vulneren o puedan vulnerar sus derechos constitucionales\u201d. En otras palabras, cuando el Estado falla, cuando una instituci\u00f3n abusa o cuando el silencio oficial se vuelve insoportable, la protesta se convierte en una herramienta constitucional para exigir correcci\u00f3n. Incluso el art\u00edculo 46 garantiza la libertad de expresi\u00f3n y asociaci\u00f3n, as\u00ed como el funcionamiento libre de los consejos estudiantiles y dem\u00e1s formas organizativas. Lo que se dice en la calle, en pancartas o consignas, es tambi\u00e9n una forma de expresi\u00f3n p\u00fablica, tan v\u00e1lida como un art\u00edculo de opini\u00f3n o una publicaci\u00f3n en redes sociales. Claro, ning\u00fan derecho es absoluto. La misma Constituci\u00f3n prev\u00e9 l\u00edmites razonables, como los estados de excepci\u00f3n, que deben ser justificados, temporales y sujetos a control. Pero una cosa es regular, y otra muy distinta es reprimir. Por eso, cuando veo a la fuerza p\u00fablica ingresar con gases a las casas, detener personas que solo reclamaban o responder con violencia a la inconformidad social, me pregunto si esas acciones realmente respetan los principios de proporcionalidad, legalidad y necesidad que exige el propio orden constitucional. Manifestar no es vandalismo, ni desorden. Es ejercer ciudadan\u00eda. Y cuando el Estado castiga sin explicar, cuando silencia sin escuchar, contradice los mismos art\u00edculos que dice proteger. Porque en el fondo, protestar tambi\u00e9n es una forma de amar al pa\u00eds: de quererlo mejor, m\u00e1s justo, m\u00e1s digno.<\/p>\n","protected":false},"author":1,"featured_media":27016,"comment_status":"closed","ping_status":"closed","sticky":false,"template":"","format":"standard","meta":{"footnotes":""},"categories":[243,7],"tags":[],"class_list":["post-27015","post","type-post","status-publish","format-standard","has-post-thumbnail","hentry","category-noticias-zamora","category-opinion"],"_links":{"self":[{"href":"https:\/\/www.elamazonico.com\/portal\/wp-json\/wp\/v2\/posts\/27015","targetHints":{"allow":["GET"]}}],"collection":[{"href":"https:\/\/www.elamazonico.com\/portal\/wp-json\/wp\/v2\/posts"}],"about":[{"href":"https:\/\/www.elamazonico.com\/portal\/wp-json\/wp\/v2\/types\/post"}],"author":[{"embeddable":true,"href":"https:\/\/www.elamazonico.com\/portal\/wp-json\/wp\/v2\/users\/1"}],"replies":[{"embeddable":true,"href":"https:\/\/www.elamazonico.com\/portal\/wp-json\/wp\/v2\/comments?post=27015"}],"version-history":[{"count":1,"href":"https:\/\/www.elamazonico.com\/portal\/wp-json\/wp\/v2\/posts\/27015\/revisions"}],"predecessor-version":[{"id":27017,"href":"https:\/\/www.elamazonico.com\/portal\/wp-json\/wp\/v2\/posts\/27015\/revisions\/27017"}],"wp:featuredmedia":[{"embeddable":true,"href":"https:\/\/www.elamazonico.com\/portal\/wp-json\/wp\/v2\/media\/27016"}],"wp:attachment":[{"href":"https:\/\/www.elamazonico.com\/portal\/wp-json\/wp\/v2\/media?parent=27015"}],"wp:term":[{"taxonomy":"category","embeddable":true,"href":"https:\/\/www.elamazonico.com\/portal\/wp-json\/wp\/v2\/categories?post=27015"},{"taxonomy":"post_tag","embeddable":true,"href":"https:\/\/www.elamazonico.com\/portal\/wp-json\/wp\/v2\/tags?post=27015"}],"curies":[{"name":"wp","href":"https:\/\/api.w.org\/{rel}","templated":true}]}}