{"id":26967,"date":"2025-10-14T09:04:45","date_gmt":"2025-10-14T14:04:45","guid":{"rendered":"https:\/\/www.elamazonico.com\/portal\/?p=26967"},"modified":"2025-10-14T09:04:45","modified_gmt":"2025-10-14T14:04:45","slug":"convoy-llega-a-otavalo-entre-enfrentamientos-heridos-y-denuncias-de-represion-en-imbabura","status":"publish","type":"post","link":"https:\/\/www.elamazonico.com\/portal\/convoy-llega-a-otavalo-entre-enfrentamientos-heridos-y-denuncias-de-represion-en-imbabura\/","title":{"rendered":"Convoy llega a Otavalo entre enfrentamientos, heridos y denuncias de represi\u00f3n en Imbabura"},"content":{"rendered":"<div class=\"paragraph texto\">\n<p class=\"p_0\">El convoy militar y policial del Gobierno lleg\u00f3 a\u00a0<b>Otavalo\u00a0<\/b>tras salir de\u00a0<b>Ibarra<\/b>, provincia de\u00a0<b>Imbabura<\/b>, durante la madrugada de este martes 14 de octubre de 2025, en el d\u00eda 23 del paro nacional liderado por la Confederaci\u00f3n de Nacionalidades Ind\u00edgenas del Ecuador (<b>Conaie<\/b>).<\/p>\n<p class=\"p_2\">La zona se ha convertido durante m\u00e1s de tres semanas en el\u00a0<b>epicentro\u00a0<\/b>de las manifestaciones contra de varias medidas del presidente Daniel Noboa, principalmente por la eliminaci\u00f3n del subsidio al\u00a0<b>di\u00e9sel<\/b>.<\/p>\n<p class=\"p_3\">Alrededor de las 03:00 de este martes, el convoy retom\u00f3 su desplazamiento hacia\u00a0<b>Otavalo<\/b>. El trayecto tom\u00f3 m\u00e1s de tres horas debido a los bloqueos en la v\u00eda, pero finalmente las unidades lograron arribar a la ciudad pasadas las 06:00.<\/p>\n<p class=\"p_4\">Mientras el convoy avanzaba hacia Otavalo, se registraron\u00a0<b>enfrentamientos\u00a0<\/b>entre manifestantes y la fuerza p\u00fablica. Los uniformados usaron bombas lacrim\u00f3genas para despejar las v\u00edas, mientras que grupos de protestantes respondieron con piedras y palos contra los veh\u00edculos oficiales. Un\u00a0<b>polic\u00eda\u00a0<\/b>result\u00f3 herido durante los incidentes.<\/p>\n<p class=\"p_5\">El operativo forma parte del despliegue anunciado por el ministro del Interior,\u00a0<b>John Reimberg<\/b>, quien asegur\u00f3 que el objetivo es abrir las v\u00edas bloqueadas y garantizar el ingreso de productos de primera necesidad y asistencia a las comunidades afectadas. \u201cNadie nos detiene\u201d, advirti\u00f3.<\/p>\n<p class=\"p_6\">Por su parte, el\u00a0<b>Ministerio de Defensa<\/b>, dirigido por Gian Carlo Loffredo, anunci\u00f3: \u201c<u>\u00a1Fuerzas Armadas militarizan Imbabura!<\/u>\u201d, en referencia al despliegue conjunto que busca restablecer el orden en la provincia.<\/p>\n<p class=\"p_7\">Reimberg agreg\u00f3 que el convoy militar y policial permanecer\u00e1 en Otavalo \u201cel tiempo que sea necesario\u201d. \u201c<u>Vamos a quedarnos hasta que todo vuelva a la normalidad. Imbabura no est\u00e1 sola<\/u>\u201d, enfatiz\u00f3.<\/p>\n<\/div>\n<h2 class=\"h2vistazo\">Denuncian represi\u00f3n militar en Imbabura<\/h2>\n<div class=\"paragraph texto\">\n<p class=\"p_8\">Este lunes 13 de octubre de 2025, comunidades del pueblo kichwa\u00a0<b>Karanki\u00a0<\/b>denunciaron una fuerte represi\u00f3n militar en el sector de La Esperanza, cant\u00f3n\u00a0<b>Ibarra<\/b>, durante el operativo de habilitaci\u00f3n de v\u00edas por donde transit\u00f3 el convoy del Gobierno.<\/p>\n<p class=\"p_9\">De acuerdo con los dirigentes, el hecho dej\u00f3\u00a0<b>22 personas heridas<\/b>, entre ellas el presidente del pueblo Karanki, Lenin Santiago Farinango, y comuneros de Rumipamba, La Florida, Cashaloma y Naranjito. Adem\u00e1s, dos j\u00f3venes fueron\u00a0<b>detenidos<\/b>.<\/p>\n<p class=\"p_10\">Las comunidades responsabilizan a la fuerza p\u00fablica por el uso excesivo de la fuerza y demandan el respeto a los derechos humanos, mientras el convoy militar y policial contin\u00faa su despliegue en Imbabura, epicentro del paro nacional convocado por la Conaie. <strong>Fuente: Vistazo<\/strong><\/p>\n<\/div>\n","protected":false},"excerpt":{"rendered":"<p>El convoy militar y policial del Gobierno lleg\u00f3 a\u00a0Otavalo\u00a0tras salir de\u00a0Ibarra, provincia de\u00a0Imbabura, durante la madrugada de este martes 14 de octubre de 2025, en el d\u00eda 23 del paro nacional liderado por la Confederaci\u00f3n de Nacionalidades Ind\u00edgenas del Ecuador (Conaie). La zona se ha convertido durante m\u00e1s de tres semanas en el\u00a0epicentro\u00a0de las manifestaciones contra de varias medidas del presidente Daniel Noboa, principalmente por la eliminaci\u00f3n del subsidio al\u00a0di\u00e9sel. Alrededor de las 03:00 de este martes, el convoy retom\u00f3 su desplazamiento hacia\u00a0Otavalo. El trayecto tom\u00f3 m\u00e1s de tres horas debido a los bloqueos en la v\u00eda, pero finalmente las unidades lograron arribar a la ciudad pasadas las 06:00. Mientras el convoy avanzaba hacia Otavalo, se registraron\u00a0enfrentamientos\u00a0entre manifestantes y la fuerza p\u00fablica. Los uniformados usaron bombas lacrim\u00f3genas para despejar las v\u00edas, mientras que grupos de protestantes respondieron con piedras y palos contra los veh\u00edculos oficiales. Un\u00a0polic\u00eda\u00a0result\u00f3 herido durante los incidentes. El operativo forma parte del despliegue anunciado por el ministro del Interior,\u00a0John Reimberg, quien asegur\u00f3 que el objetivo es abrir las v\u00edas bloqueadas y garantizar el ingreso de productos de primera necesidad y asistencia a las comunidades afectadas. \u201cNadie nos detiene\u201d, advirti\u00f3. Por su parte, el\u00a0Ministerio de Defensa, dirigido por Gian Carlo Loffredo, anunci\u00f3: \u201c\u00a1Fuerzas Armadas militarizan Imbabura!\u201d, en referencia al despliegue conjunto que busca restablecer el orden en la provincia. Reimberg agreg\u00f3 que el convoy militar y policial permanecer\u00e1 en Otavalo \u201cel tiempo que sea necesario\u201d. \u201cVamos a quedarnos hasta que todo vuelva a la normalidad. Imbabura no est\u00e1 sola\u201d, enfatiz\u00f3. Denuncian represi\u00f3n militar en Imbabura Este lunes 13 de octubre de 2025, comunidades del pueblo kichwa\u00a0Karanki\u00a0denunciaron una fuerte represi\u00f3n militar en el sector de La Esperanza, cant\u00f3n\u00a0Ibarra, durante el operativo de habilitaci\u00f3n de v\u00edas por donde transit\u00f3 el convoy del Gobierno. De acuerdo con los dirigentes, el hecho dej\u00f3\u00a022 personas heridas, entre ellas el presidente del pueblo Karanki, Lenin Santiago Farinango, y comuneros de Rumipamba, La Florida, Cashaloma y Naranjito. Adem\u00e1s, dos j\u00f3venes fueron\u00a0detenidos. Las comunidades responsabilizan a la fuerza p\u00fablica por el uso excesivo de la fuerza y demandan el respeto a los derechos humanos, mientras el convoy militar y policial contin\u00faa su despliegue en Imbabura, epicentro del paro nacional convocado por la Conaie. Fuente: Vistazo<\/p>\n","protected":false},"author":1,"featured_media":26968,"comment_status":"closed","ping_status":"closed","sticky":false,"template":"","format":"standard","meta":{"footnotes":""},"categories":[268],"tags":[],"class_list":["post-26967","post","type-post","status-publish","format-standard","has-post-thumbnail","hentry","category-nacionales"],"_links":{"self":[{"href":"https:\/\/www.elamazonico.com\/portal\/wp-json\/wp\/v2\/posts\/26967","targetHints":{"allow":["GET"]}}],"collection":[{"href":"https:\/\/www.elamazonico.com\/portal\/wp-json\/wp\/v2\/posts"}],"about":[{"href":"https:\/\/www.elamazonico.com\/portal\/wp-json\/wp\/v2\/types\/post"}],"author":[{"embeddable":true,"href":"https:\/\/www.elamazonico.com\/portal\/wp-json\/wp\/v2\/users\/1"}],"replies":[{"embeddable":true,"href":"https:\/\/www.elamazonico.com\/portal\/wp-json\/wp\/v2\/comments?post=26967"}],"version-history":[{"count":1,"href":"https:\/\/www.elamazonico.com\/portal\/wp-json\/wp\/v2\/posts\/26967\/revisions"}],"predecessor-version":[{"id":26969,"href":"https:\/\/www.elamazonico.com\/portal\/wp-json\/wp\/v2\/posts\/26967\/revisions\/26969"}],"wp:featuredmedia":[{"embeddable":true,"href":"https:\/\/www.elamazonico.com\/portal\/wp-json\/wp\/v2\/media\/26968"}],"wp:attachment":[{"href":"https:\/\/www.elamazonico.com\/portal\/wp-json\/wp\/v2\/media?parent=26967"}],"wp:term":[{"taxonomy":"category","embeddable":true,"href":"https:\/\/www.elamazonico.com\/portal\/wp-json\/wp\/v2\/categories?post=26967"},{"taxonomy":"post_tag","embeddable":true,"href":"https:\/\/www.elamazonico.com\/portal\/wp-json\/wp\/v2\/tags?post=26967"}],"curies":[{"name":"wp","href":"https:\/\/api.w.org\/{rel}","templated":true}]}}