{"id":26963,"date":"2025-10-13T19:49:16","date_gmt":"2025-10-14T00:49:16","guid":{"rendered":"https:\/\/www.elamazonico.com\/portal\/?p=26963"},"modified":"2025-10-13T19:49:37","modified_gmt":"2025-10-14T00:49:37","slug":"venezuela-afirma-que-aceptara-toda-ayuda-internacional-para-enfrentar-a-estados-unidos","status":"publish","type":"post","link":"https:\/\/www.elamazonico.com\/portal\/venezuela-afirma-que-aceptara-toda-ayuda-internacional-para-enfrentar-a-estados-unidos\/","title":{"rendered":"Venezuela afirma que aceptar\u00e1 &#8216;toda ayuda&#8217; internacional para enfrentar a Estados Unidos"},"content":{"rendered":"<div class=\"paragraph texto\">\n<p class=\"p_0\"><b>El titular de Interior de\u00a0<a href=\"https:\/\/www.vistazo.com\/cronologia\/-\/meta\/nicolas-maduro\">Venezuela<\/a>, Diosdado Cabello, asegur\u00f3 este lunes que su pa\u00eds aceptar\u00e1 \u00abtoda la ayuda\u00bb internacional que haya para enfrentar la que se\u00f1al\u00f3 como una \u00abagresi\u00f3n\u00bb de Estados Unidos, cuyo despliegue militar en el mar Caribe es denunciado por el chavismo como una \u00abamenaza\u00bb que busca propiciar un \u00abcambio de r\u00e9gimen\u00bb en la naci\u00f3n suramericana.<\/b><\/p>\n<p class=\"p_2\">\u00abSi nosotros no hemos hecho p\u00fablicamente el llamado a que los pueblos del mundo puedan organizarse para defender a nuestro pa\u00eds, yo aprovecho y lo hago desde esta instancia, que de cualquier lugar del mundo,\u00a0<b>aqu\u00ed est\u00e1 Venezuela que est\u00e1 siendo agredida, y toda la ayuda que nos puedan dar, bienvenida sea.\u00a0<\/b>Aqu\u00ed ser\u00e1n recibidos como hermanos de la vida\u00bb, dijo el ministro.<\/p>\n<p class=\"p_3\">En la rueda de prensa semanal del gobernante Partido Socialista Unido de Venezuela (PSUV), transmitida por el canal estatal Venezolana de Televisi\u00f3n (VTV), el tambi\u00e9n secretario general de la formaci\u00f3n asegur\u00f3 que<b>\u00a0\u00abfuerzas militares de esta Am\u00e9rica\u00bb han \u00abenviado mensajes\u00bb\u00a0<\/b>en los que, dijo,<b>\u00a0ofrecen su apoyo al pa\u00eds<\/b>, sin especificar de qu\u00e9 naciones.<\/p>\n<div class=\"Center2Display\">\n<div id=\"Center2\">\u00abEso s\u00ed hemos recibido nosotros de<b>\u00a0fuerzas militares de pa\u00edses no necesariamente con Gobiernos cercanos a nosotros<\/b>\u00a0(&#8230;) as\u00ed que se vendr\u00e1n los pueblos originarios y las fuerzas militares y policiales de otros pa\u00edses a Venezuela para apoyar a esta patria\u00bb, afirm\u00f3.<\/div>\n<\/div>\n<\/div>\n<h2 class=\"h2vistazo\">Pueblos ind\u00edgenas se sumar\u00edan a \u00abbrigadas milicianas\u00bb<\/h2>\n<div class=\"paragraph texto\">\n<p class=\"p_5\">El Ejecutivo chavista asegura que tambi\u00e9n ha\u00a0<b>\u00abrecibido cartas de varios pueblos ind\u00edgenas\u00bb de Am\u00e9rica\u00a0<\/b>que est\u00e1n \u00abdispuestos a guerrear\u00bb para defender a Venezuela, por lo que el presidente Nicol\u00e1s Maduro orden\u00f3 este domingo conformar<b>\u00a0\u00abbrigadas milicianas\u00bb<\/b>\u00a0de estos grupos para que vayan al pa\u00eds a defenderlo<b>\u00a0\u00absi fuese necesario\u00bb.<\/b><\/p>\n<\/div>\n<div class=\"multimediaMacroWrapper img lateral\">\n<figure class=\"contentMedia art-img\">\n<div><img fetchpriority=\"high\" decoding=\"async\" class=\" lazyloaded\" title=\"Simpatizantes del gobierno venezolano participan en una marcha para conmemorar el D\u00eda de la Resistencia Ind\u00edgena en Caracas el 12 de octubre de 2025.\" src=\"https:\/\/www.vistazo.com\/placeholder\/svg\/viewbox\/768x512\" sizes=\"100vw\" srcset=\"\/\/www.vistazo.com\/binrepository\/768x512\/0c0\/0d0\/none\/12727\/HUXB\/afp-20251012-78je2wl-v1-highres_2471309_20251013174819.jpg 768w,\/\/www.vistazo.com\/binrepository\/640x427\/0c0\/0d0\/none\/12727\/HUXO\/afp-20251012-78je2wl-v1-highres_2471309_20251013174819.jpg 640w,\/\/www.vistazo.com\/binrepository\/512x341\/0c0\/0d0\/none\/12727\/HUXR\/afp-20251012-78je2wl-v1-highres_2471309_20251013174819.jpg 512w,\/\/www.vistazo.com\/binrepository\/384x256\/0c0\/0d0\/none\/12727\/HUXC\/afp-20251012-78je2wl-v1-highres_2471309_20251013174819.jpg 384w,\/\/www.vistazo.com\/binrepository\/300x200\/0c0\/0d0\/none\/12727\/HUXQ\/afp-20251012-78je2wl-v1-highres_2471309_20251013174819.jpg 300w\" alt=\"$!Simpatizantes del gobierno venezolano participan en una marcha para conmemorar el D\u00eda de la Resistencia Ind\u00edgena en Caracas el 12 de octubre de 2025.\" width=\"768\" height=\"512\" data-srcset=\"\/\/www.vistazo.com\/binrepository\/768x512\/0c0\/0d0\/none\/12727\/HUXB\/afp-20251012-78je2wl-v1-highres_2471309_20251013174819.jpg 768w,\/\/www.vistazo.com\/binrepository\/640x427\/0c0\/0d0\/none\/12727\/HUXO\/afp-20251012-78je2wl-v1-highres_2471309_20251013174819.jpg 640w,\/\/www.vistazo.com\/binrepository\/512x341\/0c0\/0d0\/none\/12727\/HUXR\/afp-20251012-78je2wl-v1-highres_2471309_20251013174819.jpg 512w,\/\/www.vistazo.com\/binrepository\/384x256\/0c0\/0d0\/none\/12727\/HUXC\/afp-20251012-78je2wl-v1-highres_2471309_20251013174819.jpg 384w,\/\/www.vistazo.com\/binrepository\/300x200\/0c0\/0d0\/none\/12727\/HUXQ\/afp-20251012-78je2wl-v1-highres_2471309_20251013174819.jpg 300w\" \/><\/div>\n<div class=\"cutline-byline\"><span class=\"cutline-text\">Simpatizantes del gobierno venezolano participan en una marcha para conmemorar el \u00abD\u00eda de la Resistencia Ind\u00edgena\u00bb en Caracas el 12 de octubre de 2025.<\/span>\u00a0<span class=\"byline-image\">(FEDERICO PARRA \/ AFP)<\/span><\/div>\n<\/figure>\n<\/div>\n<div class=\"paragraph texto\">\n<p class=\"p_6\">Cabello reiter\u00f3 este lunes que la naci\u00f3n<b>\u00a0\u00abse ha venido preparando para cualquier situaci\u00f3n\u00bb<\/b>, y en ese sentido destac\u00f3 la \u00abmovilizaci\u00f3n parcial por estado\u00bb del plan de defensa denominado<b>\u00a0&#8216;Independencia 200&#8217;,<\/b>\u00a0que desde el pasado mi\u00e9rcoles se ha activado en las regiones costeras de Carabobo, La Guaira, Aragua, Falc\u00f3n, Zulia, Anzo\u00e1tegui y Monagas, as\u00ed como en Bol\u00edvar (sur, fronteriza con Brasil), a fin de continuar con la preparaci\u00f3n de civiles, polic\u00edas y militares.<\/p>\n<\/div>\n<div class=\"paragraph texto\">\n<p class=\"p_7\">Este plan, se\u00f1al\u00f3, tiene tambi\u00e9n como objetivo proteger\u00a0<b>gasolineras, instalaciones de servicios b\u00e1sicos, unidades de transporte, escuelas y hospitales\u00a0<\/b>para \u00abasegurar su funcionamiento en caso de conflicto\u00bb.<\/p>\n<p class=\"p_8\">\u00abY, por supuesto, la Milicia se despliega con los\u00a0<b>planes secretos\u00a0<\/b>que tiene la Milicia de movilizaci\u00f3n, de equipamiento, de transporte y de personal\u00bb, agreg\u00f3.<\/p>\n<p class=\"p_10\">El pasado septiembre, Maduro asegur\u00f3 que \u00ab<b>militares de Am\u00e9rica Latina y el Caribe\u00bb le han manifestado que apoyan la defensa de Venezuela<\/b>, en un contexto marcado por lo que el mandatario denuncia como una \u00abamenaza militar\u00bb por parte de EE.UU., pa\u00eds que defiende su despliegue como una operaci\u00f3n contra el supuesto narcotr\u00e1fico procedente de la naci\u00f3n suramericana. Fuente: Vistazo<\/p>\n<\/div>\n<div class=\"html_text\"><iframe id=\"instagram-embed-0\" class=\"instagram-media instagram-media-rendered\" src=\"https:\/\/www.instagram.com\/p\/DPuQjZljQpX\/embed\/captioned\/?cr=1&amp;v=14&amp;wp=675&amp;rd=https%3A%2F%2Fwww.vistazo.com&amp;rp=%2Factualidad%2Finternacional%2F2025-10-13-venezuela-ayuda-internacional-enfrentar-estados-unidos-EE10271225#%7B%22ci%22%3A0%2C%22os%22%3A884.1999998092651%2C%22ls%22%3A348.2999997138977%2C%22le%22%3A858%7D\" height=\"1059\" frameborder=\"0\" scrolling=\"no\" allowfullscreen=\"allowfullscreen\" data-instgrm-payload-id=\"instagram-media-payload-0\" data-mce-fragment=\"1\"><\/iframe><\/div>\n","protected":false},"excerpt":{"rendered":"<p>El titular de Interior de\u00a0Venezuela, Diosdado Cabello, asegur\u00f3 este lunes que su pa\u00eds aceptar\u00e1 \u00abtoda la ayuda\u00bb internacional que haya para enfrentar la que se\u00f1al\u00f3 como una \u00abagresi\u00f3n\u00bb de Estados Unidos, cuyo despliegue militar en el mar Caribe es denunciado por el chavismo como una \u00abamenaza\u00bb que busca propiciar un \u00abcambio de r\u00e9gimen\u00bb en la naci\u00f3n suramericana. \u00abSi nosotros no hemos hecho p\u00fablicamente el llamado a que los pueblos del mundo puedan organizarse para defender a nuestro pa\u00eds, yo aprovecho y lo hago desde esta instancia, que de cualquier lugar del mundo,\u00a0aqu\u00ed est\u00e1 Venezuela que est\u00e1 siendo agredida, y toda la ayuda que nos puedan dar, bienvenida sea.\u00a0Aqu\u00ed ser\u00e1n recibidos como hermanos de la vida\u00bb, dijo el ministro. En la rueda de prensa semanal del gobernante Partido Socialista Unido de Venezuela (PSUV), transmitida por el canal estatal Venezolana de Televisi\u00f3n (VTV), el tambi\u00e9n secretario general de la formaci\u00f3n asegur\u00f3 que\u00a0\u00abfuerzas militares de esta Am\u00e9rica\u00bb han \u00abenviado mensajes\u00bb\u00a0en los que, dijo,\u00a0ofrecen su apoyo al pa\u00eds, sin especificar de qu\u00e9 naciones. \u00abEso s\u00ed hemos recibido nosotros de\u00a0fuerzas militares de pa\u00edses no necesariamente con Gobiernos cercanos a nosotros\u00a0(&#8230;) as\u00ed que se vendr\u00e1n los pueblos originarios y las fuerzas militares y policiales de otros pa\u00edses a Venezuela para apoyar a esta patria\u00bb, afirm\u00f3. Pueblos ind\u00edgenas se sumar\u00edan a \u00abbrigadas milicianas\u00bb El Ejecutivo chavista asegura que tambi\u00e9n ha\u00a0\u00abrecibido cartas de varios pueblos ind\u00edgenas\u00bb de Am\u00e9rica\u00a0que est\u00e1n \u00abdispuestos a guerrear\u00bb para defender a Venezuela, por lo que el presidente Nicol\u00e1s Maduro orden\u00f3 este domingo conformar\u00a0\u00abbrigadas milicianas\u00bb\u00a0de estos grupos para que vayan al pa\u00eds a defenderlo\u00a0\u00absi fuese necesario\u00bb. Simpatizantes del gobierno venezolano participan en una marcha para conmemorar el \u00abD\u00eda de la Resistencia Ind\u00edgena\u00bb en Caracas el 12 de octubre de 2025.\u00a0(FEDERICO PARRA \/ AFP) Cabello reiter\u00f3 este lunes que la naci\u00f3n\u00a0\u00abse ha venido preparando para cualquier situaci\u00f3n\u00bb, y en ese sentido destac\u00f3 la \u00abmovilizaci\u00f3n parcial por estado\u00bb del plan de defensa denominado\u00a0&#8216;Independencia 200&#8217;,\u00a0que desde el pasado mi\u00e9rcoles se ha activado en las regiones costeras de Carabobo, La Guaira, Aragua, Falc\u00f3n, Zulia, Anzo\u00e1tegui y Monagas, as\u00ed como en Bol\u00edvar (sur, fronteriza con Brasil), a fin de continuar con la preparaci\u00f3n de civiles, polic\u00edas y militares. Este plan, se\u00f1al\u00f3, tiene tambi\u00e9n como objetivo proteger\u00a0gasolineras, instalaciones de servicios b\u00e1sicos, unidades de transporte, escuelas y hospitales\u00a0para \u00abasegurar su funcionamiento en caso de conflicto\u00bb. \u00abY, por supuesto, la Milicia se despliega con los\u00a0planes secretos\u00a0que tiene la Milicia de movilizaci\u00f3n, de equipamiento, de transporte y de personal\u00bb, agreg\u00f3. El pasado septiembre, Maduro asegur\u00f3 que \u00abmilitares de Am\u00e9rica Latina y el Caribe\u00bb le han manifestado que apoyan la defensa de Venezuela, en un contexto marcado por lo que el mandatario denuncia como una \u00abamenaza militar\u00bb por parte de EE.UU., pa\u00eds que defiende su despliegue como una operaci\u00f3n contra el supuesto narcotr\u00e1fico procedente de la naci\u00f3n suramericana. Fuente: Vistazo<\/p>\n","protected":false},"author":1,"featured_media":26964,"comment_status":"closed","ping_status":"closed","sticky":false,"template":"","format":"standard","meta":{"footnotes":""},"categories":[5],"tags":[],"class_list":["post-26963","post","type-post","status-publish","format-standard","has-post-thumbnail","hentry","category-internacionales"],"_links":{"self":[{"href":"https:\/\/www.elamazonico.com\/portal\/wp-json\/wp\/v2\/posts\/26963","targetHints":{"allow":["GET"]}}],"collection":[{"href":"https:\/\/www.elamazonico.com\/portal\/wp-json\/wp\/v2\/posts"}],"about":[{"href":"https:\/\/www.elamazonico.com\/portal\/wp-json\/wp\/v2\/types\/post"}],"author":[{"embeddable":true,"href":"https:\/\/www.elamazonico.com\/portal\/wp-json\/wp\/v2\/users\/1"}],"replies":[{"embeddable":true,"href":"https:\/\/www.elamazonico.com\/portal\/wp-json\/wp\/v2\/comments?post=26963"}],"version-history":[{"count":1,"href":"https:\/\/www.elamazonico.com\/portal\/wp-json\/wp\/v2\/posts\/26963\/revisions"}],"predecessor-version":[{"id":26965,"href":"https:\/\/www.elamazonico.com\/portal\/wp-json\/wp\/v2\/posts\/26963\/revisions\/26965"}],"wp:featuredmedia":[{"embeddable":true,"href":"https:\/\/www.elamazonico.com\/portal\/wp-json\/wp\/v2\/media\/26964"}],"wp:attachment":[{"href":"https:\/\/www.elamazonico.com\/portal\/wp-json\/wp\/v2\/media?parent=26963"}],"wp:term":[{"taxonomy":"category","embeddable":true,"href":"https:\/\/www.elamazonico.com\/portal\/wp-json\/wp\/v2\/categories?post=26963"},{"taxonomy":"post_tag","embeddable":true,"href":"https:\/\/www.elamazonico.com\/portal\/wp-json\/wp\/v2\/tags?post=26963"}],"curies":[{"name":"wp","href":"https:\/\/api.w.org\/{rel}","templated":true}]}}