{"id":26960,"date":"2025-10-13T19:34:05","date_gmt":"2025-10-14T00:34:05","guid":{"rendered":"https:\/\/www.elamazonico.com\/portal\/?p=26960"},"modified":"2025-10-13T19:34:05","modified_gmt":"2025-10-14T00:34:05","slug":"camarografo-de-ecuavisa-sufre-fractura-tras-agresion-policial-durante-el-paro-me-dispararon-con-proyectiles-de-goma","status":"publish","type":"post","link":"https:\/\/www.elamazonico.com\/portal\/camarografo-de-ecuavisa-sufre-fractura-tras-agresion-policial-durante-el-paro-me-dispararon-con-proyectiles-de-goma\/","title":{"rendered":"Camar\u00f3grafo de Ecuavisa sufre fractura tras agresi\u00f3n policial durante el paro: &#8216;me dispararon con proyectiles de goma&#8217;"},"content":{"rendered":"<div class=\"paragraph texto\">\n<p class=\"p_0\">Un\u00a0<b>camar\u00f3grafo\u00a0<\/b>de\u00a0<b>Ecuavisa\u00a0<\/b>fue v\u00edctima de agresi\u00f3n policial en medio de la cobertura del\u00a0<b><a href=\"https:\/\/www.vistazo.com\/actualidad\/nacional\/2025-10-13-envivo-paro-nacional-ecuador-quito-ibarra-convoy-militar-vias-cerradas-LF10269255\" target=\"_blank\" rel=\"noopener noreferrer\">paro nacional<\/a><\/b>, este domingo 12 de octubre, en\u00a0<b>Quito<\/b>. El asistente de c\u00e1mara,\u00a0<b>Santiago Gil<\/b>, fue uno de los cinco comunicadores agredidos, seg\u00fan report\u00f3\u00a0<b>Fundamedios<\/b>.<\/p>\n<p class=\"p_2\">De acuerdo con la organizaci\u00f3n, denuncias verificadas se\u00f1alan que miembros de la fuerza p\u00fablica \u00ab<b>habr\u00edan actuado de forma violenta y desproporcionada\u00bb<\/b>\u00a0contra trabajadores de la prensa, pese a estar debidamente identificados y cumpliendo su labor informativa.<\/p>\n<p class=\"p_3\">Santiago Gil relat\u00f3 que fue\u00a0<b>golpeado\u00a0<\/b>por un agente policial y alcanzado por\u00a0<b>proyectiles de goma<\/b>\u00a0mientras intentaba proteger su equipo de trabajo.<\/p>\n<div class=\"Center2Display\">\n<div id=\"Center2\">\u201cLe dije a la polic\u00eda que soy de prensa, estoy con el dron y equipos. Me golpe\u00f3 en la mano porque quer\u00eda que suelte la maleta. <u>Corr\u00ed y me dispar\u00f3 con esas de goma que me dieron en la cabeza y al costado<\/u>\u201d, relat\u00f3 el comunicador de Ecuavisa.<\/div>\n<\/div>\n<\/div>\n<div class=\"Citavistazo\">\u00abViene la Polic\u00eda peg\u00e1ndoles a los manifestantes, al que era y al que no era. Entonces yo alzo las manos y digo &#8216;tranquilo, soy prensa, estoy grabando con el dron, que est\u00e1 en el aire&#8217;. Alza el tolete y me da en la mano. Fue un miedo que me iban a seguir pegando. Ya vi tres polic\u00edas m\u00e1s iban a hacer lo mismo. Y dije mejor corro\u00bb, cont\u00f3 Santiago.<\/div>\n<div class=\"paragraph texto\">\n<p class=\"p_5\">La agresi\u00f3n le provoc\u00f3 una\u00a0<b>fractura en la mano derecha<\/b>, que le ocasiona una\u00a0<b>incapacidad de 28 d\u00edas<\/b>, la cual podr\u00eda extenderse si requiere cirug\u00eda, report\u00f3 Ecuavisa.<\/p>\n<p class=\"p_6\">Santiago fue atendido por la\u00a0<b>Cruz Roja<\/b>\u00a0y trasladado a un hospital, donde denunci\u00f3 el trato por parte de personal policial.<\/p>\n<p class=\"p_7\">\u201cLas personas de la recepci\u00f3n se regresaban a ver y dec\u00edan, &#8216;\u00bffue la Polic\u00eda? Entonces no necesita un parte, \u00bfa qui\u00e9n le va a decir? \u00bfA otro polic\u00eda?&#8217;\u201d, indic\u00f3 Santiago.<\/p>\n<p class=\"p_8\">Adem\u00e1s, 20 minutos despu\u00e9s, un\u00a0<b>polic\u00eda\u00a0<\/b>le visit\u00f3 y le coment\u00f3:\u00a0<u>\u00ab\u00bfUna denuncia al Estado? S\u00ed, pero eso si quieres, si te sientes bien\u00bb<\/u>. \u00abLa persona que me peg\u00f3 sabe que no le va a pasar nada\u00bb, concluy\u00f3 el camar\u00f3grafo.<\/p>\n<\/div>\n<div class=\"html_text\">\n<div class=\"twitter-tweet twitter-tweet-rendered\"><iframe id=\"twitter-widget-0\" class=\"\" title=\"X Post\" src=\"https:\/\/platform.twitter.com\/embed\/Tweet.html?dnt=false&amp;embedId=twitter-widget-0&amp;features=eyJ0ZndfdGltZWxpbmVfbGlzdCI6eyJidWNrZXQiOltdLCJ2ZXJzaW9uIjpudWxsfSwidGZ3X2ZvbGxvd2VyX2NvdW50X3N1bnNldCI6eyJidWNrZXQiOnRydWUsInZlcnNpb24iOm51bGx9LCJ0ZndfdHdlZXRfZWRpdF9iYWNrZW5kIjp7ImJ1Y2tldCI6Im9uIiwidmVyc2lvbiI6bnVsbH0sInRmd19yZWZzcmNfc2Vzc2lvbiI6eyJidWNrZXQiOiJvbiIsInZlcnNpb24iOm51bGx9LCJ0ZndfZm9zbnJfc29mdF9pbnRlcnZlbnRpb25zX2VuYWJsZWQiOnsiYnVja2V0Ijoib24iLCJ2ZXJzaW9uIjpudWxsfSwidGZ3X21peGVkX21lZGlhXzE1ODk3Ijp7ImJ1Y2tldCI6InRyZWF0bWVudCIsInZlcnNpb24iOm51bGx9LCJ0ZndfZXhwZXJpbWVudHNfY29va2llX2V4cGlyYXRpb24iOnsiYnVja2V0IjoxMjA5NjAwLCJ2ZXJzaW9uIjpudWxsfSwidGZ3X3Nob3dfYmlyZHdhdGNoX3Bpdm90c19lbmFibGVkIjp7ImJ1Y2tldCI6Im9uIiwidmVyc2lvbiI6bnVsbH0sInRmd19kdXBsaWNhdGVfc2NyaWJlc190b19zZXR0aW5ncyI6eyJidWNrZXQiOiJvbiIsInZlcnNpb24iOm51bGx9LCJ0ZndfdXNlX3Byb2ZpbGVfaW1hZ2Vfc2hhcGVfZW5hYmxlZCI6eyJidWNrZXQiOiJvbiIsInZlcnNpb24iOm51bGx9LCJ0ZndfdmlkZW9faGxzX2R5bmFtaWNfbWFuaWZlc3RzXzE1MDgyIjp7ImJ1Y2tldCI6InRydWVfYml0cmF0ZSIsInZlcnNpb24iOm51bGx9LCJ0ZndfbGVnYWN5X3RpbWVsaW5lX3N1bnNldCI6eyJidWNrZXQiOnRydWUsInZlcnNpb24iOm51bGx9LCJ0ZndfdHdlZXRfZWRpdF9mcm9udGVuZCI6eyJidWNrZXQiOiJvbiIsInZlcnNpb24iOm51bGx9fQ%3D%3D&amp;frame=false&amp;hideCard=false&amp;hideThread=false&amp;id=1977483692940407070&amp;lang=es&amp;maxWidth=560px&amp;origin=https%3A%2F%2Fwww.vistazo.com%2Factualidad%2Fnacional%2F2025-10-13-paro-nacional-periodista-sufre-agresion-ecuavisa-fractura-GE10270024&amp;sessionId=08af6d8997aa80cf3a5eb26a8c25244ac6ea3d38&amp;theme=light&amp;widgetsVersion=2615f7e52b7e0%3A1702314776716&amp;width=550px\" frameborder=\"0\" scrolling=\"no\" allowfullscreen=\"allowfullscreen\" data-tweet-id=\"1977483692940407070\" data-mce-fragment=\"1\"><\/iframe><\/div>\n<\/div>\n<h2 class=\"h2vistazo\">Agresi\u00f3n a periodistas en el paro nacional<\/h2>\n<div class=\"paragraph texto\">\n<p class=\"p_9\">Fundamedios expres\u00f3 su profunda preocupaci\u00f3n y rechazo ante los \u201cactos de agresi\u00f3n, requisa y retenci\u00f3n arbitraria contra periodistas y comunicadores\u201d, y adem\u00e1s detall\u00f3 varios incidentes que involucraron a comunicadores de distintos medios durante la cobertura de este domingo.<\/p>\n<p class=\"p_11\">Otro caso fue el del periodista\u00a0<b>Jorge Cano<\/b>, del medio\u00a0<b>Wambra Ec<\/b>, quien fue requisado por un\u00a0<b>militar\u00a0<\/b>armado pese a portar chaleco y credencial de prensa.<\/p>\n<p class=\"p_12\">En un video difundido en la red social X se observa c\u00f3mo, aun despu\u00e9s de identificarse como\u00a0<b>periodista<\/b>, un\u00a0<b>militar\u00a0<\/b>le exige abrir su\u00a0<b>mochila\u00a0<\/b>para revisar sus equipos y le ordena trasladarse a otro lugar, alegando un supuesto \u201cprocedimiento de control de armas y explosivos\u201d.<\/p>\n<p class=\"p_13\">El medio de comunicaci\u00f3n calific\u00f3 el hecho como una violaci\u00f3n al respeto y garant\u00edas del trabajo period\u00edstico.<\/p>\n<p class=\"p_14\">Asimismo, la periodista\u00a0<b>Gaby Mena<\/b>\u00a0denunci\u00f3 que agentes policiales destruyeron su tel\u00e9fono\u00a0<b>celular\u00a0<\/b>mientras grababa la dispersi\u00f3n de manifestantes en el parque El Ejido, en el centro de la capital.<\/p>\n<\/div>\n<div class=\"Citavistazo\">\u201cEstaba grabando con mi tel\u00e9fono celular mientras mi camar\u00f3grafo hac\u00eda tomas de lo mismo cuando sent\u00ed que se me par\u00f3 atr\u00e1s un polic\u00eda que me quit\u00f3 el celular, lo rompi\u00f3, lanz\u00f3 al piso y lo pis\u00f3\u201d, relat\u00f3 la comunicadora, que pidi\u00f3 a Fundamedios no publicar el nombre del medio para el que trabaja.<\/div>\n<div class=\"paragraph texto\">\n<p class=\"p_15\">La\u00a0<b>Red Kapari<\/b>\u00a0tambi\u00e9n inform\u00f3 que uno de sus reporteros fue\u00a0<b>retenido temporalmente por efectivos de la fuerza p\u00fablica<\/b>\u00a0mientras realizaba labores period\u00edsticas en el centro de Quito, lo que el medio calific\u00f3 como \u201cactos de intimidaci\u00f3n y persecuci\u00f3n\u201d contra comunicadores comunitarios.<\/p>\n<p class=\"p_16\">De igual forma,\u00a0<b>Pamela Ledesma<\/b>, periodista del medio digital\u00a0<b>BN<\/b>, denunci\u00f3 haber sido\u00a0<b>agredida\u00a0<\/b>por polic\u00edas mientras registraba la detenci\u00f3n de dos manifestantes en el sector de la avenida Patria y 6 de Diciembre. Seg\u00fan su testimonio, los agentes le quitaron el tel\u00e9fono y le exigieron\u00a0<b>borrar el contenido grabado<\/b>.<\/p>\n<p class=\"p_17\">Hasta el momento,\u00a0<b>la Polic\u00eda Nacional no ha emitido un pronunciamiento oficial<\/b>\u00a0sobre estos hechos. Por su parte, Fundamedios exigi\u00f3 al Estado, en particular al\u00a0<b>Ministerio de Defensa<\/b>\u00a0y al\u00a0<b>Ministerio del Interior<\/b>, que se\u00a0<b>investiguen de manera inmediata\u00a0<\/b>las agresiones denunciadas y se\u00a0<b>sancione a los responsables<\/b>. Fuente: Vistazo<\/p>\n<\/div>\n","protected":false},"excerpt":{"rendered":"<p>Un\u00a0camar\u00f3grafo\u00a0de\u00a0Ecuavisa\u00a0fue v\u00edctima de agresi\u00f3n policial en medio de la cobertura del\u00a0paro nacional, este domingo 12 de octubre, en\u00a0Quito. El asistente de c\u00e1mara,\u00a0Santiago Gil, fue uno de los cinco comunicadores agredidos, seg\u00fan report\u00f3\u00a0Fundamedios. De acuerdo con la organizaci\u00f3n, denuncias verificadas se\u00f1alan que miembros de la fuerza p\u00fablica \u00abhabr\u00edan actuado de forma violenta y desproporcionada\u00bb\u00a0contra trabajadores de la prensa, pese a estar debidamente identificados y cumpliendo su labor informativa. Santiago Gil relat\u00f3 que fue\u00a0golpeado\u00a0por un agente policial y alcanzado por\u00a0proyectiles de goma\u00a0mientras intentaba proteger su equipo de trabajo. \u201cLe dije a la polic\u00eda que soy de prensa, estoy con el dron y equipos. Me golpe\u00f3 en la mano porque quer\u00eda que suelte la maleta. Corr\u00ed y me dispar\u00f3 con esas de goma que me dieron en la cabeza y al costado\u201d, relat\u00f3 el comunicador de Ecuavisa. \u00abViene la Polic\u00eda peg\u00e1ndoles a los manifestantes, al que era y al que no era. Entonces yo alzo las manos y digo &#8216;tranquilo, soy prensa, estoy grabando con el dron, que est\u00e1 en el aire&#8217;. Alza el tolete y me da en la mano. Fue un miedo que me iban a seguir pegando. Ya vi tres polic\u00edas m\u00e1s iban a hacer lo mismo. Y dije mejor corro\u00bb, cont\u00f3 Santiago. La agresi\u00f3n le provoc\u00f3 una\u00a0fractura en la mano derecha, que le ocasiona una\u00a0incapacidad de 28 d\u00edas, la cual podr\u00eda extenderse si requiere cirug\u00eda, report\u00f3 Ecuavisa. Santiago fue atendido por la\u00a0Cruz Roja\u00a0y trasladado a un hospital, donde denunci\u00f3 el trato por parte de personal policial. \u201cLas personas de la recepci\u00f3n se regresaban a ver y dec\u00edan, &#8216;\u00bffue la Polic\u00eda? Entonces no necesita un parte, \u00bfa qui\u00e9n le va a decir? \u00bfA otro polic\u00eda?&#8217;\u201d, indic\u00f3 Santiago. Adem\u00e1s, 20 minutos despu\u00e9s, un\u00a0polic\u00eda\u00a0le visit\u00f3 y le coment\u00f3:\u00a0\u00ab\u00bfUna denuncia al Estado? S\u00ed, pero eso si quieres, si te sientes bien\u00bb. \u00abLa persona que me peg\u00f3 sabe que no le va a pasar nada\u00bb, concluy\u00f3 el camar\u00f3grafo. Agresi\u00f3n a periodistas en el paro nacional Fundamedios expres\u00f3 su profunda preocupaci\u00f3n y rechazo ante los \u201cactos de agresi\u00f3n, requisa y retenci\u00f3n arbitraria contra periodistas y comunicadores\u201d, y adem\u00e1s detall\u00f3 varios incidentes que involucraron a comunicadores de distintos medios durante la cobertura de este domingo. Otro caso fue el del periodista\u00a0Jorge Cano, del medio\u00a0Wambra Ec, quien fue requisado por un\u00a0militar\u00a0armado pese a portar chaleco y credencial de prensa. En un video difundido en la red social X se observa c\u00f3mo, aun despu\u00e9s de identificarse como\u00a0periodista, un\u00a0militar\u00a0le exige abrir su\u00a0mochila\u00a0para revisar sus equipos y le ordena trasladarse a otro lugar, alegando un supuesto \u201cprocedimiento de control de armas y explosivos\u201d. El medio de comunicaci\u00f3n calific\u00f3 el hecho como una violaci\u00f3n al respeto y garant\u00edas del trabajo period\u00edstico. Asimismo, la periodista\u00a0Gaby Mena\u00a0denunci\u00f3 que agentes policiales destruyeron su tel\u00e9fono\u00a0celular\u00a0mientras grababa la dispersi\u00f3n de manifestantes en el parque El Ejido, en el centro de la capital. \u201cEstaba grabando con mi tel\u00e9fono celular mientras mi camar\u00f3grafo hac\u00eda tomas de lo mismo cuando sent\u00ed que se me par\u00f3 atr\u00e1s un polic\u00eda que me quit\u00f3 el celular, lo rompi\u00f3, lanz\u00f3 al piso y lo pis\u00f3\u201d, relat\u00f3 la comunicadora, que pidi\u00f3 a Fundamedios no publicar el nombre del medio para el que trabaja. La\u00a0Red Kapari\u00a0tambi\u00e9n inform\u00f3 que uno de sus reporteros fue\u00a0retenido temporalmente por efectivos de la fuerza p\u00fablica\u00a0mientras realizaba labores period\u00edsticas en el centro de Quito, lo que el medio calific\u00f3 como \u201cactos de intimidaci\u00f3n y persecuci\u00f3n\u201d contra comunicadores comunitarios. De igual forma,\u00a0Pamela Ledesma, periodista del medio digital\u00a0BN, denunci\u00f3 haber sido\u00a0agredida\u00a0por polic\u00edas mientras registraba la detenci\u00f3n de dos manifestantes en el sector de la avenida Patria y 6 de Diciembre. Seg\u00fan su testimonio, los agentes le quitaron el tel\u00e9fono y le exigieron\u00a0borrar el contenido grabado. Hasta el momento,\u00a0la Polic\u00eda Nacional no ha emitido un pronunciamiento oficial\u00a0sobre estos hechos. Por su parte, Fundamedios exigi\u00f3 al Estado, en particular al\u00a0Ministerio de Defensa\u00a0y al\u00a0Ministerio del Interior, que se\u00a0investiguen de manera inmediata\u00a0las agresiones denunciadas y se\u00a0sancione a los responsables. Fuente: Vistazo<\/p>\n","protected":false},"author":1,"featured_media":26961,"comment_status":"closed","ping_status":"closed","sticky":false,"template":"","format":"standard","meta":{"footnotes":""},"categories":[268],"tags":[],"class_list":["post-26960","post","type-post","status-publish","format-standard","has-post-thumbnail","hentry","category-nacionales"],"_links":{"self":[{"href":"https:\/\/www.elamazonico.com\/portal\/wp-json\/wp\/v2\/posts\/26960","targetHints":{"allow":["GET"]}}],"collection":[{"href":"https:\/\/www.elamazonico.com\/portal\/wp-json\/wp\/v2\/posts"}],"about":[{"href":"https:\/\/www.elamazonico.com\/portal\/wp-json\/wp\/v2\/types\/post"}],"author":[{"embeddable":true,"href":"https:\/\/www.elamazonico.com\/portal\/wp-json\/wp\/v2\/users\/1"}],"replies":[{"embeddable":true,"href":"https:\/\/www.elamazonico.com\/portal\/wp-json\/wp\/v2\/comments?post=26960"}],"version-history":[{"count":1,"href":"https:\/\/www.elamazonico.com\/portal\/wp-json\/wp\/v2\/posts\/26960\/revisions"}],"predecessor-version":[{"id":26962,"href":"https:\/\/www.elamazonico.com\/portal\/wp-json\/wp\/v2\/posts\/26960\/revisions\/26962"}],"wp:featuredmedia":[{"embeddable":true,"href":"https:\/\/www.elamazonico.com\/portal\/wp-json\/wp\/v2\/media\/26961"}],"wp:attachment":[{"href":"https:\/\/www.elamazonico.com\/portal\/wp-json\/wp\/v2\/media?parent=26960"}],"wp:term":[{"taxonomy":"category","embeddable":true,"href":"https:\/\/www.elamazonico.com\/portal\/wp-json\/wp\/v2\/categories?post=26960"},{"taxonomy":"post_tag","embeddable":true,"href":"https:\/\/www.elamazonico.com\/portal\/wp-json\/wp\/v2\/tags?post=26960"}],"curies":[{"name":"wp","href":"https:\/\/api.w.org\/{rel}","templated":true}]}}