{"id":26954,"date":"2025-10-14T04:16:51","date_gmt":"2025-10-14T09:16:51","guid":{"rendered":"https:\/\/www.elamazonico.com\/portal\/?p=26954"},"modified":"2025-10-13T19:26:11","modified_gmt":"2025-10-14T00:26:11","slug":"prefectura-de-zamora-chinchipe-anuncia-la-xxiii-feria-agropecuaria-provincial-sembrando-vida","status":"publish","type":"post","link":"https:\/\/www.elamazonico.com\/portal\/prefectura-de-zamora-chinchipe-anuncia-la-xxiii-feria-agropecuaria-provincial-sembrando-vida\/","title":{"rendered":"Prefectura de Zamora Chinchipe anuncia la XXIII Feria Agropecuaria Provincial \u201cSembrando Vida\u201d"},"content":{"rendered":"<p>En las instalaciones del Predio Agropecuario de Luis Pe\u00f1a en el sector el (PADMI), la Prefectura de Zamora Chinchipe llev\u00f3 a cabo la rueda de prensa el lunes 13 de octubre, para el lanzamiento oficial de la Vig\u00e9sima Tercera Feria Agropecuaria Provincial \u201cSembrando Vida\u201d, que se desarrollar\u00e1 los d\u00edas 8 y 9 de noviembre de 2025 en el recinto ferial de la ciudad de Yantzaza.<\/p>\n<p>El evento estuvo presidido por la prefecta provincial, Karla Re\u00e1tegui, quien destac\u00f3 el compromiso institucional con el impulso a la producci\u00f3n local y la econom\u00eda sostenible, pilares fundamentales para el desarrollo rural de la provincia. La autoridad provincial manifest\u00f3 que esta feria se convierte en un s\u00edmbolo de reactivaci\u00f3n y resiliencia para el sector agropecuario, duramente afectado por los fen\u00f3menos invernales ocurridos entre junio y julio del presente a\u00f1o.<\/p>\n<p>\u201cHemos decidido sostener la feria porque precisamente el sector productivo fue el m\u00e1s golpeado. Este espacio servir\u00e1 como un incentivo y una oportunidad para que nuestros productores contin\u00faen generando alimentos sanos y sostenibles desde el campo para nuestras ciudades\u201d, afirm\u00f3 Re\u00e1tegui.<\/p>\n<p>Durante su intervenci\u00f3n, la prefecta tambi\u00e9n anunci\u00f3 que la feria de este a\u00f1o contar\u00e1 con una amplia agenda productiva, ganadera, agr\u00edcola, artesanal y gastron\u00f3mica, as\u00ed como con m\u00e1s de mil expositores provenientes de todos los cantones de la provincia. Adem\u00e1s, se inform\u00f3 que los premios econ\u00f3micos han sido incrementados con el objetivo de reconocer el esfuerzo de los productores y estimular la competitividad.<\/p>\n<p>Entre las principales actividades destacan la ExpoLeche (s\u00e1bado 8) y la ExpoCarne (domingo 9), seguidas de la feria gastron\u00f3mica y de emprendimientos (lunes 10 de noviembre), en el marco de la conmemoraci\u00f3n de los 72 a\u00f1os de provincializaci\u00f3n de Zamora Chinchipe.<\/p>\n<p>Asimismo, Re\u00e1tegui subray\u00f3 el proceso de construcci\u00f3n del nuevo recinto ferial provincial en Cumbaratza, que contar\u00e1 con infraestructura especializada, ring de juzgamiento y servicios b\u00e1sicos, con miras a consolidarse como un espacio permanente para las futuras ediciones del evento a partir de 2026.<\/p>\n<p>En el \u00e1mbito de incentivos, la feria contempla 315 concursos productivos en distintas categor\u00edas: ganader\u00eda de leche y carne, cultivos de pl\u00e1tano, guineo, cacao, caf\u00e9, papaya y yuca, entre otros. Los premios en efectivo se entregar\u00e1n directamente a las cuentas de los productores.<\/p>\n<p>Tambi\u00e9n se anunci\u00f3 un concurso provincial de manejo de ganado para ni\u00f1os y j\u00f3venes entre 8 y 20 a\u00f1os, con el objetivo de fomentar el relevo generacional y la participaci\u00f3n de la juventud rural en las actividades del campo.<\/p>\n<p>El gerente de Agropzachin, Carlos Suquisupa, expres\u00f3 su satisfacci\u00f3n por el desarrollo de esta iniciativa que impulsa la econom\u00eda local:<br \/>\n\u201cLa feria representa una vitrina para mostrar el potencial productivo de Zamora Chinchipe. Desde la empresa p\u00fablica estamos comprometidos en fortalecer la comercializaci\u00f3n y calidad de los productos agr\u00edcolas, ganaderos y emprendedores de la provincia\u201d, afirm\u00f3.<\/p>\n<p>Por su parte, el productor Luis Pe\u00f1a, anfitri\u00f3n del evento, resalt\u00f3 la importancia de reconocer el trabajo de quienes dedican su vida al campo:<br \/>\n\u201cEsta feria es un homenaje al esfuerzo y dedicaci\u00f3n de los agricultores y ganaderos que d\u00eda a d\u00eda contribuyen al crecimiento de nuestra provincia\u201d, manifest\u00f3.<\/p>\n<p>En representaci\u00f3n del Gobierno Municipal de Yantzaza, la concejala Maricela Tocto destac\u00f3 la articulaci\u00f3n institucional para garantizar el \u00e9xito del evento:<\/p>\n<blockquote><p>\u201cAgradecemos a la Prefectura por considerar a nuestro cant\u00f3n como sede. Yantzaza est\u00e1 lista para recibir a toda la provincia con calidez y compromiso, reafirmando su potencial tur\u00edstico y productivo\u201d, expres\u00f3.<\/p><\/blockquote>\n<p>La Feria Agropecuaria \u201cSembrando Vida\u201d se desarrollar\u00e1 con una cartelera art\u00edstica durante los d\u00edas 8, 9 y 10 de noviembre, con la participaci\u00f3n de talentos locales y nacionales, integrando cultura, arte y producci\u00f3n en un solo espacio de encuentro.<\/p>\n<p>La Prefectura de Zamora Chinchipe invita a toda la ciudadan\u00eda, productores, ganaderos y emprendedores a formar parte de esta gran cita productiva provincial, que reafirma el valor del trabajo en el campo y la unidad de los zamoranos chinchipenses en el desarrollo sostenible del territorio.<\/p>\n","protected":false},"excerpt":{"rendered":"<p>En las instalaciones del Predio Agropecuario de Luis Pe\u00f1a en el sector el (PADMI), la Prefectura de Zamora Chinchipe llev\u00f3 a cabo la rueda de prensa el lunes 13 de octubre, para el lanzamiento oficial de la Vig\u00e9sima Tercera Feria Agropecuaria Provincial \u201cSembrando Vida\u201d, que se desarrollar\u00e1 los d\u00edas 8 y 9 de noviembre de 2025 en el recinto ferial de la ciudad de Yantzaza. El evento estuvo presidido por la prefecta provincial, Karla Re\u00e1tegui, quien destac\u00f3 el compromiso institucional con el impulso a la producci\u00f3n local y la econom\u00eda sostenible, pilares fundamentales para el desarrollo rural de la provincia. La autoridad provincial manifest\u00f3 que esta feria se convierte en un s\u00edmbolo de reactivaci\u00f3n y resiliencia para el sector agropecuario, duramente afectado por los fen\u00f3menos invernales ocurridos entre junio y julio del presente a\u00f1o. \u201cHemos decidido sostener la feria porque precisamente el sector productivo fue el m\u00e1s golpeado. Este espacio servir\u00e1 como un incentivo y una oportunidad para que nuestros productores contin\u00faen generando alimentos sanos y sostenibles desde el campo para nuestras ciudades\u201d, afirm\u00f3 Re\u00e1tegui. Durante su intervenci\u00f3n, la prefecta tambi\u00e9n anunci\u00f3 que la feria de este a\u00f1o contar\u00e1 con una amplia agenda productiva, ganadera, agr\u00edcola, artesanal y gastron\u00f3mica, as\u00ed como con m\u00e1s de mil expositores provenientes de todos los cantones de la provincia. Adem\u00e1s, se inform\u00f3 que los premios econ\u00f3micos han sido incrementados con el objetivo de reconocer el esfuerzo de los productores y estimular la competitividad. Entre las principales actividades destacan la ExpoLeche (s\u00e1bado 8) y la ExpoCarne (domingo 9), seguidas de la feria gastron\u00f3mica y de emprendimientos (lunes 10 de noviembre), en el marco de la conmemoraci\u00f3n de los 72 a\u00f1os de provincializaci\u00f3n de Zamora Chinchipe. Asimismo, Re\u00e1tegui subray\u00f3 el proceso de construcci\u00f3n del nuevo recinto ferial provincial en Cumbaratza, que contar\u00e1 con infraestructura especializada, ring de juzgamiento y servicios b\u00e1sicos, con miras a consolidarse como un espacio permanente para las futuras ediciones del evento a partir de 2026. En el \u00e1mbito de incentivos, la feria contempla 315 concursos productivos en distintas categor\u00edas: ganader\u00eda de leche y carne, cultivos de pl\u00e1tano, guineo, cacao, caf\u00e9, papaya y yuca, entre otros. Los premios en efectivo se entregar\u00e1n directamente a las cuentas de los productores. Tambi\u00e9n se anunci\u00f3 un concurso provincial de manejo de ganado para ni\u00f1os y j\u00f3venes entre 8 y 20 a\u00f1os, con el objetivo de fomentar el relevo generacional y la participaci\u00f3n de la juventud rural en las actividades del campo. El gerente de Agropzachin, Carlos Suquisupa, expres\u00f3 su satisfacci\u00f3n por el desarrollo de esta iniciativa que impulsa la econom\u00eda local: \u201cLa feria representa una vitrina para mostrar el potencial productivo de Zamora Chinchipe. Desde la empresa p\u00fablica estamos comprometidos en fortalecer la comercializaci\u00f3n y calidad de los productos agr\u00edcolas, ganaderos y emprendedores de la provincia\u201d, afirm\u00f3. Por su parte, el productor Luis Pe\u00f1a, anfitri\u00f3n del evento, resalt\u00f3 la importancia de reconocer el trabajo de quienes dedican su vida al campo: \u201cEsta feria es un homenaje al esfuerzo y dedicaci\u00f3n de los agricultores y ganaderos que d\u00eda a d\u00eda contribuyen al crecimiento de nuestra provincia\u201d, manifest\u00f3. En representaci\u00f3n del Gobierno Municipal de Yantzaza, la concejala Maricela Tocto destac\u00f3 la articulaci\u00f3n institucional para garantizar el \u00e9xito del evento: \u201cAgradecemos a la Prefectura por considerar a nuestro cant\u00f3n como sede. Yantzaza est\u00e1 lista para recibir a toda la provincia con calidez y compromiso, reafirmando su potencial tur\u00edstico y productivo\u201d, expres\u00f3. La Feria Agropecuaria \u201cSembrando Vida\u201d se desarrollar\u00e1 con una cartelera art\u00edstica durante los d\u00edas 8, 9 y 10 de noviembre, con la participaci\u00f3n de talentos locales y nacionales, integrando cultura, arte y producci\u00f3n en un solo espacio de encuentro. La Prefectura de Zamora Chinchipe invita a toda la ciudadan\u00eda, productores, ganaderos y emprendedores a formar parte de esta gran cita productiva provincial, que reafirma el valor del trabajo en el campo y la unidad de los zamoranos chinchipenses en el desarrollo sostenible del territorio.<\/p>\n","protected":false},"author":1,"featured_media":26955,"comment_status":"closed","ping_status":"closed","sticky":false,"template":"","format":"standard","meta":{"footnotes":""},"categories":[243],"tags":[],"class_list":["post-26954","post","type-post","status-publish","format-standard","has-post-thumbnail","hentry","category-noticias-zamora"],"_links":{"self":[{"href":"https:\/\/www.elamazonico.com\/portal\/wp-json\/wp\/v2\/posts\/26954","targetHints":{"allow":["GET"]}}],"collection":[{"href":"https:\/\/www.elamazonico.com\/portal\/wp-json\/wp\/v2\/posts"}],"about":[{"href":"https:\/\/www.elamazonico.com\/portal\/wp-json\/wp\/v2\/types\/post"}],"author":[{"embeddable":true,"href":"https:\/\/www.elamazonico.com\/portal\/wp-json\/wp\/v2\/users\/1"}],"replies":[{"embeddable":true,"href":"https:\/\/www.elamazonico.com\/portal\/wp-json\/wp\/v2\/comments?post=26954"}],"version-history":[{"count":1,"href":"https:\/\/www.elamazonico.com\/portal\/wp-json\/wp\/v2\/posts\/26954\/revisions"}],"predecessor-version":[{"id":26956,"href":"https:\/\/www.elamazonico.com\/portal\/wp-json\/wp\/v2\/posts\/26954\/revisions\/26956"}],"wp:featuredmedia":[{"embeddable":true,"href":"https:\/\/www.elamazonico.com\/portal\/wp-json\/wp\/v2\/media\/26955"}],"wp:attachment":[{"href":"https:\/\/www.elamazonico.com\/portal\/wp-json\/wp\/v2\/media?parent=26954"}],"wp:term":[{"taxonomy":"category","embeddable":true,"href":"https:\/\/www.elamazonico.com\/portal\/wp-json\/wp\/v2\/categories?post=26954"},{"taxonomy":"post_tag","embeddable":true,"href":"https:\/\/www.elamazonico.com\/portal\/wp-json\/wp\/v2\/tags?post=26954"}],"curies":[{"name":"wp","href":"https:\/\/api.w.org\/{rel}","templated":true}]}}