{"id":26951,"date":"2025-10-13T16:56:13","date_gmt":"2025-10-13T21:56:13","guid":{"rendered":"https:\/\/www.elamazonico.com\/portal\/?p=26951"},"modified":"2025-10-13T16:56:13","modified_gmt":"2025-10-13T21:56:13","slug":"indigenas-de-imbabura-solicitan-dialogo-al-gobierno-y-respuestas-a-sus-demandas","status":"publish","type":"post","link":"https:\/\/www.elamazonico.com\/portal\/indigenas-de-imbabura-solicitan-dialogo-al-gobierno-y-respuestas-a-sus-demandas\/","title":{"rendered":"Ind\u00edgenas de Imbabura solicitan di\u00e1logo al Gobierno y respuestas a sus demandas"},"content":{"rendered":"<div id=\"\" class=\"portlet-boundary portlet-static-end content-viewer-portlet text__ last full-access norestricted\">\n<div class=\"text_detail\">\n<div class=\"text resizable\">\n<div class=\"paragraph texto\">\n<p class=\"p_0\"><a href=\"https:\/\/www.vistazo.com\/actualidad\/nacional\/2025-10-13-vias-cerradas-pichincha-imbabura-cuarta-semana-paro-nacional-DF10267510\">Ecuador<\/a>\u00a0atraviesa la\u00a0<u><b>cuarta semana de protestas en el marco del paro nacional<\/b><\/u>\u00a0convocado por la Conaie. A\u00fan hay\u00a0<u><b>m\u00faltiples v\u00edas cerradas en Imbabura<\/b><\/u>, el epicentro de las protestas, y Pichincha. El Gobierno dice que est\u00e1 dialogando con las bases, mientras grupos sociales alistan nuevas movilizaciones.<\/p>\n<p class=\"p_1\">Si bien la\u00a0<u><b>eliminaci\u00f3n del subsidio al di\u00e9sel\u00a0<\/b><\/u>fue el detonante de las manifestaciones, diversos colectivos sociales han aumentado su inconformidad con todas las medidas adoptadas por el Gobierno de Daniel Noboa.<\/p>\n<p class=\"p_3\">Son 22 d\u00edas de cierres y protestas, que han dejado<u><b>\u00a0un muerto, cientos de heridos y detenidos<\/b><\/u>. Mientras que las p\u00e9rdidas econ\u00f3micas siguen en aumento en la provincia de Imbabura,\u00a0<u>donde la ocupaci\u00f3n hotelera en el pasado feriado alcanz\u00f3 tan solo el 4.6%.<\/u><\/p>\n<div class=\"Center2Display\">\n<div id=\"Center2\">La portavoz de la Presidencia, <b><a href=\"https:\/\/www.vistazo.com\/actualidad\/nacional\/2025-10-13-carolina-jaramillo-protestas-quito-numero-marginal-ciudadanos-OF10268240\">Carolina Jaramillo<\/a><\/b>, asever\u00f3 este lunes que el \u201cGobierno est\u00e1 dialogando con las bases, detr\u00e1s de estos supuestos dirigentes\u201d.<\/div>\n<\/div>\n<p class=\"p_5\">Por su parte, la Uni\u00f3n de Organizaciones Campesinas Ind\u00edgenas de Cotacachi (<b>UNORCAC<\/b>)\u00a0<u><b>se ha desplazado con cientos de manifestantes hacia la ciudad de Ibarra<\/b><\/u>\u00a0para exigir que el Gobierno escuche sus demandas.<\/p>\n<p class=\"p_6\">En cambio, l\u00edderes del Frente Unitario de Trabajadores (FUT), de la Uni\u00f3n Nacional de Educadores (UNE) y de la Uni\u00f3n General de Trabajadores (UGTE)\u00a0<u><b>han anunciado protestas para esta semana en Quito.<\/b><\/u><\/p>\n<p class=\"p_7\"><strong>DETALLES MINUTO A MINUTO<\/strong><\/p>\n<\/div>\n<\/div>\n<\/div>\n<div class=\"cl\">13\/10\/2025 16:10<\/div>\n<\/div>\n<div id=\"\" class=\"portlet-boundary portlet-static-end content-viewer-portlet LIVE BLOG POST last full-access norestricted\">\n<div class=\"LIVE_BLOG_POST v2\">\n<div class=\"item_post p_1\">\n<div class=\"item_content\">\n<div class=\"content_post\">\n<div class=\"headline_post\">Ind\u00edgenas se retiran de Ibarra con un llamado al di\u00e1logo<\/div>\n<div class=\"text_post\">\n<p>Miles de ind\u00edgenas de Cotacachi marcharon en la ciudad de Ibarra, provincia de Imbabura,\u00a0<u><b>para exigir al Gobierno una apertura inmediata al di\u00e1logo y respuestas concretas a sus demandas.<\/b><\/u><\/p>\n<p>Los protestantes se movilizaron en una multitudinaria caravana por la E-35 y arribaron al Parque \u2018Ciudad Blanca\u2019, desde donde empezaron a marchar por las principales calles de Ibarra.<\/p>\n<p>Estuvieron miembros de la<u><b>\u00a0UNORCAC, ChijalltaFICI y otras agrupaciones representativas<\/b><\/u>\u00a0de los pueblos y nacionalidades de Imbabura.<\/p>\n<p>La movilizaci\u00f3n concluy\u00f3 tras dos horas, pasadas las 14:00.\u00a0<u><b>Los ind\u00edgenas volvieron a sus comunidades para continuar con la \u201cresistencia\u201d.<\/b><\/u><\/p>\n<p>Un l\u00edder ind\u00edgena inform\u00f3 que\u00a0<u><b>entregaron a las autoridades de la provincia un documento<\/b><\/u>, en el que plantean sus necesidades y hacen un llamado al di\u00e1logo.<\/p>\n<p>Entre las solicitudes de las comunidades, constan la liberaci\u00f3n de los 12 detenidos en Otavalo tras quemar un destacamento policial, la eliminaci\u00f3n del subsidio al di\u00e9sel, entre otras propuestas.<\/p>\n<p>Los ind\u00edgenas aseguraron que\u00a0<u><b>esperan una respuesta lo m\u00e1s pronto posible<\/b><\/u>, de lo contrario se movilizar\u00e1n nuevamente a Quito.<\/p>\n<\/div>\n<div class=\"image_post\"><img fetchpriority=\"high\" decoding=\"async\" title=\"Ind\u00edgenas se retiran de Ibarra con un llamado al di\u00e1logo\" src=\"https:\/\/www.vistazo.com\/binrepository\/captura-de-pantalla-2025-10-13-a-las_2471117_20251013161711.png\" alt=\"Ind\u00edgenas se retiran de Ibarra con un llamado al di\u00e1logo\" width=\"1886\" height=\"986\" \/><\/div>\n<hr class=\"linea_hr\" \/>\n<\/div>\n<\/div>\n<\/div>\n<div class=\"item_post p_2\">\n<div class=\"item_line\">\n<div class=\"vertical-line\">13\/10\/2025 15:30<\/div>\n<\/div>\n<div class=\"item_content\">\n<div class=\"content_post\">\n<div class=\"headline_post\">Camar\u00f3grafo de Ecuavisa denuncia que fue agredido<\/div>\n<div class=\"text_post\">\n<p>Un\u00a0<b>periodista\u00a0<\/b>de\u00a0<b>Ecuavisa\u00a0<\/b>fue v\u00edctima de agresi\u00f3n policial en medio de la cobertura del\u00a0<b><a href=\"https:\/\/www.vistazo.com\/actualidad\/nacional\/2025-10-13-envivo-paro-nacional-ecuador-quito-ibarra-convoy-militar-vias-cerradas-LF10269255\" target=\"_blank\" rel=\"noopener noreferrer\">paro nacional<\/a><\/b>, este domingo 12 de octubre, en\u00a0<b>Quito<\/b>. El asistente de c\u00e1mara,\u00a0<b>Santiago Gil<\/b>, fue uno de los cinco comunicadores agredidos, seg\u00fan report\u00f3\u00a0<b>Fundamedios<\/b>.<\/p>\n<p>De acuerdo con la organizaci\u00f3n, denuncias verificadas se\u00f1alan que miembros de la fuerza p\u00fablica \u00ab<b>habr\u00edan actuado de forma violenta y desproporcionada\u00bb<\/b>\u00a0contra trabajadores de la prensa, pese a estar debidamente identificados y cumpliendo su labor informativa.<\/p>\n<p>Santiago Gil relat\u00f3 que fue\u00a0<b>golpeado\u00a0<\/b>por un agente policial y alcanzado por\u00a0<b>proyectiles de goma<\/b>\u00a0mientras intentaba proteger su equipo de trabajo.<\/p>\n<p>\u201cLe dije a la polic\u00eda que soy de prensa, estoy con el dron y equipos. Me golpe\u00f3 en la mano porque quer\u00eda que suelte la maleta.\u00a0<u>Corr\u00ed y me dispar\u00f3 con esas de goma que me dieron en la cabeza y al costado<\/u>\u201d, relat\u00f3 el comunicador de Ecuavisa.<\/p>\n<\/div>\n<div class=\"image_post\"><img decoding=\"async\" title=\"Camar\u00f3grafo de Ecuavisa denuncia que fue agredido\" src=\"https:\/\/www.vistazo.com\/binrepository\/20251012193510-uio-marcha-movimientos_2471019_20251013154814.jpg\" alt=\"Camar\u00f3grafo de Ecuavisa denuncia que fue agredido\" width=\"768\" height=\"432\" \/><\/div>\n<\/div>\n<\/div>\n<\/div>\n<div class=\"item_post p_3\">\n<div class=\"item_line\">\n<div class=\"point_post\"><\/div>\n<div class=\"vertical-line\"><\/div>\n<\/div>\n<div class=\"item_content\">\n<div class=\"date_post\" data-date=\"13\/10\/2025 14:40\">13\/10\/2025 14:40<\/div>\n<div class=\"content_post\">\n<div class=\"headline_post\">Conaie emite pronunciamiento<\/div>\n<div class=\"text_post\">\n<p><b>Marlon Vargas<\/b>, presidente de la Conaie, habl\u00f3 sobre las protestas registradas el pasado domingo en Quito.<\/p>\n<p>El l\u00edder ind\u00edgena aclar\u00f3 que\u00a0<u><b>\u201cnunca hubo intenci\u00f3n de tomarse con violencia ni incendiar\u201d\u00a0<\/b><\/u>a la capital de los ecuatorianos.<\/p>\n<p>No obstante recalc\u00f3: \u201cQuito no est\u00e1 aislado del pa\u00eds, los pueblos y nacionalidades formamos parte del pueblo quite\u00f1o y\u00a0<u><b>de la misma manera recibimos el cari\u00f1o y la solidaridad de su gente\u00a0<\/b><\/u>como se demostr\u00f3 ayer\u201d.<\/p>\n<p>Cientos de personas protestaron el pasado domingo en el centro de la ciudad, lo cual provoc\u00f3 enfrentamientos con la Polic\u00eda Nacional, as\u00ed como agresiones a periodistas.<\/p>\n<p>\u201cEse relato de la violencia es parte de una estrategia del Gobierno para justificar la represi\u00f3n, nuestra movilizaci\u00f3n fue totalmente pac\u00edfica,\u00a0<u><b>sin ning\u00fan brote de violencia<\/b><\/u>\u201d, acot\u00f3 Vargas.<\/p>\n<p>El l\u00edder ind\u00edgena tambi\u00e9n se pronunci\u00f3 sobre el caso de\u00a0<u><b>dos j\u00f3venes ind\u00edgenas de Otavalo<\/b><\/u>, a quienes militares habr\u00edan cortado sus<u><b>\u00a0trenzas de cabello<\/b><\/u>, un s\u00edmbolo que es parte indispensable de su identidad.<\/p>\n<p>Vargas calific\u00f3 ese acto como \u201cracista\u201d y asegur\u00f3 que \u201crefleja la persistencia de un Estado con rasgos coloniales\u201d.<\/p>\n<p>Finalmente, anunci\u00f3 que en los pr\u00f3ximos d\u00edas el movimiento ind\u00edgena tomar\u00e1 \u201cdecisiones colectivas en defensa de la vida y la dignidad de nuestros pueblos\u201d.<\/p>\n<p>Pero avanz\u00f3 que \u201cdesde hoy nuestras fuerzas se concentran tambi\u00e9n en una gran campa\u00f1a nacional por el NO a la Consulta Popular\u201d que plantea el presidente Daniel Noboa para llamar a una Asamblea Constituyente.<\/p>\n<\/div>\n<div class=\"html_post\">\n<div class=\"twitter-tweet twitter-tweet-rendered\"><iframe id=\"twitter-widget-0\" class=\"\" title=\"X Post\" src=\"https:\/\/platform.twitter.com\/embed\/Tweet.html?dnt=false&amp;embedId=twitter-widget-0&amp;features=eyJ0ZndfdGltZWxpbmVfbGlzdCI6eyJidWNrZXQiOltdLCJ2ZXJzaW9uIjpudWxsfSwidGZ3X2ZvbGxvd2VyX2NvdW50X3N1bnNldCI6eyJidWNrZXQiOnRydWUsInZlcnNpb24iOm51bGx9LCJ0ZndfdHdlZXRfZWRpdF9iYWNrZW5kIjp7ImJ1Y2tldCI6Im9uIiwidmVyc2lvbiI6bnVsbH0sInRmd19yZWZzcmNfc2Vzc2lvbiI6eyJidWNrZXQiOiJvbiIsInZlcnNpb24iOm51bGx9LCJ0ZndfZm9zbnJfc29mdF9pbnRlcnZlbnRpb25zX2VuYWJsZWQiOnsiYnVja2V0Ijoib24iLCJ2ZXJzaW9uIjpudWxsfSwidGZ3X21peGVkX21lZGlhXzE1ODk3Ijp7ImJ1Y2tldCI6InRyZWF0bWVudCIsInZlcnNpb24iOm51bGx9LCJ0ZndfZXhwZXJpbWVudHNfY29va2llX2V4cGlyYXRpb24iOnsiYnVja2V0IjoxMjA5NjAwLCJ2ZXJzaW9uIjpudWxsfSwidGZ3X3Nob3dfYmlyZHdhdGNoX3Bpdm90c19lbmFibGVkIjp7ImJ1Y2tldCI6Im9uIiwidmVyc2lvbiI6bnVsbH0sInRmd19kdXBsaWNhdGVfc2NyaWJlc190b19zZXR0aW5ncyI6eyJidWNrZXQiOiJvbiIsInZlcnNpb24iOm51bGx9LCJ0ZndfdXNlX3Byb2ZpbGVfaW1hZ2Vfc2hhcGVfZW5hYmxlZCI6eyJidWNrZXQiOiJvbiIsInZlcnNpb24iOm51bGx9LCJ0ZndfdmlkZW9faGxzX2R5bmFtaWNfbWFuaWZlc3RzXzE1MDgyIjp7ImJ1Y2tldCI6InRydWVfYml0cmF0ZSIsInZlcnNpb24iOm51bGx9LCJ0ZndfbGVnYWN5X3RpbWVsaW5lX3N1bnNldCI6eyJidWNrZXQiOnRydWUsInZlcnNpb24iOm51bGx9LCJ0ZndfdHdlZXRfZWRpdF9mcm9udGVuZCI6eyJidWNrZXQiOiJvbiIsInZlcnNpb24iOm51bGx9fQ%3D%3D&amp;frame=false&amp;hideCard=false&amp;hideThread=false&amp;id=1977814367262421160&amp;lang=es&amp;maxWidth=560px&amp;origin=https%3A%2F%2Fwww.vistazo.com%2Factualidad%2Fnacional%2F2025-10-13-envivo-paro-nacional-ecuador-quito-ibarra-convoy-militar-vias-cerradas-LF10269255&amp;sessionId=52f16f0042010d69a51a59472eff7a133b19a224&amp;theme=light&amp;widgetsVersion=2615f7e52b7e0%3A1702314776716&amp;width=550px\" frameborder=\"0\" scrolling=\"no\" allowfullscreen=\"allowfullscreen\" data-tweet-id=\"1977814367262421160\" data-mce-fragment=\"1\"><\/iframe><\/div>\n<\/div>\n<\/div>\n<\/div>\n<\/div>\n<\/div>\n<\/div>\n","protected":false},"excerpt":{"rendered":"<p>Ecuador\u00a0atraviesa la\u00a0cuarta semana de protestas en el marco del paro nacional\u00a0convocado por la Conaie. A\u00fan hay\u00a0m\u00faltiples v\u00edas cerradas en Imbabura, el epicentro de las protestas, y Pichincha. El Gobierno dice que est\u00e1 dialogando con las bases, mientras grupos sociales alistan nuevas movilizaciones. Si bien la\u00a0eliminaci\u00f3n del subsidio al di\u00e9sel\u00a0fue el detonante de las manifestaciones, diversos colectivos sociales han aumentado su inconformidad con todas las medidas adoptadas por el Gobierno de Daniel Noboa. Son 22 d\u00edas de cierres y protestas, que han dejado\u00a0un muerto, cientos de heridos y detenidos. Mientras que las p\u00e9rdidas econ\u00f3micas siguen en aumento en la provincia de Imbabura,\u00a0donde la ocupaci\u00f3n hotelera en el pasado feriado alcanz\u00f3 tan solo el 4.6%. La portavoz de la Presidencia, Carolina Jaramillo, asever\u00f3 este lunes que el \u201cGobierno est\u00e1 dialogando con las bases, detr\u00e1s de estos supuestos dirigentes\u201d. Por su parte, la Uni\u00f3n de Organizaciones Campesinas Ind\u00edgenas de Cotacachi (UNORCAC)\u00a0se ha desplazado con cientos de manifestantes hacia la ciudad de Ibarra\u00a0para exigir que el Gobierno escuche sus demandas. En cambio, l\u00edderes del Frente Unitario de Trabajadores (FUT), de la Uni\u00f3n Nacional de Educadores (UNE) y de la Uni\u00f3n General de Trabajadores (UGTE)\u00a0han anunciado protestas para esta semana en Quito. DETALLES MINUTO A MINUTO 13\/10\/2025 16:10 Ind\u00edgenas se retiran de Ibarra con un llamado al di\u00e1logo Miles de ind\u00edgenas de Cotacachi marcharon en la ciudad de Ibarra, provincia de Imbabura,\u00a0para exigir al Gobierno una apertura inmediata al di\u00e1logo y respuestas concretas a sus demandas. Los protestantes se movilizaron en una multitudinaria caravana por la E-35 y arribaron al Parque \u2018Ciudad Blanca\u2019, desde donde empezaron a marchar por las principales calles de Ibarra. Estuvieron miembros de la\u00a0UNORCAC, ChijalltaFICI y otras agrupaciones representativas\u00a0de los pueblos y nacionalidades de Imbabura. La movilizaci\u00f3n concluy\u00f3 tras dos horas, pasadas las 14:00.\u00a0Los ind\u00edgenas volvieron a sus comunidades para continuar con la \u201cresistencia\u201d. Un l\u00edder ind\u00edgena inform\u00f3 que\u00a0entregaron a las autoridades de la provincia un documento, en el que plantean sus necesidades y hacen un llamado al di\u00e1logo. Entre las solicitudes de las comunidades, constan la liberaci\u00f3n de los 12 detenidos en Otavalo tras quemar un destacamento policial, la eliminaci\u00f3n del subsidio al di\u00e9sel, entre otras propuestas. Los ind\u00edgenas aseguraron que\u00a0esperan una respuesta lo m\u00e1s pronto posible, de lo contrario se movilizar\u00e1n nuevamente a Quito. 13\/10\/2025 15:30 Camar\u00f3grafo de Ecuavisa denuncia que fue agredido Un\u00a0periodista\u00a0de\u00a0Ecuavisa\u00a0fue v\u00edctima de agresi\u00f3n policial en medio de la cobertura del\u00a0paro nacional, este domingo 12 de octubre, en\u00a0Quito. El asistente de c\u00e1mara,\u00a0Santiago Gil, fue uno de los cinco comunicadores agredidos, seg\u00fan report\u00f3\u00a0Fundamedios. De acuerdo con la organizaci\u00f3n, denuncias verificadas se\u00f1alan que miembros de la fuerza p\u00fablica \u00abhabr\u00edan actuado de forma violenta y desproporcionada\u00bb\u00a0contra trabajadores de la prensa, pese a estar debidamente identificados y cumpliendo su labor informativa. Santiago Gil relat\u00f3 que fue\u00a0golpeado\u00a0por un agente policial y alcanzado por\u00a0proyectiles de goma\u00a0mientras intentaba proteger su equipo de trabajo. \u201cLe dije a la polic\u00eda que soy de prensa, estoy con el dron y equipos. Me golpe\u00f3 en la mano porque quer\u00eda que suelte la maleta.\u00a0Corr\u00ed y me dispar\u00f3 con esas de goma que me dieron en la cabeza y al costado\u201d, relat\u00f3 el comunicador de Ecuavisa. 13\/10\/2025 14:40 Conaie emite pronunciamiento Marlon Vargas, presidente de la Conaie, habl\u00f3 sobre las protestas registradas el pasado domingo en Quito. El l\u00edder ind\u00edgena aclar\u00f3 que\u00a0\u201cnunca hubo intenci\u00f3n de tomarse con violencia ni incendiar\u201d\u00a0a la capital de los ecuatorianos. No obstante recalc\u00f3: \u201cQuito no est\u00e1 aislado del pa\u00eds, los pueblos y nacionalidades formamos parte del pueblo quite\u00f1o y\u00a0de la misma manera recibimos el cari\u00f1o y la solidaridad de su gente\u00a0como se demostr\u00f3 ayer\u201d. Cientos de personas protestaron el pasado domingo en el centro de la ciudad, lo cual provoc\u00f3 enfrentamientos con la Polic\u00eda Nacional, as\u00ed como agresiones a periodistas. \u201cEse relato de la violencia es parte de una estrategia del Gobierno para justificar la represi\u00f3n, nuestra movilizaci\u00f3n fue totalmente pac\u00edfica,\u00a0sin ning\u00fan brote de violencia\u201d, acot\u00f3 Vargas. El l\u00edder ind\u00edgena tambi\u00e9n se pronunci\u00f3 sobre el caso de\u00a0dos j\u00f3venes ind\u00edgenas de Otavalo, a quienes militares habr\u00edan cortado sus\u00a0trenzas de cabello, un s\u00edmbolo que es parte indispensable de su identidad. Vargas calific\u00f3 ese acto como \u201cracista\u201d y asegur\u00f3 que \u201crefleja la persistencia de un Estado con rasgos coloniales\u201d. Finalmente, anunci\u00f3 que en los pr\u00f3ximos d\u00edas el movimiento ind\u00edgena tomar\u00e1 \u201cdecisiones colectivas en defensa de la vida y la dignidad de nuestros pueblos\u201d. Pero avanz\u00f3 que \u201cdesde hoy nuestras fuerzas se concentran tambi\u00e9n en una gran campa\u00f1a nacional por el NO a la Consulta Popular\u201d que plantea el presidente Daniel Noboa para llamar a una Asamblea Constituyente.<\/p>\n","protected":false},"author":1,"featured_media":26952,"comment_status":"closed","ping_status":"closed","sticky":false,"template":"","format":"standard","meta":{"footnotes":""},"categories":[268],"tags":[],"class_list":["post-26951","post","type-post","status-publish","format-standard","has-post-thumbnail","hentry","category-nacionales"],"_links":{"self":[{"href":"https:\/\/www.elamazonico.com\/portal\/wp-json\/wp\/v2\/posts\/26951","targetHints":{"allow":["GET"]}}],"collection":[{"href":"https:\/\/www.elamazonico.com\/portal\/wp-json\/wp\/v2\/posts"}],"about":[{"href":"https:\/\/www.elamazonico.com\/portal\/wp-json\/wp\/v2\/types\/post"}],"author":[{"embeddable":true,"href":"https:\/\/www.elamazonico.com\/portal\/wp-json\/wp\/v2\/users\/1"}],"replies":[{"embeddable":true,"href":"https:\/\/www.elamazonico.com\/portal\/wp-json\/wp\/v2\/comments?post=26951"}],"version-history":[{"count":1,"href":"https:\/\/www.elamazonico.com\/portal\/wp-json\/wp\/v2\/posts\/26951\/revisions"}],"predecessor-version":[{"id":26953,"href":"https:\/\/www.elamazonico.com\/portal\/wp-json\/wp\/v2\/posts\/26951\/revisions\/26953"}],"wp:featuredmedia":[{"embeddable":true,"href":"https:\/\/www.elamazonico.com\/portal\/wp-json\/wp\/v2\/media\/26952"}],"wp:attachment":[{"href":"https:\/\/www.elamazonico.com\/portal\/wp-json\/wp\/v2\/media?parent=26951"}],"wp:term":[{"taxonomy":"category","embeddable":true,"href":"https:\/\/www.elamazonico.com\/portal\/wp-json\/wp\/v2\/categories?post=26951"},{"taxonomy":"post_tag","embeddable":true,"href":"https:\/\/www.elamazonico.com\/portal\/wp-json\/wp\/v2\/tags?post=26951"}],"curies":[{"name":"wp","href":"https:\/\/api.w.org\/{rel}","templated":true}]}}