{"id":26948,"date":"2025-10-14T04:23:43","date_gmt":"2025-10-14T09:23:43","guid":{"rendered":"https:\/\/www.elamazonico.com\/portal\/?p=26948"},"modified":"2025-10-13T12:17:55","modified_gmt":"2025-10-13T17:17:55","slug":"cooperativa-de-transporte-internacional-nambija-celebro-su-38-o-aniversario-de-vida-institucional","status":"publish","type":"post","link":"https:\/\/www.elamazonico.com\/portal\/cooperativa-de-transporte-internacional-nambija-celebro-su-38-o-aniversario-de-vida-institucional\/","title":{"rendered":"Cooperativa de Transporte Internacional Nambija celebr\u00f3 su 38.\u00ba aniversario de vida institucional"},"content":{"rendered":"<p>En un ambiente de confraternidad y orgullo institucional, la Cooperativa de Transporte Internacional Nambija conmemor\u00f3 su trig\u00e9simo octavo aniversario de vida institucional, en un acto solemne desarrollado el s\u00e1bado 11 de octubre, con la presencia de autoridades locales, socios, familiares e invitados especiales.<\/p>\n<p>El evento inici\u00f3 con las palabras de bienvenida de Galo Alejandro Lanche, presidente de la cooperativa, quien expres\u00f3 su gratitud hacia los socios y a la directiva por la confianza depositada en su gesti\u00f3n.<\/p>\n<p>\u201cGracias al consejo de administraci\u00f3n que confi\u00f3 en esta humilde persona para servir a cada uno de ustedes. Conf\u00eden compa\u00f1eros, que no les defraudar\u00e9. Bienvenidos a esta celebraci\u00f3n por los 38 a\u00f1os de nuestra querida empresa\u201d, manifest\u00f3.<\/p>\n<p>Posteriormente, el gerente general de la Cooperativa, Wilmer Malla, ofreci\u00f3 una intervenci\u00f3n en la que destac\u00f3 la trayectoria hist\u00f3rica de la instituci\u00f3n, sus fundamentos legales y el compromiso de seguir fortaleciendo el servicio de transporte interprovincial e internacional.<\/p>\n<p>Durante su discurso, el gerente record\u00f3 que la Cooperativa Nambija se origin\u00f3 mediante el Acuerdo Ministerial N.\u00ba 1372, emitido el 1 de octubre de 1987 por el entonces Ministerio de Bienestar Social, con el objetivo de ofrecer servicios de transporte de carga en camionetas en la parroquia Cumbaratza, cant\u00f3n Zamora.<\/p>\n<p>M\u00e1s adelante, el 4 de julio de 1990, se reform\u00f3 su objeto social para convertirse en una cooperativa de transporte de pasajeros, bajo la denominaci\u00f3n Buses Nambija.<\/p>\n<p>En el a\u00f1o 2010, la instituci\u00f3n obtuvo la autorizaci\u00f3n para brindar servicio internacional hacia la Rep\u00fablica del Per\u00fa, mediante el Acuerdo Ministerial N.\u00ba 10-DPC-20-0019, ratificado posteriormente en la Asamblea General de Socios del 20 de febrero de 2013, consolid\u00e1ndose as\u00ed como la Cooperativa de Transporte Internacional Nambija.<\/p>\n<p>Actualmente, la cooperativa ofrece servicios en las provincias de Zamora Chinchipe, Morona Santiago, Loja, El Oro, Guayas, Pichincha, y hacia la Rep\u00fablica del Per\u00fa, en ciudades como Namballe, San Ignacio y Ja\u00e9n.<\/p>\n<p>\u201cNuestro objetivo es brindar un servicio p\u00fablico eficiente, confiable y de alto valor estrat\u00e9gico, alineado al modelo del Buen Vivir y al desarrollo integral de las comunidades\u201d, se\u00f1al\u00f3 Malla.<\/p>\n<p>El gerente resalt\u00f3 tambi\u00e9n la misi\u00f3n y visi\u00f3n institucional, enfocadas en la excelencia operativa, la mejora continua y la consolidaci\u00f3n de Nambija como referente en el transporte provincial, interprovincial e internacional.<\/p>\n<p>Asimismo, anunci\u00f3 que la cooperativa proyecta la adquisici\u00f3n de una nueva flota vehicular para el pr\u00f3ximo a\u00f1o, con el prop\u00f3sito de fortalecer la calidad y calidez en la atenci\u00f3n a sus usuarios.<\/p>\n<p>\u201cEl secreto del \u00e9xito est\u00e1 en tres cosas: el amor a Dios y a la Virgen Sant\u00edsima, el esfuerzo de todos quienes conforman esta noble instituci\u00f3n, y la constancia por ofrecer un servicio de calidad\u201d, enfatiz\u00f3.<\/p>\n<p>La jornada cont\u00f3 tambi\u00e9n con la intervenci\u00f3n de Stalin Sarmiento, director provincial de la Agencia Nacional de Tr\u00e1nsito de Zamora Chinchipe, quien reconoci\u00f3 la labor de los socios y la importancia de la cooperativa en el desarrollo econ\u00f3mico y social de la provincia.<\/p>\n<p>\u201cPor m\u00e1s pesados que sean los d\u00edas, ustedes est\u00e1n all\u00ed, siendo esa arteria que moviliza la econom\u00eda y el trabajo de miles de personas. Desde la Agencia Nacional de Tr\u00e1nsito rendimos homenaje por estos 38 a\u00f1os de esfuerzo y compromiso\u201d, manifest\u00f3.<\/p>\n<p>Por su parte, la vicealcaldesa del cant\u00f3n Zamora, Blanca Carri\u00f3n, felicit\u00f3 a la directiva, socios y familias por su compromiso con el progreso local y regional.<\/p>\n<p>\u201cQue sigan adelante por el desarrollo de nuestros sectores cantonales, provinciales y tambi\u00e9n internacionales. Felicitaciones a todos quienes forman parte de esta gran empresa\u201d, expres\u00f3.<\/p>\n<p>La Cooperativa de Transporte Internacional Nambija reafirma su compromiso con la excelencia en el servicio, la responsabilidad social y la integraci\u00f3n entre Ecuador y el norte del Per\u00fa, consolid\u00e1ndose como una instituci\u00f3n emblem\u00e1tica del transporte en la provincia de Zamora Chinchipe.<\/p>\n","protected":false},"excerpt":{"rendered":"<p>En un ambiente de confraternidad y orgullo institucional, la Cooperativa de Transporte Internacional Nambija conmemor\u00f3 su trig\u00e9simo octavo aniversario de vida institucional, en un acto solemne desarrollado el s\u00e1bado 11 de octubre, con la presencia de autoridades locales, socios, familiares e invitados especiales. El evento inici\u00f3 con las palabras de bienvenida de Galo Alejandro Lanche, presidente de la cooperativa, quien expres\u00f3 su gratitud hacia los socios y a la directiva por la confianza depositada en su gesti\u00f3n. \u201cGracias al consejo de administraci\u00f3n que confi\u00f3 en esta humilde persona para servir a cada uno de ustedes. Conf\u00eden compa\u00f1eros, que no les defraudar\u00e9. Bienvenidos a esta celebraci\u00f3n por los 38 a\u00f1os de nuestra querida empresa\u201d, manifest\u00f3. Posteriormente, el gerente general de la Cooperativa, Wilmer Malla, ofreci\u00f3 una intervenci\u00f3n en la que destac\u00f3 la trayectoria hist\u00f3rica de la instituci\u00f3n, sus fundamentos legales y el compromiso de seguir fortaleciendo el servicio de transporte interprovincial e internacional. Durante su discurso, el gerente record\u00f3 que la Cooperativa Nambija se origin\u00f3 mediante el Acuerdo Ministerial N.\u00ba 1372, emitido el 1 de octubre de 1987 por el entonces Ministerio de Bienestar Social, con el objetivo de ofrecer servicios de transporte de carga en camionetas en la parroquia Cumbaratza, cant\u00f3n Zamora. M\u00e1s adelante, el 4 de julio de 1990, se reform\u00f3 su objeto social para convertirse en una cooperativa de transporte de pasajeros, bajo la denominaci\u00f3n Buses Nambija. En el a\u00f1o 2010, la instituci\u00f3n obtuvo la autorizaci\u00f3n para brindar servicio internacional hacia la Rep\u00fablica del Per\u00fa, mediante el Acuerdo Ministerial N.\u00ba 10-DPC-20-0019, ratificado posteriormente en la Asamblea General de Socios del 20 de febrero de 2013, consolid\u00e1ndose as\u00ed como la Cooperativa de Transporte Internacional Nambija. Actualmente, la cooperativa ofrece servicios en las provincias de Zamora Chinchipe, Morona Santiago, Loja, El Oro, Guayas, Pichincha, y hacia la Rep\u00fablica del Per\u00fa, en ciudades como Namballe, San Ignacio y Ja\u00e9n. \u201cNuestro objetivo es brindar un servicio p\u00fablico eficiente, confiable y de alto valor estrat\u00e9gico, alineado al modelo del Buen Vivir y al desarrollo integral de las comunidades\u201d, se\u00f1al\u00f3 Malla. El gerente resalt\u00f3 tambi\u00e9n la misi\u00f3n y visi\u00f3n institucional, enfocadas en la excelencia operativa, la mejora continua y la consolidaci\u00f3n de Nambija como referente en el transporte provincial, interprovincial e internacional. Asimismo, anunci\u00f3 que la cooperativa proyecta la adquisici\u00f3n de una nueva flota vehicular para el pr\u00f3ximo a\u00f1o, con el prop\u00f3sito de fortalecer la calidad y calidez en la atenci\u00f3n a sus usuarios. \u201cEl secreto del \u00e9xito est\u00e1 en tres cosas: el amor a Dios y a la Virgen Sant\u00edsima, el esfuerzo de todos quienes conforman esta noble instituci\u00f3n, y la constancia por ofrecer un servicio de calidad\u201d, enfatiz\u00f3. La jornada cont\u00f3 tambi\u00e9n con la intervenci\u00f3n de Stalin Sarmiento, director provincial de la Agencia Nacional de Tr\u00e1nsito de Zamora Chinchipe, quien reconoci\u00f3 la labor de los socios y la importancia de la cooperativa en el desarrollo econ\u00f3mico y social de la provincia. \u201cPor m\u00e1s pesados que sean los d\u00edas, ustedes est\u00e1n all\u00ed, siendo esa arteria que moviliza la econom\u00eda y el trabajo de miles de personas. Desde la Agencia Nacional de Tr\u00e1nsito rendimos homenaje por estos 38 a\u00f1os de esfuerzo y compromiso\u201d, manifest\u00f3. Por su parte, la vicealcaldesa del cant\u00f3n Zamora, Blanca Carri\u00f3n, felicit\u00f3 a la directiva, socios y familias por su compromiso con el progreso local y regional. \u201cQue sigan adelante por el desarrollo de nuestros sectores cantonales, provinciales y tambi\u00e9n internacionales. Felicitaciones a todos quienes forman parte de esta gran empresa\u201d, expres\u00f3. La Cooperativa de Transporte Internacional Nambija reafirma su compromiso con la excelencia en el servicio, la responsabilidad social y la integraci\u00f3n entre Ecuador y el norte del Per\u00fa, consolid\u00e1ndose como una instituci\u00f3n emblem\u00e1tica del transporte en la provincia de Zamora Chinchipe.<\/p>\n","protected":false},"author":1,"featured_media":26949,"comment_status":"closed","ping_status":"closed","sticky":false,"template":"","format":"standard","meta":{"footnotes":""},"categories":[243],"tags":[],"class_list":["post-26948","post","type-post","status-publish","format-standard","has-post-thumbnail","hentry","category-noticias-zamora"],"_links":{"self":[{"href":"https:\/\/www.elamazonico.com\/portal\/wp-json\/wp\/v2\/posts\/26948","targetHints":{"allow":["GET"]}}],"collection":[{"href":"https:\/\/www.elamazonico.com\/portal\/wp-json\/wp\/v2\/posts"}],"about":[{"href":"https:\/\/www.elamazonico.com\/portal\/wp-json\/wp\/v2\/types\/post"}],"author":[{"embeddable":true,"href":"https:\/\/www.elamazonico.com\/portal\/wp-json\/wp\/v2\/users\/1"}],"replies":[{"embeddable":true,"href":"https:\/\/www.elamazonico.com\/portal\/wp-json\/wp\/v2\/comments?post=26948"}],"version-history":[{"count":1,"href":"https:\/\/www.elamazonico.com\/portal\/wp-json\/wp\/v2\/posts\/26948\/revisions"}],"predecessor-version":[{"id":26950,"href":"https:\/\/www.elamazonico.com\/portal\/wp-json\/wp\/v2\/posts\/26948\/revisions\/26950"}],"wp:featuredmedia":[{"embeddable":true,"href":"https:\/\/www.elamazonico.com\/portal\/wp-json\/wp\/v2\/media\/26949"}],"wp:attachment":[{"href":"https:\/\/www.elamazonico.com\/portal\/wp-json\/wp\/v2\/media?parent=26948"}],"wp:term":[{"taxonomy":"category","embeddable":true,"href":"https:\/\/www.elamazonico.com\/portal\/wp-json\/wp\/v2\/categories?post=26948"},{"taxonomy":"post_tag","embeddable":true,"href":"https:\/\/www.elamazonico.com\/portal\/wp-json\/wp\/v2\/tags?post=26948"}],"curies":[{"name":"wp","href":"https:\/\/api.w.org\/{rel}","templated":true}]}}