{"id":26945,"date":"2025-10-13T11:10:18","date_gmt":"2025-10-13T16:10:18","guid":{"rendered":"https:\/\/www.elamazonico.com\/portal\/?p=26945"},"modified":"2025-10-13T11:10:18","modified_gmt":"2025-10-13T16:10:18","slug":"el-sistema-penitenciario-ecuatoriano-vive-una-crisis-estructural-advierte-jurista-alex-ivan-valle","status":"publish","type":"post","link":"https:\/\/www.elamazonico.com\/portal\/el-sistema-penitenciario-ecuatoriano-vive-una-crisis-estructural-advierte-jurista-alex-ivan-valle\/","title":{"rendered":"\u201cEl sistema penitenciario ecuatoriano vive una crisis estructural\u201d, advierte jurista Alex Iv\u00e1n Valle"},"content":{"rendered":"<p><strong>Tertulia Jur\u00eddica<\/strong><br \/>\nEl pasado 1 de octubre, en una nueva edici\u00f3n de la Tertulia Jur\u00eddica transmitida por Diario El Amaz\u00f3nico, el doctor Alex Iv\u00e1n Valle, catedr\u00e1tico y jurista ecuatoriano, comparti\u00f3 una profunda reflexi\u00f3n sobre el Derecho Penitenciario en Ecuador, sus desaf\u00edos estructurales y las causas que han derivado en la actual crisis del sistema carcelario nacional.<\/p>\n<p>El espacio fue conducido por los doctores Jamil \u00c1vila y Franco Tamay Vega, quienes destacaron el aporte acad\u00e9mico y formativo que estas tertulias ofrecen al debate jur\u00eddico nacional.<\/p>\n<p>Durante su intervenci\u00f3n, el doctor Valle, subray\u00f3 que \u201cel sistema penitenciario se ha convertido en la \u00faltima rueda del coche del Estado, pues mientras se invierte en educaci\u00f3n o salud, las c\u00e1rceles y las personas privadas de libertad siguen siendo marginadas y olvidadas\u201d.<\/p>\n<p>El jurista recalc\u00f3 que la crisis penitenciaria no puede analizarse de forma aislada, sino como un reflejo de un problema estructural que involucra la falta de inversi\u00f3n, el d\u00e9ficit de personal penitenciario, la corrupci\u00f3n interna y externa, y la naturalizaci\u00f3n de la violencia carcelaria, que ha dejado, seg\u00fan cifras recientes, m\u00e1s de seiscientas v\u00edctimas en los \u00faltimos a\u00f1os.<\/p>\n<p>En su an\u00e1lisis, Valle explic\u00f3 que el Derecho Penitenciario constituye la fase posterior al Derecho Penal, orientada a garantizar el cumplimiento de la pena y el proceso de rehabilitaci\u00f3n social. Sin embargo, se\u00f1al\u00f3 que en el Ecuador \u201cno se est\u00e1 cumpliendo con la finalidad rehabilitadora de la pena\u201d, cuestionando si realmente el sistema actual promueve la reinserci\u00f3n social o, por el contrario, profundiza la exclusi\u00f3n y la reincidencia.<\/p>\n<p>Uno de los puntos m\u00e1s relevantes abordados fue el hacinamiento carcelario, que, seg\u00fan el ponente, alcanz\u00f3 en 2023-2024 un 21% de sobrepoblaci\u00f3n, con m\u00e1s de 33.600 personas privadas de libertad frente a una capacidad real de 27.000 plazas. Esto, explic\u00f3, afecta directamente el acceso a derechos b\u00e1sicos como la salud, la higiene, la alimentaci\u00f3n y el descanso, adem\u00e1s de incrementar la tensi\u00f3n psicol\u00f3gica y los \u00edndices de violencia dentro de los centros penitenciarios.<\/p>\n<p>El doctor Valle tambi\u00e9n cuestion\u00f3 el uso excesivo de la prisi\u00f3n preventiva, medida que deber\u00eda ser una excepci\u00f3n seg\u00fan el art\u00edculo 534 del C\u00f3digo Org\u00e1nico Integral Penal (COIP), pero que, en la pr\u00e1ctica, \u201cse ha convertido en la regla general\u201d. Afirm\u00f3 que esta pr\u00e1ctica contribuye al hacinamiento y vulnera los principios de proporcionalidad y debido proceso.<\/p>\n<p>En el debate posterior, el p\u00fablico y los moderadores abordaron temas como los juicios paralelos, el impacto medi\u00e1tico en la justicia penal y la instrumentalizaci\u00f3n pol\u00edtica del derecho penal. Al respecto, el doctor Valle advirti\u00f3 sobre el peligro del \u201cderecho penal simb\u00f3lico\u201d, utilizado con fines pol\u00edticos y populistas: \u201cAumentar las penas o prometer castigos ejemplares no ha reducido los delitos; por el contrario, los ha incrementado. La mejor pol\u00edtica criminal es la pol\u00edtica social\u201d, cit\u00f3 al jurista alem\u00e1n Frank von Liszt.<\/p>\n<p>Finalmente, el invitado enfatiz\u00f3 que la verdadera rehabilitaci\u00f3n social debe ser integral y humanista, orientada a comprender las causas sociales, psicol\u00f3gicas y econ\u00f3micas que conducen al delito. \u201cNo todos los infractores son irrecuperables; muchos son v\u00edctimas de pobreza, abandono y desigualdad. Si el Estado no interviene con pol\u00edticas sociales reales, seguiremos repitiendo los mismos errores\u201d, concluy\u00f3.<\/p>\n<p>La Tertulia Jur\u00eddica del Diario El Amaz\u00f3nico contin\u00faa consolid\u00e1ndose como un espacio acad\u00e9mico de an\u00e1lisis cr\u00edtico, promoviendo la reflexi\u00f3n jur\u00eddica sobre los principales desaf\u00edos del Ecuador contempor\u00e1neo.<\/p>\n","protected":false},"excerpt":{"rendered":"<p>Tertulia Jur\u00eddica El pasado 1 de octubre, en una nueva edici\u00f3n de la Tertulia Jur\u00eddica transmitida por Diario El Amaz\u00f3nico, el doctor Alex Iv\u00e1n Valle, catedr\u00e1tico y jurista ecuatoriano, comparti\u00f3 una profunda reflexi\u00f3n sobre el Derecho Penitenciario en Ecuador, sus desaf\u00edos estructurales y las causas que han derivado en la actual crisis del sistema carcelario nacional. El espacio fue conducido por los doctores Jamil \u00c1vila y Franco Tamay Vega, quienes destacaron el aporte acad\u00e9mico y formativo que estas tertulias ofrecen al debate jur\u00eddico nacional. Durante su intervenci\u00f3n, el doctor Valle, subray\u00f3 que \u201cel sistema penitenciario se ha convertido en la \u00faltima rueda del coche del Estado, pues mientras se invierte en educaci\u00f3n o salud, las c\u00e1rceles y las personas privadas de libertad siguen siendo marginadas y olvidadas\u201d. El jurista recalc\u00f3 que la crisis penitenciaria no puede analizarse de forma aislada, sino como un reflejo de un problema estructural que involucra la falta de inversi\u00f3n, el d\u00e9ficit de personal penitenciario, la corrupci\u00f3n interna y externa, y la naturalizaci\u00f3n de la violencia carcelaria, que ha dejado, seg\u00fan cifras recientes, m\u00e1s de seiscientas v\u00edctimas en los \u00faltimos a\u00f1os. En su an\u00e1lisis, Valle explic\u00f3 que el Derecho Penitenciario constituye la fase posterior al Derecho Penal, orientada a garantizar el cumplimiento de la pena y el proceso de rehabilitaci\u00f3n social. Sin embargo, se\u00f1al\u00f3 que en el Ecuador \u201cno se est\u00e1 cumpliendo con la finalidad rehabilitadora de la pena\u201d, cuestionando si realmente el sistema actual promueve la reinserci\u00f3n social o, por el contrario, profundiza la exclusi\u00f3n y la reincidencia. Uno de los puntos m\u00e1s relevantes abordados fue el hacinamiento carcelario, que, seg\u00fan el ponente, alcanz\u00f3 en 2023-2024 un 21% de sobrepoblaci\u00f3n, con m\u00e1s de 33.600 personas privadas de libertad frente a una capacidad real de 27.000 plazas. Esto, explic\u00f3, afecta directamente el acceso a derechos b\u00e1sicos como la salud, la higiene, la alimentaci\u00f3n y el descanso, adem\u00e1s de incrementar la tensi\u00f3n psicol\u00f3gica y los \u00edndices de violencia dentro de los centros penitenciarios. El doctor Valle tambi\u00e9n cuestion\u00f3 el uso excesivo de la prisi\u00f3n preventiva, medida que deber\u00eda ser una excepci\u00f3n seg\u00fan el art\u00edculo 534 del C\u00f3digo Org\u00e1nico Integral Penal (COIP), pero que, en la pr\u00e1ctica, \u201cse ha convertido en la regla general\u201d. Afirm\u00f3 que esta pr\u00e1ctica contribuye al hacinamiento y vulnera los principios de proporcionalidad y debido proceso. En el debate posterior, el p\u00fablico y los moderadores abordaron temas como los juicios paralelos, el impacto medi\u00e1tico en la justicia penal y la instrumentalizaci\u00f3n pol\u00edtica del derecho penal. Al respecto, el doctor Valle advirti\u00f3 sobre el peligro del \u201cderecho penal simb\u00f3lico\u201d, utilizado con fines pol\u00edticos y populistas: \u201cAumentar las penas o prometer castigos ejemplares no ha reducido los delitos; por el contrario, los ha incrementado. La mejor pol\u00edtica criminal es la pol\u00edtica social\u201d, cit\u00f3 al jurista alem\u00e1n Frank von Liszt. Finalmente, el invitado enfatiz\u00f3 que la verdadera rehabilitaci\u00f3n social debe ser integral y humanista, orientada a comprender las causas sociales, psicol\u00f3gicas y econ\u00f3micas que conducen al delito. \u201cNo todos los infractores son irrecuperables; muchos son v\u00edctimas de pobreza, abandono y desigualdad. Si el Estado no interviene con pol\u00edticas sociales reales, seguiremos repitiendo los mismos errores\u201d, concluy\u00f3. La Tertulia Jur\u00eddica del Diario El Amaz\u00f3nico contin\u00faa consolid\u00e1ndose como un espacio acad\u00e9mico de an\u00e1lisis cr\u00edtico, promoviendo la reflexi\u00f3n jur\u00eddica sobre los principales desaf\u00edos del Ecuador contempor\u00e1neo.<\/p>\n","protected":false},"author":1,"featured_media":26946,"comment_status":"closed","ping_status":"closed","sticky":false,"template":"","format":"standard","meta":{"footnotes":""},"categories":[268],"tags":[],"class_list":["post-26945","post","type-post","status-publish","format-standard","has-post-thumbnail","hentry","category-nacionales"],"_links":{"self":[{"href":"https:\/\/www.elamazonico.com\/portal\/wp-json\/wp\/v2\/posts\/26945","targetHints":{"allow":["GET"]}}],"collection":[{"href":"https:\/\/www.elamazonico.com\/portal\/wp-json\/wp\/v2\/posts"}],"about":[{"href":"https:\/\/www.elamazonico.com\/portal\/wp-json\/wp\/v2\/types\/post"}],"author":[{"embeddable":true,"href":"https:\/\/www.elamazonico.com\/portal\/wp-json\/wp\/v2\/users\/1"}],"replies":[{"embeddable":true,"href":"https:\/\/www.elamazonico.com\/portal\/wp-json\/wp\/v2\/comments?post=26945"}],"version-history":[{"count":1,"href":"https:\/\/www.elamazonico.com\/portal\/wp-json\/wp\/v2\/posts\/26945\/revisions"}],"predecessor-version":[{"id":26947,"href":"https:\/\/www.elamazonico.com\/portal\/wp-json\/wp\/v2\/posts\/26945\/revisions\/26947"}],"wp:featuredmedia":[{"embeddable":true,"href":"https:\/\/www.elamazonico.com\/portal\/wp-json\/wp\/v2\/media\/26946"}],"wp:attachment":[{"href":"https:\/\/www.elamazonico.com\/portal\/wp-json\/wp\/v2\/media?parent=26945"}],"wp:term":[{"taxonomy":"category","embeddable":true,"href":"https:\/\/www.elamazonico.com\/portal\/wp-json\/wp\/v2\/categories?post=26945"},{"taxonomy":"post_tag","embeddable":true,"href":"https:\/\/www.elamazonico.com\/portal\/wp-json\/wp\/v2\/tags?post=26945"}],"curies":[{"name":"wp","href":"https:\/\/api.w.org\/{rel}","templated":true}]}}