{"id":26942,"date":"2025-10-13T10:48:48","date_gmt":"2025-10-13T15:48:48","guid":{"rendered":"https:\/\/www.elamazonico.com\/portal\/?p=26942"},"modified":"2025-10-13T10:48:48","modified_gmt":"2025-10-13T15:48:48","slug":"esto-se-acaba-ya-john-reimberg-anuncia-convoy-humanitario-para-imbabura","status":"publish","type":"post","link":"https:\/\/www.elamazonico.com\/portal\/esto-se-acaba-ya-john-reimberg-anuncia-convoy-humanitario-para-imbabura\/","title":{"rendered":"\u201cEsto se acaba ya\u201d, John Reimberg anuncia convoy humanitario para Imbabura"},"content":{"rendered":"<div class=\"top md:col-span-2\">\n<div class=\"flex flex-wrap\">\n<div class=\"basis-full md:basis-2\/5 z-100 content-center p-1\">\n<div class=\"story-introtext afacad-flux font-light text-base md:ml-6 pb-2\">El ministro del Interior, John Reimberg, anunci\u00f3 que el Bloque de Seguridad ir\u00e1 con un convoy a Imbabura para \u00abaperturar v\u00edas\u00bb y llegar con ayuda humanitaria John Reimberg anuncia que ir\u00e1 con un convoy a Imbabura.<\/div>\n<\/div>\n<\/div>\n<\/div>\n<div class=\"body md:order-3 afacad-flux font-normal text-lg px-2\">\n<p>El ministro del Interior,\u00a0<strong>John Reimberg,<\/strong>\u00a0anunci\u00f3 que este lunes, 13 de octubre de 2025, enfocar\u00e1n sus esfuerzos en\u00a0<a href=\"https:\/\/www.eltelegrafo.com.ec\/noticias\/nacionales\/210\/ejercito-ejecuto-evacuacion-aeromedica-imbabura-quito\" target=\"_blank\" rel=\"noopener noreferrer\">Imbabura<\/a>. Ir\u00e1n con un convoy de aproximadamente cien veh\u00edculos.<\/p>\n<p>Los objetivos ser\u00e1n:\u00a0<strong>aperturar v\u00edas<\/strong>\u00a0y llegar con atenci\u00f3n (productos de\u00a0<strong>primera necesidad<\/strong>) a las personas afectadas por los 23 d\u00edas de paro.<\/p>\n<p>\u00abIremos con la\u00a0<strong>fuerza militar<\/strong>, policial, como bloque (de seguridad), y las autoridades, para aperturar v\u00edas y llegar con ayuda humanitaria\u00bb, dijo\u00a0<a href=\"https:\/\/www.eltelegrafo.com.ec\/noticias\/nacionales\/210\/quito-mantiene-calma-focos-aislados-tension-gobierno-asegura-capital-paz\" target=\"_blank\" rel=\"noopener noreferrer\"><strong>Reimberg<\/strong>\u00a0<\/a>en Teleamazonas.<\/p>\n<p>Seg\u00fan \u00e9l, la operaci\u00f3n les tomar\u00e1 varios d\u00edas porque \u00absabemos la\u00a0<strong>magnitud<\/strong>\u00a0de lo que sucede all\u00e1\u00bb.<\/p>\n<p><strong>Reimberg<\/strong>\u00a0lo dijo decidido: \u00abusaremos la fuerza p\u00fablica para hacer una apertura total de v\u00edas porque\u00a0<strong>esto se acaba ya<\/strong>\u00ab.<\/p>\n<p>Sobre lo sucedido el pasado domingo en\u00a0<strong>la capital<\/strong>, anunci\u00f3 que sab\u00edan que hab\u00eda un grupo importante que \u00abten\u00eda la misi\u00f3n de ingresar a Quito, de ingresar al<\/p>\n<p>Arbolito, tomarse lo de siempre ac\u00e1, Casa de la Cultura, la Universidad Central y atacar a\u00a0<a href=\"https:\/\/www.eltelegrafo.com.ec\/noticias\/nacionales\/210\/ant-prohibe-uso-buses-trasladar-manifestantes-sanciones\" target=\"_blank\" rel=\"noopener noreferrer\"><strong>Quito<\/strong><\/a>\u00ab.<\/p>\n<p>Seg\u00fan \u00e9l, hab\u00eda toda la log\u00edstica y\u00a0<strong>alimentos<\/strong>\u00a0para tener varios d\u00edas a los manifestantes en esas instalaciones.<\/p>\n<p>Sobre las declaraciones del alcalde de Quito,\u00a0<strong>Pabel Mu\u00f1oz<\/strong>, fue directo. \u201cEl alcalde dice excesos, la ciudadan\u00eda le dice orden y control. Por cosas como estas es que en Quito el alcalde est\u00e1 tan distanciado de la ciudadan\u00eda. Me huele que recibi\u00f3 una llamada del exterior dici\u00e9ndole lo que debe decir\u201d.<\/p>\n<p>Las<strong>\u00a0Fuerzas Armadas<\/strong>\u00a0emitieron un comunicado, se\u00f1alando que\u00a0realizar\u00e1n el control y resguardo del convoy humanitario que se trasladar\u00e1 el d\u00eda lunes 13 de octubre hacia la provincia de\u00a0<strong>Imbabura<\/strong>, actualmente afectada por bloqueos y actos de violencia protagonizados por grupos de manifestantes desafectos a la norma legal.<\/p>\n<p>El convoy\u00a0<strong>transportar\u00e1 v\u00edveres<\/strong>, colchones, gas, medicinas y otros insumos de primera necesidad y del sector productivo, con el objetivo de abastecer a la poblaci\u00f3n civil que se encuentra aislada por las interrupciones viales.<\/p>\n<p>Este operativo contar\u00e1 con la participaci\u00f3n y acompa\u00f1amiento de\u00a0<strong>autoridades<\/strong>\u00a0de la Vicepresidencia de la Rep\u00fablica, Ministerio de Salud P\u00fablica, Ministerio de Desarrollo Humano, Registro Social, Cruz Roja, medios de prensa, delegados de la fiscal\u00eda general del Estado, Direcci\u00f3n General de Investigaci\u00f3n Judicial, personal t\u00e9cnico y log\u00edstico de instituciones encargadas de la asistencia humanitaria; entre otros.<\/p>\n<p>El\u00a0<strong>Bloque de Seguridad<\/strong>\u00a0realizar\u00e1 operaciones de seguridad y control a lo largo del trayecto para asegurar el paso seguro del convoy, proteger a los funcionarios y voluntarios que participan en esta misi\u00f3n, y salvaguardar los insumos destinados a la poblaci\u00f3n.<\/p>\n<\/div>\n","protected":false},"excerpt":{"rendered":"<p>El ministro del Interior, John Reimberg, anunci\u00f3 que el Bloque de Seguridad ir\u00e1 con un convoy a Imbabura para \u00abaperturar v\u00edas\u00bb y llegar con ayuda humanitaria John Reimberg anuncia que ir\u00e1 con un convoy a Imbabura. El ministro del Interior,\u00a0John Reimberg,\u00a0anunci\u00f3 que este lunes, 13 de octubre de 2025, enfocar\u00e1n sus esfuerzos en\u00a0Imbabura. Ir\u00e1n con un convoy de aproximadamente cien veh\u00edculos. Los objetivos ser\u00e1n:\u00a0aperturar v\u00edas\u00a0y llegar con atenci\u00f3n (productos de\u00a0primera necesidad) a las personas afectadas por los 23 d\u00edas de paro. \u00abIremos con la\u00a0fuerza militar, policial, como bloque (de seguridad), y las autoridades, para aperturar v\u00edas y llegar con ayuda humanitaria\u00bb, dijo\u00a0Reimberg\u00a0en Teleamazonas. Seg\u00fan \u00e9l, la operaci\u00f3n les tomar\u00e1 varios d\u00edas porque \u00absabemos la\u00a0magnitud\u00a0de lo que sucede all\u00e1\u00bb. Reimberg\u00a0lo dijo decidido: \u00abusaremos la fuerza p\u00fablica para hacer una apertura total de v\u00edas porque\u00a0esto se acaba ya\u00ab. Sobre lo sucedido el pasado domingo en\u00a0la capital, anunci\u00f3 que sab\u00edan que hab\u00eda un grupo importante que \u00abten\u00eda la misi\u00f3n de ingresar a Quito, de ingresar al Arbolito, tomarse lo de siempre ac\u00e1, Casa de la Cultura, la Universidad Central y atacar a\u00a0Quito\u00ab. Seg\u00fan \u00e9l, hab\u00eda toda la log\u00edstica y\u00a0alimentos\u00a0para tener varios d\u00edas a los manifestantes en esas instalaciones. Sobre las declaraciones del alcalde de Quito,\u00a0Pabel Mu\u00f1oz, fue directo. \u201cEl alcalde dice excesos, la ciudadan\u00eda le dice orden y control. Por cosas como estas es que en Quito el alcalde est\u00e1 tan distanciado de la ciudadan\u00eda. Me huele que recibi\u00f3 una llamada del exterior dici\u00e9ndole lo que debe decir\u201d. Las\u00a0Fuerzas Armadas\u00a0emitieron un comunicado, se\u00f1alando que\u00a0realizar\u00e1n el control y resguardo del convoy humanitario que se trasladar\u00e1 el d\u00eda lunes 13 de octubre hacia la provincia de\u00a0Imbabura, actualmente afectada por bloqueos y actos de violencia protagonizados por grupos de manifestantes desafectos a la norma legal. El convoy\u00a0transportar\u00e1 v\u00edveres, colchones, gas, medicinas y otros insumos de primera necesidad y del sector productivo, con el objetivo de abastecer a la poblaci\u00f3n civil que se encuentra aislada por las interrupciones viales. Este operativo contar\u00e1 con la participaci\u00f3n y acompa\u00f1amiento de\u00a0autoridades\u00a0de la Vicepresidencia de la Rep\u00fablica, Ministerio de Salud P\u00fablica, Ministerio de Desarrollo Humano, Registro Social, Cruz Roja, medios de prensa, delegados de la fiscal\u00eda general del Estado, Direcci\u00f3n General de Investigaci\u00f3n Judicial, personal t\u00e9cnico y log\u00edstico de instituciones encargadas de la asistencia humanitaria; entre otros. El\u00a0Bloque de Seguridad\u00a0realizar\u00e1 operaciones de seguridad y control a lo largo del trayecto para asegurar el paso seguro del convoy, proteger a los funcionarios y voluntarios que participan en esta misi\u00f3n, y salvaguardar los insumos destinados a la poblaci\u00f3n.<\/p>\n","protected":false},"author":1,"featured_media":26943,"comment_status":"closed","ping_status":"closed","sticky":false,"template":"","format":"standard","meta":{"footnotes":""},"categories":[268],"tags":[],"class_list":["post-26942","post","type-post","status-publish","format-standard","has-post-thumbnail","hentry","category-nacionales"],"_links":{"self":[{"href":"https:\/\/www.elamazonico.com\/portal\/wp-json\/wp\/v2\/posts\/26942","targetHints":{"allow":["GET"]}}],"collection":[{"href":"https:\/\/www.elamazonico.com\/portal\/wp-json\/wp\/v2\/posts"}],"about":[{"href":"https:\/\/www.elamazonico.com\/portal\/wp-json\/wp\/v2\/types\/post"}],"author":[{"embeddable":true,"href":"https:\/\/www.elamazonico.com\/portal\/wp-json\/wp\/v2\/users\/1"}],"replies":[{"embeddable":true,"href":"https:\/\/www.elamazonico.com\/portal\/wp-json\/wp\/v2\/comments?post=26942"}],"version-history":[{"count":1,"href":"https:\/\/www.elamazonico.com\/portal\/wp-json\/wp\/v2\/posts\/26942\/revisions"}],"predecessor-version":[{"id":26944,"href":"https:\/\/www.elamazonico.com\/portal\/wp-json\/wp\/v2\/posts\/26942\/revisions\/26944"}],"wp:featuredmedia":[{"embeddable":true,"href":"https:\/\/www.elamazonico.com\/portal\/wp-json\/wp\/v2\/media\/26943"}],"wp:attachment":[{"href":"https:\/\/www.elamazonico.com\/portal\/wp-json\/wp\/v2\/media?parent=26942"}],"wp:term":[{"taxonomy":"category","embeddable":true,"href":"https:\/\/www.elamazonico.com\/portal\/wp-json\/wp\/v2\/categories?post=26942"},{"taxonomy":"post_tag","embeddable":true,"href":"https:\/\/www.elamazonico.com\/portal\/wp-json\/wp\/v2\/tags?post=26942"}],"curies":[{"name":"wp","href":"https:\/\/api.w.org\/{rel}","templated":true}]}}