{"id":26935,"date":"2025-10-13T06:36:01","date_gmt":"2025-10-13T11:36:01","guid":{"rendered":"https:\/\/www.elamazonico.com\/portal\/?p=26935"},"modified":"2025-10-13T06:36:01","modified_gmt":"2025-10-13T11:36:01","slug":"perspectiva-7-analizo-el-impacto-del-crimen-organizado-y-la-lucha-institucional-del-estado-ecuatoriano","status":"publish","type":"post","link":"https:\/\/www.elamazonico.com\/portal\/perspectiva-7-analizo-el-impacto-del-crimen-organizado-y-la-lucha-institucional-del-estado-ecuatoriano\/","title":{"rendered":"\u201cPerspectiva 7\u201d analiz\u00f3 el impacto del crimen organizado y la lucha institucional del Estado ecuatoriano"},"content":{"rendered":"<div class=\"top md:col-span-2\">\n<div class=\"flex flex-wrap\">\n<div class=\"basis-full md:basis-2\/5 z-100 content-center p-1\">\n<div class=\"story-introtext afacad-flux font-light text-base md:ml-6 pb-2\">Perspectiva 7 analiz\u00f3 el avance del crimen organizado en Ecuador y la lucha del Gobierno Nacional, tras la captura de alias \u201cFede\u201d y otros objetivos de alto valor.<\/div>\n<\/div>\n<\/div>\n<\/div>\n<div class=\"body md:order-3 afacad-flux font-normal text-lg px-2\">\n<p>El programa\u00a0<strong>\u201cPerspectiva 7\u201d<\/strong>, conducido por\u00a0<strong>F\u00e9lix Narv\u00e1ez<\/strong>\u00a0en\u00a0<strong>Ecuador TV<\/strong>, dedic\u00f3 su emisi\u00f3n de este domingo al an\u00e1lisis jur\u00eddico y pol\u00edtico del crimen organizado en el pa\u00eds, tras la reciente captura de dos cabecillas de\u00a0<strong>Los Choneros<\/strong>, entre ellos alias\u00a0<em>Fede<\/em>. En el panel participaron la\u00a0<strong>doctora Catalina Carpio<\/strong>, m\u00e1ster en prevenci\u00f3n de lavado de activos, y el\u00a0<strong>doctor Marcelo Due\u00f1as<\/strong>, exasesor legal de la Polic\u00eda Nacional y especialista en derecho penal.<\/p>\n<h2><strong>Un Estado democr\u00e1tico debilitado<\/strong><\/h2>\n<p>La doctora\u00a0<strong>Carpio<\/strong>\u00a0se\u00f1al\u00f3 que el Ecuador atraviesa una crisis de\u00a0<strong>fragmentaci\u00f3n pol\u00edtica<\/strong>\u00a0que ha favorecido el crecimiento del crimen organizado.<\/p>\n<p>\u201cEl Estado ecuatoriano es democr\u00e1tico, pero con debilidades. Esa fragmentaci\u00f3n interna ha permitido que la delincuencia se vuelva m\u00e1s fuerte y visible\u201d, afirm\u00f3.<\/p>\n<p>Carpio explic\u00f3 que, en contextos democr\u00e1ticos fr\u00e1giles, surgen\u00a0<em>\u201ccacicazgos locales\u201d<\/em>\u00a0que dan espacio al fortalecimiento de grupos delictivos, comparando la situaci\u00f3n ecuatoriana con la evoluci\u00f3n del narcotr\u00e1fico en M\u00e9xico tras la apertura multipartidista de los a\u00f1os 2000.<\/p>\n<h2><strong>Logros policiales y cooperaci\u00f3n internacional<\/strong><\/h2>\n<p>Por su parte,\u00a0<strong>Marcelo Due\u00f1as<\/strong>\u00a0destac\u00f3 el valor jur\u00eddico y operativo de las recientes capturas, calific\u00e1ndolas como una muestra de la\u00a0<strong>coordinaci\u00f3n entre la Polic\u00eda ecuatoriana y la colombiana<\/strong>.<\/p>\n<p>\u201cEstas recapturas son evidencia de un trabajo conjunto y exitoso contra las estructuras criminales que operan en varios pa\u00edses\u201d, sostuvo.<\/p>\n<p>Sin embargo, advirti\u00f3 que la falta de\u00a0<strong>herramientas legales s\u00f3lidas<\/strong>\u00a0y las recientes decisiones de la\u00a0<strong>Corte Constitucional<\/strong>\u00a0\u2014que declararon inconstitucionales dos leyes vinculadas a la\u00a0<strong>extinci\u00f3n de dominio<\/strong>\u2014 generan retrocesos en la lucha contra el crimen organizado.<\/p>\n<p>\u201cCon estas decisiones, el \u00fanico beneficiado es el crimen organizado. Los fiscales y jueces quedan sin herramientas y el Estado pierde capacidad de acci\u00f3n\u201d, enfatiz\u00f3.<\/p>\n<h2><strong>La urgencia de fortalecer controles<\/strong><\/h2>\n<p>Carpio insisti\u00f3 en que la respuesta estatal debe centrarse en\u00a0<strong>cinco tipos de control<\/strong>: electoral, patrimonial, judicial, financiero y de infiltraci\u00f3n pol\u00edtica. A su juicio, la falta de filtros ha permitido la\u00a0<strong>penetraci\u00f3n del crimen organizado en partidos y movimientos pol\u00edticos<\/strong>.<\/p>\n<p>\u201cTenemos empresarios y autoridades que provienen del dinero il\u00edcito. El lavado se disfraza de inversi\u00f3n o de poder pol\u00edtico\u201d, alert\u00f3.<\/p>\n<h2><strong>De narcoestado a \u201cmafiocracia\u201d<\/strong><\/h2>\n<p>Carpio sostuvo que el pa\u00eds ha superado la fase de \u201cnarcoestado\u201d para ingresar en una\u00a0<strong>\u201cmafiocracia\u201d<\/strong>, en la que las estructuras criminales se han\u00a0<strong>infiltrado en las instituciones p\u00fablicas y gobiernos seccionales<\/strong>.<\/p>\n<p>\u201cEl crimen organizado se ha tomado el poder pol\u00edtico y econ\u00f3mico. Lo que vivimos ya no es un narcoestado, sino una mafiocracia\u201d, afirm\u00f3.<\/p>\n<p><strong>Una Constituci\u00f3n \u201cgarantista\u201d bajo debate<\/strong><\/p>\n<p>Due\u00f1as, en tanto, atribuy\u00f3 parte de la crisis a la\u00a0<strong>Constituci\u00f3n de Montecristi (2008)<\/strong>, a la que calific\u00f3 de \u201cexcesivamente garantista\u201d, lo que \u2014dijo\u2014 ha limitado la acci\u00f3n judicial.<\/p>\n<p>\u201cEl juez est\u00e1 atado de manos. La prisi\u00f3n preventiva es la \u00faltima medida y eso permite que delincuentes capturados en flagrancia salgan libres\u201d, sostuvo.<\/p>\n<p>El programa cerr\u00f3 con un llamado de ambos expertos a\u00a0<strong>reconstruir la institucionalidad del Estado<\/strong>, fortalecer la cooperaci\u00f3n internacional y revisar el marco jur\u00eddico que, seg\u00fan coincidieron,\u00a0<strong>ha debilitado la respuesta penal frente a las mafias<\/strong>. Fuente: El Tel\u00e9grafo<\/p>\n<\/div>\n","protected":false},"excerpt":{"rendered":"<p>Perspectiva 7 analiz\u00f3 el avance del crimen organizado en Ecuador y la lucha del Gobierno Nacional, tras la captura de alias \u201cFede\u201d y otros objetivos de alto valor. El programa\u00a0\u201cPerspectiva 7\u201d, conducido por\u00a0F\u00e9lix Narv\u00e1ez\u00a0en\u00a0Ecuador TV, dedic\u00f3 su emisi\u00f3n de este domingo al an\u00e1lisis jur\u00eddico y pol\u00edtico del crimen organizado en el pa\u00eds, tras la reciente captura de dos cabecillas de\u00a0Los Choneros, entre ellos alias\u00a0Fede. En el panel participaron la\u00a0doctora Catalina Carpio, m\u00e1ster en prevenci\u00f3n de lavado de activos, y el\u00a0doctor Marcelo Due\u00f1as, exasesor legal de la Polic\u00eda Nacional y especialista en derecho penal. Un Estado democr\u00e1tico debilitado La doctora\u00a0Carpio\u00a0se\u00f1al\u00f3 que el Ecuador atraviesa una crisis de\u00a0fragmentaci\u00f3n pol\u00edtica\u00a0que ha favorecido el crecimiento del crimen organizado. \u201cEl Estado ecuatoriano es democr\u00e1tico, pero con debilidades. Esa fragmentaci\u00f3n interna ha permitido que la delincuencia se vuelva m\u00e1s fuerte y visible\u201d, afirm\u00f3. Carpio explic\u00f3 que, en contextos democr\u00e1ticos fr\u00e1giles, surgen\u00a0\u201ccacicazgos locales\u201d\u00a0que dan espacio al fortalecimiento de grupos delictivos, comparando la situaci\u00f3n ecuatoriana con la evoluci\u00f3n del narcotr\u00e1fico en M\u00e9xico tras la apertura multipartidista de los a\u00f1os 2000. Logros policiales y cooperaci\u00f3n internacional Por su parte,\u00a0Marcelo Due\u00f1as\u00a0destac\u00f3 el valor jur\u00eddico y operativo de las recientes capturas, calific\u00e1ndolas como una muestra de la\u00a0coordinaci\u00f3n entre la Polic\u00eda ecuatoriana y la colombiana. \u201cEstas recapturas son evidencia de un trabajo conjunto y exitoso contra las estructuras criminales que operan en varios pa\u00edses\u201d, sostuvo. Sin embargo, advirti\u00f3 que la falta de\u00a0herramientas legales s\u00f3lidas\u00a0y las recientes decisiones de la\u00a0Corte Constitucional\u00a0\u2014que declararon inconstitucionales dos leyes vinculadas a la\u00a0extinci\u00f3n de dominio\u2014 generan retrocesos en la lucha contra el crimen organizado. \u201cCon estas decisiones, el \u00fanico beneficiado es el crimen organizado. Los fiscales y jueces quedan sin herramientas y el Estado pierde capacidad de acci\u00f3n\u201d, enfatiz\u00f3. La urgencia de fortalecer controles Carpio insisti\u00f3 en que la respuesta estatal debe centrarse en\u00a0cinco tipos de control: electoral, patrimonial, judicial, financiero y de infiltraci\u00f3n pol\u00edtica. A su juicio, la falta de filtros ha permitido la\u00a0penetraci\u00f3n del crimen organizado en partidos y movimientos pol\u00edticos. \u201cTenemos empresarios y autoridades que provienen del dinero il\u00edcito. El lavado se disfraza de inversi\u00f3n o de poder pol\u00edtico\u201d, alert\u00f3. De narcoestado a \u201cmafiocracia\u201d Carpio sostuvo que el pa\u00eds ha superado la fase de \u201cnarcoestado\u201d para ingresar en una\u00a0\u201cmafiocracia\u201d, en la que las estructuras criminales se han\u00a0infiltrado en las instituciones p\u00fablicas y gobiernos seccionales. \u201cEl crimen organizado se ha tomado el poder pol\u00edtico y econ\u00f3mico. Lo que vivimos ya no es un narcoestado, sino una mafiocracia\u201d, afirm\u00f3. Una Constituci\u00f3n \u201cgarantista\u201d bajo debate Due\u00f1as, en tanto, atribuy\u00f3 parte de la crisis a la\u00a0Constituci\u00f3n de Montecristi (2008), a la que calific\u00f3 de \u201cexcesivamente garantista\u201d, lo que \u2014dijo\u2014 ha limitado la acci\u00f3n judicial. \u201cEl juez est\u00e1 atado de manos. La prisi\u00f3n preventiva es la \u00faltima medida y eso permite que delincuentes capturados en flagrancia salgan libres\u201d, sostuvo. El programa cerr\u00f3 con un llamado de ambos expertos a\u00a0reconstruir la institucionalidad del Estado, fortalecer la cooperaci\u00f3n internacional y revisar el marco jur\u00eddico que, seg\u00fan coincidieron,\u00a0ha debilitado la respuesta penal frente a las mafias. Fuente: El Tel\u00e9grafo<\/p>\n","protected":false},"author":1,"featured_media":26936,"comment_status":"closed","ping_status":"closed","sticky":false,"template":"","format":"standard","meta":{"footnotes":""},"categories":[268],"tags":[],"class_list":["post-26935","post","type-post","status-publish","format-standard","has-post-thumbnail","hentry","category-nacionales"],"_links":{"self":[{"href":"https:\/\/www.elamazonico.com\/portal\/wp-json\/wp\/v2\/posts\/26935","targetHints":{"allow":["GET"]}}],"collection":[{"href":"https:\/\/www.elamazonico.com\/portal\/wp-json\/wp\/v2\/posts"}],"about":[{"href":"https:\/\/www.elamazonico.com\/portal\/wp-json\/wp\/v2\/types\/post"}],"author":[{"embeddable":true,"href":"https:\/\/www.elamazonico.com\/portal\/wp-json\/wp\/v2\/users\/1"}],"replies":[{"embeddable":true,"href":"https:\/\/www.elamazonico.com\/portal\/wp-json\/wp\/v2\/comments?post=26935"}],"version-history":[{"count":1,"href":"https:\/\/www.elamazonico.com\/portal\/wp-json\/wp\/v2\/posts\/26935\/revisions"}],"predecessor-version":[{"id":26937,"href":"https:\/\/www.elamazonico.com\/portal\/wp-json\/wp\/v2\/posts\/26935\/revisions\/26937"}],"wp:featuredmedia":[{"embeddable":true,"href":"https:\/\/www.elamazonico.com\/portal\/wp-json\/wp\/v2\/media\/26936"}],"wp:attachment":[{"href":"https:\/\/www.elamazonico.com\/portal\/wp-json\/wp\/v2\/media?parent=26935"}],"wp:term":[{"taxonomy":"category","embeddable":true,"href":"https:\/\/www.elamazonico.com\/portal\/wp-json\/wp\/v2\/categories?post=26935"},{"taxonomy":"post_tag","embeddable":true,"href":"https:\/\/www.elamazonico.com\/portal\/wp-json\/wp\/v2\/tags?post=26935"}],"curies":[{"name":"wp","href":"https:\/\/api.w.org\/{rel}","templated":true}]}}