{"id":26929,"date":"2025-10-13T06:05:34","date_gmt":"2025-10-13T11:05:34","guid":{"rendered":"https:\/\/www.elamazonico.com\/portal\/?p=26929"},"modified":"2025-10-13T06:05:34","modified_gmt":"2025-10-13T11:05:34","slug":"fuerzas-armadas-y-policia-resguardaran-ayuda-humanitaria-en-imbabura","status":"publish","type":"post","link":"https:\/\/www.elamazonico.com\/portal\/fuerzas-armadas-y-policia-resguardaran-ayuda-humanitaria-en-imbabura\/","title":{"rendered":"Fuerzas Armadas y Polic\u00eda resguardar\u00e1n ayuda humanitaria en Imbabura"},"content":{"rendered":"<div class=\"paragraph texto\">\n<p class=\"p_0\">Las Fuerzas Armadas y la Polic\u00eda Nacional del Ecuador garantizar\u00e1n la seguridad de un convoy humanitario que se trasladar\u00e1 este lunes 13 de octubre hacia\u00a0<a href=\"https:\/\/www.vistazo.com\/actualidad\/nacional\/2025-10-09-organizaciones-derechos-humanos-indigenas-otavalo-no-ha-sido-trasladados-imbabura-DG10259813\" target=\"_blank\" rel=\"noopener noreferrer\">Imbabura<\/a>, provincia en la que se registran bloqueos y actos de violencia. El operativo busca abastecer a la poblaci\u00f3n civil con v\u00edveres, colchones, gas, medicinas y otros insumos esenciales.<\/p>\n<\/div>\n<div class=\"paragraph texto\">\n<p class=\"p_1\"><b>Puede interesarle:<\/b>\u00a0<a href=\"https:\/\/www.vistazo.com\/actualidad\/nacional\/2025-10-10-policia-militares-mil-uniformados-quito-prevenir-disturbios-paro-nacional-AF10262332\" target=\"_blank\" rel=\"noopener noreferrer\">M\u00e1s de mil policias y militares se despliegan en Quito para prevenir disturbios durante feriado<\/a><\/p>\n<\/div>\n<div class=\"paragraph texto\">\n<p class=\"p_2\">En un comunicado, el Comando Conjunto inform\u00f3 que se contar\u00e1 con\u00a0<b>la participaci\u00f3n de autoridades de la Vicepresidencia, Ministerio de Salud, Ministerio de Desarrollo Humano<\/b>, Cruz Roja, delegados de la Fiscal\u00eda y medios de prensa.<\/p>\n<p class=\"p_3\">\u00abEl Bloque de Seguridad realizar\u00e1\u00a0<b>operaciones de seguridad y control a lo largo del trayecto<\/b> para asegurar el paso seguro del convoy\u00bb, se\u00f1alaron.<\/p>\n<\/div>\n<h2 class=\"h2vistazo\">Organizaci\u00f3n y log\u00edstica del convoy humanitario<\/h2>\n<div class=\"paragraph texto\">\n<p class=\"p_5\"><b>El convoy estar\u00e1 compuesto por varios veh\u00edculos que transportar\u00e1n v\u00edveres, medicinas, colchones y otros insumos\u00a0<\/b>destinados a la poblaci\u00f3n m\u00e1s afectada. Seg\u00fan el comunicado, \u00abse realizar\u00e1 el control y resguardo del convoy para proteger a los funcionarios y voluntarios que participan en esta misi\u00f3n\u00bb.<\/p>\n<\/div>\n<div class=\"paragraph texto\">\n<p class=\"p_6\">Adem\u00e1s,<b>\u00a0los equipos de seguridad coordinar\u00e1n patrullajes y controles a lo largo del trayecto<\/b>, asegurando que los bloqueos y los actos de violencia no impidan la llegada de la ayuda. Las Fuerzas Armadas reiteraron que \u00abhacemos un llamado a respetar el car\u00e1cter humanitario de esta operaci\u00f3n\u00bb. Fuente: Vistazo<\/p>\n<\/div>\n","protected":false},"excerpt":{"rendered":"<p>Las Fuerzas Armadas y la Polic\u00eda Nacional del Ecuador garantizar\u00e1n la seguridad de un convoy humanitario que se trasladar\u00e1 este lunes 13 de octubre hacia\u00a0Imbabura, provincia en la que se registran bloqueos y actos de violencia. El operativo busca abastecer a la poblaci\u00f3n civil con v\u00edveres, colchones, gas, medicinas y otros insumos esenciales. Puede interesarle:\u00a0M\u00e1s de mil policias y militares se despliegan en Quito para prevenir disturbios durante feriado En un comunicado, el Comando Conjunto inform\u00f3 que se contar\u00e1 con\u00a0la participaci\u00f3n de autoridades de la Vicepresidencia, Ministerio de Salud, Ministerio de Desarrollo Humano, Cruz Roja, delegados de la Fiscal\u00eda y medios de prensa. \u00abEl Bloque de Seguridad realizar\u00e1\u00a0operaciones de seguridad y control a lo largo del trayecto para asegurar el paso seguro del convoy\u00bb, se\u00f1alaron. Organizaci\u00f3n y log\u00edstica del convoy humanitario El convoy estar\u00e1 compuesto por varios veh\u00edculos que transportar\u00e1n v\u00edveres, medicinas, colchones y otros insumos\u00a0destinados a la poblaci\u00f3n m\u00e1s afectada. Seg\u00fan el comunicado, \u00abse realizar\u00e1 el control y resguardo del convoy para proteger a los funcionarios y voluntarios que participan en esta misi\u00f3n\u00bb. Adem\u00e1s,\u00a0los equipos de seguridad coordinar\u00e1n patrullajes y controles a lo largo del trayecto, asegurando que los bloqueos y los actos de violencia no impidan la llegada de la ayuda. Las Fuerzas Armadas reiteraron que \u00abhacemos un llamado a respetar el car\u00e1cter humanitario de esta operaci\u00f3n\u00bb. Fuente: Vistazo<\/p>\n","protected":false},"author":1,"featured_media":26930,"comment_status":"closed","ping_status":"closed","sticky":false,"template":"","format":"standard","meta":{"footnotes":""},"categories":[268],"tags":[],"class_list":["post-26929","post","type-post","status-publish","format-standard","has-post-thumbnail","hentry","category-nacionales"],"_links":{"self":[{"href":"https:\/\/www.elamazonico.com\/portal\/wp-json\/wp\/v2\/posts\/26929","targetHints":{"allow":["GET"]}}],"collection":[{"href":"https:\/\/www.elamazonico.com\/portal\/wp-json\/wp\/v2\/posts"}],"about":[{"href":"https:\/\/www.elamazonico.com\/portal\/wp-json\/wp\/v2\/types\/post"}],"author":[{"embeddable":true,"href":"https:\/\/www.elamazonico.com\/portal\/wp-json\/wp\/v2\/users\/1"}],"replies":[{"embeddable":true,"href":"https:\/\/www.elamazonico.com\/portal\/wp-json\/wp\/v2\/comments?post=26929"}],"version-history":[{"count":1,"href":"https:\/\/www.elamazonico.com\/portal\/wp-json\/wp\/v2\/posts\/26929\/revisions"}],"predecessor-version":[{"id":26931,"href":"https:\/\/www.elamazonico.com\/portal\/wp-json\/wp\/v2\/posts\/26929\/revisions\/26931"}],"wp:featuredmedia":[{"embeddable":true,"href":"https:\/\/www.elamazonico.com\/portal\/wp-json\/wp\/v2\/media\/26930"}],"wp:attachment":[{"href":"https:\/\/www.elamazonico.com\/portal\/wp-json\/wp\/v2\/media?parent=26929"}],"wp:term":[{"taxonomy":"category","embeddable":true,"href":"https:\/\/www.elamazonico.com\/portal\/wp-json\/wp\/v2\/categories?post=26929"},{"taxonomy":"post_tag","embeddable":true,"href":"https:\/\/www.elamazonico.com\/portal\/wp-json\/wp\/v2\/tags?post=26929"}],"curies":[{"name":"wp","href":"https:\/\/api.w.org\/{rel}","templated":true}]}}