{"id":26911,"date":"2025-10-09T04:37:56","date_gmt":"2025-10-09T09:37:56","guid":{"rendered":"https:\/\/www.elamazonico.com\/portal\/?p=26911"},"modified":"2025-10-08T18:32:40","modified_gmt":"2025-10-08T23:32:40","slug":"dr-jose-bolivar-castillo-el-ecuador-necesita-una-dirigencia-que-enfrente-la-realidad-y-no-viva-de-la-propaganda","status":"publish","type":"post","link":"https:\/\/www.elamazonico.com\/portal\/dr-jose-bolivar-castillo-el-ecuador-necesita-una-dirigencia-que-enfrente-la-realidad-y-no-viva-de-la-propaganda\/","title":{"rendered":"Dr. Jos\u00e9 Bol\u00edvar Castillo: \u201cEl Ecuador necesita una dirigencia que enfrente la realidad y no viva de la propaganda\u201d"},"content":{"rendered":"<p>En un an\u00e1lisis profundo sobre la coyuntura pol\u00edtica, econ\u00f3mica y social del pa\u00eds, el doctor Jos\u00e9 Bol\u00edvar Castillo, exalcalde de la ciudad de Loja, expres\u00f3 su preocupaci\u00f3n por la falta de liderazgo real en el Ecuador y por la persistente crisis estructural que, seg\u00fan dijo, \u201cse arrastra desde hace m\u00e1s de una d\u00e9cada y se ha ido profundizando por falta de dirigencia comprometida con las verdaderas soluciones nacionales\u201d.<\/p>\n<p>Durante su intervenci\u00f3n, Castillo se\u00f1al\u00f3 que la dirigencia pol\u00edtica ecuatoriana ha priorizado el manejo medi\u00e1tico antes que la gesti\u00f3n efectiva, lo que ha generado una desconexi\u00f3n entre la realidad nacional y la imagen proyectada al p\u00fablico.<\/p>\n<p>\u201cHemos tenido una permanente preocupaci\u00f3n medi\u00e1tica. Como que no nos importa la realidad, sino las im\u00e1genes que vendemos a trav\u00e9s de las cadenas. Pero la terca realidad es la terca realidad\u201d, enfatiz\u00f3.<\/p>\n<p><strong>Subsidios y econom\u00eda nacional<\/strong><br \/>\nEl exalcalde de Loja se refiri\u00f3 al debate sobre los subsidios estatales, sosteniendo que estos, al estar dirigidos al consumo y no a la producci\u00f3n, han perjudicado el inter\u00e9s p\u00fablico.<\/p>\n<p>\u201cHace d\u00e9cadas debi\u00f3 regularizarse el tema de los subsidios. Lo que hoy se destina a subsidiar el consumo, se resta de hospitales, escuelas y carreteras\u201d, indic\u00f3, agregando que \u201clos que m\u00e1s se benefician son quienes m\u00e1s recursos tienen\u201d.<\/p>\n<p>Castillo subray\u00f3 que el pa\u00eds debe avanzar hacia una estructura econ\u00f3mica m\u00e1s racional y sostenible, donde los precios de bienes como los combustibles reflejen su costo real de producci\u00f3n y las condiciones del mercado internacional.<\/p>\n<p><strong>Consulta popular y reforma constitucional<\/strong><br \/>\nEn cuanto a la propuesta gubernamental de una nueva Constituci\u00f3n, el exalcalde manifest\u00f3 que el Ecuador no necesita un texto nuevo, sino una reforma estructural que fortalezca el funcionamiento institucional del Estado.<\/p>\n<p>\u201cLa Constituci\u00f3n de Montecristi es buena en su parte declarativa, pero deficiente en su estructura org\u00e1nica. Se cruzan los cables del Estado y los derechos quedan solo enunciados\u201d, argument\u00f3.<\/p>\n<p>Castillo respald\u00f3 la idea de una consulta popular, siempre que se garantice un proceso democr\u00e1tico real, sin imposiciones ni listas cerradas.<\/p>\n<p>Cuestion\u00f3 duramente el sistema de voto en plancha, al que calific\u00f3 de \u201cbarbaridad antidemocr\u00e1tica\u201d, porque \u201cimpide la representaci\u00f3n aut\u00e9ntica de las provincias y concentra el poder en las c\u00fapulas partidistas\u201d.<\/p>\n<p><strong>Relaci\u00f3n entre el Gobierno y la Corte Constitucional<\/strong><br \/>\nEl exalcalde tambi\u00e9n critic\u00f3 el papel de la Corte Constitucional, a la que acus\u00f3 de haber \u201casumido atribuciones de una asamblea constituyente\u201d, actuando \u201ccon facultades omn\u00edmodas desde la \u00e9poca del Consejo Transitorio presidido por el doctor Julio C\u00e9sar Trujillo\u201d.<\/p>\n<p>Asimismo, rechaz\u00f3 la reciente derogatoria de la Ley de Integridad P\u00fablica, consider\u00e1ndola \u201cuna barbaridad\u201d, pues, seg\u00fan expres\u00f3, dicha ley representaba un avance en el control del abuso dentro de las instituciones estatales.<\/p>\n<p>\u201cLas instituciones p\u00fablicas est\u00e1n llenas de mandos medios que act\u00faan sin control. Esa ley era necesaria para garantizar disciplina y eficiencia administrativa\u201d, sostuvo.<\/p>\n<p><strong>Visi\u00f3n sobre la miner\u00eda y desarrollo nacional<\/strong><br \/>\nFinalmente, Castillo abord\u00f3 la tem\u00e1tica minera, afirmando que el Ecuador necesita aprovechar sus recursos naturales \u201cde manera sustentable, ecol\u00f3gica y con equidad territorial\u201d. Critic\u00f3 los acuerdos que gobiernos pasados y presentes han suscrito con empresas transnacionales, se\u00f1alando que estos priorizan la rentabilidad extranjera sobre el desarrollo nacional.<\/p>\n<p>\u201cAqu\u00ed se pacta con las transnacionales por debajo de la mesa. Les dan ventajas y a las provincias solo les dejan espejitos: no puente, tampoco una escuelita, peor un hospitalito. La riqueza minera debi\u00f3 servir para construir la gran v\u00eda interoce\u00e1nica que conecte Puerto Bol\u00edvar con el Amazonas\u201d, afirm\u00f3.<\/p>\n<p>Propuso, adem\u00e1s, una legislaci\u00f3n que reconozca los derechos de los propietarios de terrenos donde se descubran yacimientos, garantizando su participaci\u00f3n en los beneficios mineros y evitando su desplazamiento forzoso.<\/p>\n<p>Conclusi\u00f3n<br \/>\nEl exalcalde de Loja se refiri\u00f3 a la necesidad de un proyecto de pa\u00eds sustentado en la equidad territorial, la legalidad y la transparencia institucional, advirtiendo que \u201cel Ecuador no puede seguir atrapado en una din\u00e1mica propagand\u00edstica mientras se desmoronan sus estructuras pol\u00edticas, econ\u00f3micas y sociales\u201d.<\/p>\n<p>\u201cO elegimos democracia, o seguimos en la partidocracia\u201d, concluy\u00f3.<\/p>\n","protected":false},"excerpt":{"rendered":"<p>En un an\u00e1lisis profundo sobre la coyuntura pol\u00edtica, econ\u00f3mica y social del pa\u00eds, el doctor Jos\u00e9 Bol\u00edvar Castillo, exalcalde de la ciudad de Loja, expres\u00f3 su preocupaci\u00f3n por la falta de liderazgo real en el Ecuador y por la persistente crisis estructural que, seg\u00fan dijo, \u201cse arrastra desde hace m\u00e1s de una d\u00e9cada y se ha ido profundizando por falta de dirigencia comprometida con las verdaderas soluciones nacionales\u201d. Durante su intervenci\u00f3n, Castillo se\u00f1al\u00f3 que la dirigencia pol\u00edtica ecuatoriana ha priorizado el manejo medi\u00e1tico antes que la gesti\u00f3n efectiva, lo que ha generado una desconexi\u00f3n entre la realidad nacional y la imagen proyectada al p\u00fablico. \u201cHemos tenido una permanente preocupaci\u00f3n medi\u00e1tica. Como que no nos importa la realidad, sino las im\u00e1genes que vendemos a trav\u00e9s de las cadenas. Pero la terca realidad es la terca realidad\u201d, enfatiz\u00f3. Subsidios y econom\u00eda nacional El exalcalde de Loja se refiri\u00f3 al debate sobre los subsidios estatales, sosteniendo que estos, al estar dirigidos al consumo y no a la producci\u00f3n, han perjudicado el inter\u00e9s p\u00fablico. \u201cHace d\u00e9cadas debi\u00f3 regularizarse el tema de los subsidios. Lo que hoy se destina a subsidiar el consumo, se resta de hospitales, escuelas y carreteras\u201d, indic\u00f3, agregando que \u201clos que m\u00e1s se benefician son quienes m\u00e1s recursos tienen\u201d. Castillo subray\u00f3 que el pa\u00eds debe avanzar hacia una estructura econ\u00f3mica m\u00e1s racional y sostenible, donde los precios de bienes como los combustibles reflejen su costo real de producci\u00f3n y las condiciones del mercado internacional. Consulta popular y reforma constitucional En cuanto a la propuesta gubernamental de una nueva Constituci\u00f3n, el exalcalde manifest\u00f3 que el Ecuador no necesita un texto nuevo, sino una reforma estructural que fortalezca el funcionamiento institucional del Estado. \u201cLa Constituci\u00f3n de Montecristi es buena en su parte declarativa, pero deficiente en su estructura org\u00e1nica. Se cruzan los cables del Estado y los derechos quedan solo enunciados\u201d, argument\u00f3. Castillo respald\u00f3 la idea de una consulta popular, siempre que se garantice un proceso democr\u00e1tico real, sin imposiciones ni listas cerradas. Cuestion\u00f3 duramente el sistema de voto en plancha, al que calific\u00f3 de \u201cbarbaridad antidemocr\u00e1tica\u201d, porque \u201cimpide la representaci\u00f3n aut\u00e9ntica de las provincias y concentra el poder en las c\u00fapulas partidistas\u201d. Relaci\u00f3n entre el Gobierno y la Corte Constitucional El exalcalde tambi\u00e9n critic\u00f3 el papel de la Corte Constitucional, a la que acus\u00f3 de haber \u201casumido atribuciones de una asamblea constituyente\u201d, actuando \u201ccon facultades omn\u00edmodas desde la \u00e9poca del Consejo Transitorio presidido por el doctor Julio C\u00e9sar Trujillo\u201d. Asimismo, rechaz\u00f3 la reciente derogatoria de la Ley de Integridad P\u00fablica, consider\u00e1ndola \u201cuna barbaridad\u201d, pues, seg\u00fan expres\u00f3, dicha ley representaba un avance en el control del abuso dentro de las instituciones estatales. \u201cLas instituciones p\u00fablicas est\u00e1n llenas de mandos medios que act\u00faan sin control. Esa ley era necesaria para garantizar disciplina y eficiencia administrativa\u201d, sostuvo. Visi\u00f3n sobre la miner\u00eda y desarrollo nacional Finalmente, Castillo abord\u00f3 la tem\u00e1tica minera, afirmando que el Ecuador necesita aprovechar sus recursos naturales \u201cde manera sustentable, ecol\u00f3gica y con equidad territorial\u201d. Critic\u00f3 los acuerdos que gobiernos pasados y presentes han suscrito con empresas transnacionales, se\u00f1alando que estos priorizan la rentabilidad extranjera sobre el desarrollo nacional. \u201cAqu\u00ed se pacta con las transnacionales por debajo de la mesa. Les dan ventajas y a las provincias solo les dejan espejitos: no puente, tampoco una escuelita, peor un hospitalito. La riqueza minera debi\u00f3 servir para construir la gran v\u00eda interoce\u00e1nica que conecte Puerto Bol\u00edvar con el Amazonas\u201d, afirm\u00f3. Propuso, adem\u00e1s, una legislaci\u00f3n que reconozca los derechos de los propietarios de terrenos donde se descubran yacimientos, garantizando su participaci\u00f3n en los beneficios mineros y evitando su desplazamiento forzoso. Conclusi\u00f3n El exalcalde de Loja se refiri\u00f3 a la necesidad de un proyecto de pa\u00eds sustentado en la equidad territorial, la legalidad y la transparencia institucional, advirtiendo que \u201cel Ecuador no puede seguir atrapado en una din\u00e1mica propagand\u00edstica mientras se desmoronan sus estructuras pol\u00edticas, econ\u00f3micas y sociales\u201d. \u201cO elegimos democracia, o seguimos en la partidocracia\u201d, concluy\u00f3.<\/p>\n","protected":false},"author":1,"featured_media":26912,"comment_status":"closed","ping_status":"closed","sticky":false,"template":"","format":"standard","meta":{"footnotes":""},"categories":[284,243],"tags":[],"class_list":["post-26911","post","type-post","status-publish","format-standard","has-post-thumbnail","hentry","category-noticias-loja","category-noticias-zamora"],"_links":{"self":[{"href":"https:\/\/www.elamazonico.com\/portal\/wp-json\/wp\/v2\/posts\/26911","targetHints":{"allow":["GET"]}}],"collection":[{"href":"https:\/\/www.elamazonico.com\/portal\/wp-json\/wp\/v2\/posts"}],"about":[{"href":"https:\/\/www.elamazonico.com\/portal\/wp-json\/wp\/v2\/types\/post"}],"author":[{"embeddable":true,"href":"https:\/\/www.elamazonico.com\/portal\/wp-json\/wp\/v2\/users\/1"}],"replies":[{"embeddable":true,"href":"https:\/\/www.elamazonico.com\/portal\/wp-json\/wp\/v2\/comments?post=26911"}],"version-history":[{"count":1,"href":"https:\/\/www.elamazonico.com\/portal\/wp-json\/wp\/v2\/posts\/26911\/revisions"}],"predecessor-version":[{"id":26913,"href":"https:\/\/www.elamazonico.com\/portal\/wp-json\/wp\/v2\/posts\/26911\/revisions\/26913"}],"wp:featuredmedia":[{"embeddable":true,"href":"https:\/\/www.elamazonico.com\/portal\/wp-json\/wp\/v2\/media\/26912"}],"wp:attachment":[{"href":"https:\/\/www.elamazonico.com\/portal\/wp-json\/wp\/v2\/media?parent=26911"}],"wp:term":[{"taxonomy":"category","embeddable":true,"href":"https:\/\/www.elamazonico.com\/portal\/wp-json\/wp\/v2\/categories?post=26911"},{"taxonomy":"post_tag","embeddable":true,"href":"https:\/\/www.elamazonico.com\/portal\/wp-json\/wp\/v2\/tags?post=26911"}],"curies":[{"name":"wp","href":"https:\/\/api.w.org\/{rel}","templated":true}]}}