{"id":26904,"date":"2025-10-08T15:03:47","date_gmt":"2025-10-08T20:03:47","guid":{"rendered":"https:\/\/www.elamazonico.com\/portal\/?p=26904"},"modified":"2025-10-08T15:03:47","modified_gmt":"2025-10-08T20:03:47","slug":"los-terroristas-los-violentos-y-los-vandalos-iran-a-la-carcel-dice-daniel-noboa-desde-cuenca-tras-ataque-a-caravana-presidencial","status":"publish","type":"post","link":"https:\/\/www.elamazonico.com\/portal\/los-terroristas-los-violentos-y-los-vandalos-iran-a-la-carcel-dice-daniel-noboa-desde-cuenca-tras-ataque-a-caravana-presidencial\/","title":{"rendered":"\u00abLos terroristas, los violentos y los v\u00e1ndalos ir\u00e1n a la c\u00e1rcel\u00bb, dice Daniel Noboa desde Cuenca tras ataque a caravana presidencial"},"content":{"rendered":"<p>El paro de la Conaie en Ecuador vivi\u00f3 una jornada violenta el martes cuando manifestantes atacaron la caravana en la que se trasladaba\u00a0el presidente Daniel Noboa. Los detenidos por ese hecho se someten el mi\u00e9rcoles 8 de octubre de 2025 a su audiencia de flagrancia.<\/p>\n<p>En esa audiencia se deber\u00e1 resolver el delito por el que ser\u00e1n procesados, luego de que\u00a0la ministra de Ambiente y Energ\u00eda de Ecuador, In\u00e9s Manzano, presentara una denuncia en la Fiscal\u00eda por un presunto intento de asesinato contra Noboa, luego del ataque a la caravana presidencial.<\/p>\n<p>Estas son las v\u00edas cerradas y habilitadas en Ecuador un d\u00eda antes del feriado del 9 de octubre<br \/>\nEste hecho dej\u00f3 cinco detenidos, y ocurri\u00f3 en el contexto del paro nacional convocado por la Conaie en rechazo al fin del subsidio del di\u00e9sel.<\/p>\n<p>08\/10\/2025 &#8211; 13:37 &#8211;\u00a0<strong>Estados Unidos condena ataque al presidente Noboa<\/strong><br \/>\nA trav\u00e9s de un mensaje en su cuenta de X, la embajada de Estados Unidos en Ecuador conden\u00f3 el ataque contra la caravana presidencial, y las agresiones contra el mandatario Daniel Noboa.<br \/>\n\u200b<br \/>\n\u200b\u00bbEstamos con el Ecuador mientras las autoridades investigan y garantizan la rendici\u00f3n de cuentas, y nos oponemos a todas las formas de violencia pol\u00edtica\u00bb, indic\u00f3 el mensaje de la Embajada.<\/p>\n<p>Luego de los incidentes en Ca\u00f1ar, varios pa\u00edses de la regi\u00f3n se solidarizaron con el presidente de Ecuador, y uno de los comunicados m\u00e1s recientes fue el de Argentina.<br \/>\n\u200b<br \/>\n\u200b\u00bbLa Rep\u00fablica Argentina expresa su firme condena al atentado perpetrado el pasado 7 de octubre contra la comitiva del Presidente\u00bb, indic\u00f3 el comunicado de la Canciller\u00eda argentina.<\/p>\n<p>08\/10\/2025 &#8211;\u00a013:28 &#8211; <strong>\u201cInfiltrados hicieron este ataque\u201d a la caravana, dice el Gobernador del Ca\u00f1ar<\/strong><br \/>\nSobre el ataque a la caravana presidencial registrada Ca\u00f1ar, el gobernador de la provincia, Patricio Sarmiento, dijo que la noche anterior (lunes) tuvieron una alerta de una convocatoria para una manifestaci\u00f3n, pero hasta las 08:00 no ten\u00edan reportes de concentraciones.<\/p>\n<p>\u201cLuego (los manifestantes) se reunieron y salieron en marcha desde El Tambo hacia Ca\u00f1ar\u201d, indic\u00f3 Sarmiento.<\/p>\n<p>Seg\u00fan el Gobernador, \u201cinfiltrados hicieron este ataque cobarde\u201d y asegur\u00f3 que el caso est\u00e1 en manos de la Fiscal\u00eda.<\/p>\n<p>A las 12:30 del mi\u00e9rcoles se inici\u00f3 la audiencia de flagrancia de cinco detenidos, quienes ser\u00e1n procesados por ataque o resistencia.<\/p>\n<p>Funcionarios de la Gobernaci\u00f3n del Ca\u00f1ar informaron que en total seis veh\u00edculos terminaron con da\u00f1os provocados por piedras, palos y otros objetos.<\/p>\n<p>08\/10\/2025 &#8211;\u00a012:11 &#8211;\u00a0<strong>Enfrentamientos en San Miguel del Com\u00fan, en Quito<\/strong><br \/>\nEn la comuna San Miguel del Com\u00fan, se reportan nuevos incidentes la ma\u00f1ana de este mi\u00e9rcoles. Los comuneros salieron a cerrar la v\u00eda Panamericana, en el tramo de Quito-Guayllabamba, uno de los principales accesos a la capital.<\/p>\n<p>En la zona hab\u00eda una fuerte presencia policial. Los uniformados usaron gas lacrim\u00f3geno para dispersar a los manifestantes. Los habitantes de la zona reportaron que en lugar donde ocurren los incidentes se encuentran centros educativos.<\/p>\n<p>El Pueblo Kitu Kara denunci\u00f3 que la intervenci\u00f3n policial dej\u00f3\u00a0dos personas heridas, que fueron trasladadas a centros de salud.<\/p>\n<p>08\/10\/2025 &#8211;\u00a011:56 &#8211;\u00a0<strong>\u00bfQu\u00e9 pas\u00f3 con los detenidos?<\/strong><br \/>\nLas autoridades no han dado informaci\u00f3n oficial sobre los cinco ciudadanos que fueron detenidos en Ca\u00f1ar el martes, en el contexto del ataque a la caravana presidencial. Solo se conoce informaci\u00f3n a trav\u00e9s de sus abogados.<\/p>\n<p>Inicialmente, se conoci\u00f3 que cinco detenidos habr\u00edan sido trasladados a Cuenca la noche del martes, seg\u00fan inform\u00f3 el abogado de algunos de ellos, Yaku P\u00e9rez. Pero, la ma\u00f1ana de este mi\u00e9rcoles, el equipo legal inform\u00f3 que \u00abni las familias ni la defensa han sido notificadas del paradero ni de la audiencia\u00bb.<\/p>\n<p>Seg\u00fan informaci\u00f3n extraoficial, se conoci\u00f3 que cuatro de los detenidos fueron llevados al cant\u00f3n El Tambo, por lo que el equipo legal de la Federaci\u00f3n de Campesinos del Azuay (FOA) se traslad\u00f3 hasta all\u00e1.<\/p>\n<p>Mientras que el abogado Jos\u00e9 Campoverde confirm\u00f3 que una de las detenidas se encuentra en Cuenca y est\u00e1 a la espera de la audiencia para la formulaci\u00f3n de cargos.<\/p>\n<p>08\/10\/2025 &#8211;\u00a011:40 &#8211; <strong>Daniel Noboa se refiere a los hechos de Ca\u00f1ar<\/strong><br \/>\nTras despachar desde la Gobernaci\u00f3n del Azuay, el presidente Daniel Noboa acudi\u00f3 a un evento realizado en el Cuartel D\u00e1valos de Cuenca, para la entrega de maquinaria a agricultores.<\/p>\n<p>Desde ese lugar, volvi\u00f3 a referirse a los hechos ocurridos un d\u00eda antes en Ca\u00f1ar. \u00abLos terroristas, los violentos y los v\u00e1ndalos ir\u00e1n a la c\u00e1rcel\u00bb, expres\u00f3 el primer mandatario.<\/p>\n<p>\u00abNosotros hemos estado abiertos al di\u00e1logo desde el d\u00eda uno\u00bb, a\u00f1adi\u00f3 Noboa.<\/p>\n<p>El primer mandatario tambi\u00e9n desminti\u00f3 mensajes, que, asegur\u00f3, se replican en redes sociales sobre un nuevo incremento al precio del di\u00e9sel, la supuesta eliminaci\u00f3n del subsidio al gas.\u00a0\u201c\u00bfCu\u00e1l es la mentira m\u00e1s grande? Venir a decir que nosotros mentimos\u2026\u00bb, dijo.<\/p>\n<p>08\/10\/2025 &#8211; 09:01<\/p>\n<p><strong>Manifestantes intentaron atacar a Noboa, dice ministro Loffredo<\/strong><br \/>\n\u00abEl nivel de agresi\u00f3n con el que se atac\u00f3 la caravana (presidencial) denota que esto fue un claro intento de asesinato y un acto de terrorismo\u00bb, contra el mandatario Daniel Noboa, reiter\u00f3 este 8 de octubre el ministro de Defensa, Gian Carlo Loffredo, en entrevista con el canal Teleamazonas.<br \/>\n\u200b<br \/>\n\u200bEl Ministro dijo que si la Conaie sabe que los autores del ataque a la caravana son infiltrados, deber\u00eda entregarlos a la justicia.<br \/>\n\u200b<br \/>\n\u200b\u00bbClaramente tenemos l\u00edderes que calientan calles (&#8230;) pero sin son infiltrados por qu\u00e9 no los detienen\u00bb, a\u00f1adi\u00f3 Loffredo.<br \/>\n\u200b<br \/>\n\u200bTras las declaraciones de la Conaie, sobre un posible ingreso de manifestantes a Quito, el ministro Loffredo indic\u00f3 que el Gobierno &#8216;proteger\u00e1 a la capital&#8217;.<br \/>\n\u200b<br \/>\n\u200b\u00bbNadie tiene derecho a amenazar con destrucci\u00f3n a una ciudad y menos a la capital. Nadie se toma Quito, eso no lo vamos a permitir\u00bb, expres\u00f3 Loffredo.<\/p>\n<p>08\/10\/2025 &#8211;\u00a008:08 &#8211; <strong>\u00bfQu\u00e9 dice la Conaie sobre el ataque al carro del Presidente?<\/strong><br \/>\nTras los incidentes en Ca\u00f1ar, la Conaie, la organizaci\u00f3n ind\u00edgena que convoc\u00f3 al paro, rechaz\u00f3 las acusaciones por intento de asesinato al presidente Daniel Noboa.<\/p>\n<p>\u00abRechazamos las acusaciones infundadas de magnicidio o intento de asesinato\u00bb, dijo la Conaie en un comunicado y pidi\u00f3 la liberaci\u00f3n de los cinco detenidos.<\/p>\n<p>Seg\u00fan la organizaci\u00f3n, entre los aprehendidos hay un adulto mayor, adem\u00e1s descart\u00f3 que los detenidos sean manifestantes o que estuvieron en las protestas de Ca\u00f1ar.<br \/>\n\u200b<br \/>\n\u200b\u00bbCuestionamos la actuaci\u00f3n de la seguridad presidencial: \u00bfno se evalu\u00f3 el riesgo de ingresar a una zona de movilizaci\u00f3n?\u00bb, agreg\u00f3 la Conaie en el comunicado.<\/p>\n<p>08\/10\/2025 &#8211;\u00a007:40 <strong>Fuerzas especiales de seguridad resguardar\u00e1n las v\u00edas<\/strong><br \/>\nEl ministro del Interior, John Reimberg, reiter\u00f3 que el Gobierno tilda como &#8216;terrorismo&#8217; el ataque hacia la caravana presidencial en Ca\u00f1ar.<br \/>\n\u200b<br \/>\n\u200b\u00bbSon actos que no los vamos a permitir\u00bb, dijo Reimberg en entrevista con el canal Ecuavisa, la ma\u00f1ana del mi\u00e9rcoles.<br \/>\n\u200b<br \/>\n\u200bEl Ministro agreg\u00f3 que la ley ecuatoriana proh\u00edbe el cierre de v\u00edas, y en ese sentido, inform\u00f3 que el Gobierno tiene un plan especial para evitar bloqueos de cara al feriado del 9 de octubre, que empieza el jueves.<br \/>\n\u200b<br \/>\n\u200b\u00bbTenemos fuerzas en todas las provincias para evitar que se impida el paso y se cierren las v\u00edas, para controlar que no haya una sorpresa del se\u00f1or (Marlon) Vargas\u00bb, a\u00f1adi\u00f3 Reimberg.<\/p>\n<p>Este plan del feriado del Gobierno incluye a polic\u00edas y militares.<\/p>\n<p>08\/10\/2025 &#8211; 07:38 <strong>Audiencia de los cinco detenidos por ataque a la caravana<\/strong><br \/>\nPara este 8 de octubre tambi\u00e9n se prev\u00e9 la audiencia de flagrancia contra los cinco detenidos durante la protesta en Ca\u00f1ar.<\/p>\n<p>El Gobierno denunci\u00f3 el hecho como un tentativa de asesinato contra el presidente Noboa, y la Secretar\u00eda de Comunicaci\u00f3n de la Presidencia se\u00f1al\u00f3 que el veh\u00edculo en el que iba Noboa \u00abest\u00e1 en an\u00e1lisis de Criminal\u00edstica\u00bb.<\/p>\n<p>Seg\u00fan indicaron organizaciones que defienden a los detenidos, la audiencia se desarrollar\u00e1 en Azogues.<br \/>\n\u200b<br \/>\n\u200bLos cuatro hombres y una mujer detenidos enfrentar\u00e1n cargos por presunto terrorismo y magnicidio.<\/p>\n<p><img decoding=\"async\" src=\"https:\/\/imagenes.primicias.ec\/files\/content_image_simple_414_238\/uploads\/2025\/10\/07\/68e585e74ca2a.jpeg\" alt=\"thumb\" \/><\/p>\n<p>08\/10\/2025 &#8211; 07:36 <strong>Presidente Daniel Noboa tiene agenda en Cuenca y Guayaquil<\/strong><br \/>\nEl centro de Cuenca amaneci\u00f3 con vallas este 8 de octubre, en los alrededores de la Gobernaci\u00f3n de Azuay.<br \/>\n\u200b<br \/>\n\u200bSe espera que este mi\u00e9rcoles, el presidente Daniel Noboa, quien se traslad\u00f3 hasta Cuenca luego del ataque a su caravana, cumpla una agenda en la ciudad.<br \/>\n\u200b<br \/>\nNoboa se reunir\u00eda con gremios, empresarios y tambi\u00e9n participar\u00e1 en la entrega de cr\u00e9ditos a agricultores.<\/p>\n<p>Por este motivo, la entidad responsable del tr\u00e1nsito en Cuenca dijo que habr\u00e1 varias v\u00edas cerradas en la ciudad, como:<\/p>\n<p>* Gran Colombia y Benigno Malo<\/p>\n<p>* Presidente Cordova y Benigno Malo<\/p>\n<p>* Bolivar y Borrero<\/p>\n<p>* Sucre y Padre Aguirre<\/p>\n<p>* Presidente Cordova y Luis Cordero<\/p>\n<p><img decoding=\"async\" src=\"https:\/\/imagenes.primicias.ec\/files\/content_image_simple_414_238\/uploads\/2025\/10\/08\/68e661afb2a5b.jpeg\" alt=\"thumb\" \/><br \/>\n\u200bLuego, Noboa se dirigir\u00e1 hacia Guayaquil donde estar\u00e1 en una feria por la Independencia de Guayaquil y en un evento del programa &#8216;J\u00f3venes en Acci\u00f3n&#8217;. <strong>Fuente: Primicias<\/strong><\/p>\n","protected":false},"excerpt":{"rendered":"<p>El paro de la Conaie en Ecuador vivi\u00f3 una jornada violenta el martes cuando manifestantes atacaron la caravana en la que se trasladaba\u00a0el presidente Daniel Noboa. Los detenidos por ese hecho se someten el mi\u00e9rcoles 8 de octubre de 2025 a su audiencia de flagrancia. En esa audiencia se deber\u00e1 resolver el delito por el que ser\u00e1n procesados, luego de que\u00a0la ministra de Ambiente y Energ\u00eda de Ecuador, In\u00e9s Manzano, presentara una denuncia en la Fiscal\u00eda por un presunto intento de asesinato contra Noboa, luego del ataque a la caravana presidencial. Estas son las v\u00edas cerradas y habilitadas en Ecuador un d\u00eda antes del feriado del 9 de octubre Este hecho dej\u00f3 cinco detenidos, y ocurri\u00f3 en el contexto del paro nacional convocado por la Conaie en rechazo al fin del subsidio del di\u00e9sel. 08\/10\/2025 &#8211; 13:37 &#8211;\u00a0Estados Unidos condena ataque al presidente Noboa A trav\u00e9s de un mensaje en su cuenta de X, la embajada de Estados Unidos en Ecuador conden\u00f3 el ataque contra la caravana presidencial, y las agresiones contra el mandatario Daniel Noboa. \u200b \u200b\u00bbEstamos con el Ecuador mientras las autoridades investigan y garantizan la rendici\u00f3n de cuentas, y nos oponemos a todas las formas de violencia pol\u00edtica\u00bb, indic\u00f3 el mensaje de la Embajada. Luego de los incidentes en Ca\u00f1ar, varios pa\u00edses de la regi\u00f3n se solidarizaron con el presidente de Ecuador, y uno de los comunicados m\u00e1s recientes fue el de Argentina. \u200b \u200b\u00bbLa Rep\u00fablica Argentina expresa su firme condena al atentado perpetrado el pasado 7 de octubre contra la comitiva del Presidente\u00bb, indic\u00f3 el comunicado de la Canciller\u00eda argentina. 08\/10\/2025 &#8211;\u00a013:28 &#8211; \u201cInfiltrados hicieron este ataque\u201d a la caravana, dice el Gobernador del Ca\u00f1ar Sobre el ataque a la caravana presidencial registrada Ca\u00f1ar, el gobernador de la provincia, Patricio Sarmiento, dijo que la noche anterior (lunes) tuvieron una alerta de una convocatoria para una manifestaci\u00f3n, pero hasta las 08:00 no ten\u00edan reportes de concentraciones. \u201cLuego (los manifestantes) se reunieron y salieron en marcha desde El Tambo hacia Ca\u00f1ar\u201d, indic\u00f3 Sarmiento. Seg\u00fan el Gobernador, \u201cinfiltrados hicieron este ataque cobarde\u201d y asegur\u00f3 que el caso est\u00e1 en manos de la Fiscal\u00eda. A las 12:30 del mi\u00e9rcoles se inici\u00f3 la audiencia de flagrancia de cinco detenidos, quienes ser\u00e1n procesados por ataque o resistencia. Funcionarios de la Gobernaci\u00f3n del Ca\u00f1ar informaron que en total seis veh\u00edculos terminaron con da\u00f1os provocados por piedras, palos y otros objetos. 08\/10\/2025 &#8211;\u00a012:11 &#8211;\u00a0Enfrentamientos en San Miguel del Com\u00fan, en Quito En la comuna San Miguel del Com\u00fan, se reportan nuevos incidentes la ma\u00f1ana de este mi\u00e9rcoles. Los comuneros salieron a cerrar la v\u00eda Panamericana, en el tramo de Quito-Guayllabamba, uno de los principales accesos a la capital. En la zona hab\u00eda una fuerte presencia policial. Los uniformados usaron gas lacrim\u00f3geno para dispersar a los manifestantes. Los habitantes de la zona reportaron que en lugar donde ocurren los incidentes se encuentran centros educativos. El Pueblo Kitu Kara denunci\u00f3 que la intervenci\u00f3n policial dej\u00f3\u00a0dos personas heridas, que fueron trasladadas a centros de salud. 08\/10\/2025 &#8211;\u00a011:56 &#8211;\u00a0\u00bfQu\u00e9 pas\u00f3 con los detenidos? Las autoridades no han dado informaci\u00f3n oficial sobre los cinco ciudadanos que fueron detenidos en Ca\u00f1ar el martes, en el contexto del ataque a la caravana presidencial. Solo se conoce informaci\u00f3n a trav\u00e9s de sus abogados. Inicialmente, se conoci\u00f3 que cinco detenidos habr\u00edan sido trasladados a Cuenca la noche del martes, seg\u00fan inform\u00f3 el abogado de algunos de ellos, Yaku P\u00e9rez. Pero, la ma\u00f1ana de este mi\u00e9rcoles, el equipo legal inform\u00f3 que \u00abni las familias ni la defensa han sido notificadas del paradero ni de la audiencia\u00bb. Seg\u00fan informaci\u00f3n extraoficial, se conoci\u00f3 que cuatro de los detenidos fueron llevados al cant\u00f3n El Tambo, por lo que el equipo legal de la Federaci\u00f3n de Campesinos del Azuay (FOA) se traslad\u00f3 hasta all\u00e1. Mientras que el abogado Jos\u00e9 Campoverde confirm\u00f3 que una de las detenidas se encuentra en Cuenca y est\u00e1 a la espera de la audiencia para la formulaci\u00f3n de cargos. 08\/10\/2025 &#8211;\u00a011:40 &#8211; Daniel Noboa se refiere a los hechos de Ca\u00f1ar Tras despachar desde la Gobernaci\u00f3n del Azuay, el presidente Daniel Noboa acudi\u00f3 a un evento realizado en el Cuartel D\u00e1valos de Cuenca, para la entrega de maquinaria a agricultores. Desde ese lugar, volvi\u00f3 a referirse a los hechos ocurridos un d\u00eda antes en Ca\u00f1ar. \u00abLos terroristas, los violentos y los v\u00e1ndalos ir\u00e1n a la c\u00e1rcel\u00bb, expres\u00f3 el primer mandatario. \u00abNosotros hemos estado abiertos al di\u00e1logo desde el d\u00eda uno\u00bb, a\u00f1adi\u00f3 Noboa. El primer mandatario tambi\u00e9n desminti\u00f3 mensajes, que, asegur\u00f3, se replican en redes sociales sobre un nuevo incremento al precio del di\u00e9sel, la supuesta eliminaci\u00f3n del subsidio al gas.\u00a0\u201c\u00bfCu\u00e1l es la mentira m\u00e1s grande? Venir a decir que nosotros mentimos\u2026\u00bb, dijo. 08\/10\/2025 &#8211; 09:01 Manifestantes intentaron atacar a Noboa, dice ministro Loffredo \u00abEl nivel de agresi\u00f3n con el que se atac\u00f3 la caravana (presidencial) denota que esto fue un claro intento de asesinato y un acto de terrorismo\u00bb, contra el mandatario Daniel Noboa, reiter\u00f3 este 8 de octubre el ministro de Defensa, Gian Carlo Loffredo, en entrevista con el canal Teleamazonas. \u200b \u200bEl Ministro dijo que si la Conaie sabe que los autores del ataque a la caravana son infiltrados, deber\u00eda entregarlos a la justicia. \u200b \u200b\u00bbClaramente tenemos l\u00edderes que calientan calles (&#8230;) pero sin son infiltrados por qu\u00e9 no los detienen\u00bb, a\u00f1adi\u00f3 Loffredo. \u200b \u200bTras las declaraciones de la Conaie, sobre un posible ingreso de manifestantes a Quito, el ministro Loffredo indic\u00f3 que el Gobierno &#8216;proteger\u00e1 a la capital&#8217;. \u200b \u200b\u00bbNadie tiene derecho a amenazar con destrucci\u00f3n a una ciudad y menos a la capital. Nadie se toma Quito, eso no lo vamos a permitir\u00bb, expres\u00f3 Loffredo. 08\/10\/2025 &#8211;\u00a008:08 &#8211; \u00bfQu\u00e9 dice la Conaie sobre el ataque al carro del Presidente? Tras los incidentes en Ca\u00f1ar, la Conaie, la organizaci\u00f3n ind\u00edgena que convoc\u00f3 al paro, rechaz\u00f3 las acusaciones por intento de asesinato al presidente Daniel Noboa. \u00abRechazamos las acusaciones infundadas de magnicidio o intento de asesinato\u00bb, dijo la Conaie en un comunicado y pidi\u00f3 la liberaci\u00f3n de los cinco detenidos. Seg\u00fan<\/p>\n","protected":false},"author":1,"featured_media":26906,"comment_status":"closed","ping_status":"closed","sticky":false,"template":"","format":"standard","meta":{"footnotes":""},"categories":[268],"tags":[],"class_list":["post-26904","post","type-post","status-publish","format-standard","has-post-thumbnail","hentry","category-nacionales"],"_links":{"self":[{"href":"https:\/\/www.elamazonico.com\/portal\/wp-json\/wp\/v2\/posts\/26904","targetHints":{"allow":["GET"]}}],"collection":[{"href":"https:\/\/www.elamazonico.com\/portal\/wp-json\/wp\/v2\/posts"}],"about":[{"href":"https:\/\/www.elamazonico.com\/portal\/wp-json\/wp\/v2\/types\/post"}],"author":[{"embeddable":true,"href":"https:\/\/www.elamazonico.com\/portal\/wp-json\/wp\/v2\/users\/1"}],"replies":[{"embeddable":true,"href":"https:\/\/www.elamazonico.com\/portal\/wp-json\/wp\/v2\/comments?post=26904"}],"version-history":[{"count":1,"href":"https:\/\/www.elamazonico.com\/portal\/wp-json\/wp\/v2\/posts\/26904\/revisions"}],"predecessor-version":[{"id":26907,"href":"https:\/\/www.elamazonico.com\/portal\/wp-json\/wp\/v2\/posts\/26904\/revisions\/26907"}],"wp:featuredmedia":[{"embeddable":true,"href":"https:\/\/www.elamazonico.com\/portal\/wp-json\/wp\/v2\/media\/26906"}],"wp:attachment":[{"href":"https:\/\/www.elamazonico.com\/portal\/wp-json\/wp\/v2\/media?parent=26904"}],"wp:term":[{"taxonomy":"category","embeddable":true,"href":"https:\/\/www.elamazonico.com\/portal\/wp-json\/wp\/v2\/categories?post=26904"},{"taxonomy":"post_tag","embeddable":true,"href":"https:\/\/www.elamazonico.com\/portal\/wp-json\/wp\/v2\/tags?post=26904"}],"curies":[{"name":"wp","href":"https:\/\/api.w.org\/{rel}","templated":true}]}}