{"id":26900,"date":"2025-10-08T12:08:43","date_gmt":"2025-10-08T17:08:43","guid":{"rendered":"https:\/\/www.elamazonico.com\/portal\/?p=26900"},"modified":"2025-10-08T12:08:43","modified_gmt":"2025-10-08T17:08:43","slug":"gobierno-investiga-posibles-fallas-de-la-seguridad-presidencial-tras-ataque-a-daniel-noboa","status":"publish","type":"post","link":"https:\/\/www.elamazonico.com\/portal\/gobierno-investiga-posibles-fallas-de-la-seguridad-presidencial-tras-ataque-a-daniel-noboa\/","title":{"rendered":"Gobierno investiga posibles fallas de la seguridad presidencial tras ataque a Daniel Noboa"},"content":{"rendered":"<div class=\"paragraph texto\">\n<p class=\"p_0\">El Gobierno abri\u00f3 una investigaci\u00f3n para determinar si hubo fallas en el equipo de\u00a0<b>protecci\u00f3n presidencial<\/b>, luego del presunto intento de\u00a0<b>asesinato\u00a0<\/b>al presidente\u00a0<b><a href=\"https:\/\/www.vistazo.com\/actualidad\/nacional\/2025-07-10-ines-manzano-denuncia-tentativa-asesinato-daniel-noboa-atentado-tambo-JG10250393\" target=\"_blank\" rel=\"noopener noreferrer\">Daniel Noboa<\/a><\/b>, ocurrido este mi\u00e9rcoles 8 de octubre en la provincia de Ca\u00f1ar.<\/p>\n<p class=\"p_2\">El ministro del Interior,\u00a0<b>John Reimberg<\/b>, confirm\u00f3 que se revisar\u00e1n las\u00a0<b>medidas\u00a0<\/b>de\u00a0<b>seguridad\u00a0<\/b>implementadas durante el paso del mandatario por la zona. \u201c<u>La Casa Militar tendr\u00e1 que mostrar cu\u00e1l era la seguridad que hab\u00eda para que el presidente pase<\/u>\u201d, se\u00f1al\u00f3.<\/p>\n<p class=\"p_3\">Reimberg explic\u00f3 que la indagaci\u00f3n permitir\u00e1 esclarecer si existi\u00f3 alg\u00fan acto de negligencia o irresponsabilidad.<\/p>\n<p class=\"p_4\">\u201cEsto no debe tomar mucho tiempo, porque los carros (de la caravana) tienen\u00a0<b>c\u00e1maras\u00a0<\/b>y se pueden revisar los videos\u00bb, precis\u00f3.<\/p>\n<p class=\"p_5\">El ministro acot\u00f3 que, el presidente Noboa sigue recorriendo el pa\u00eds \u201csin que nadie lo pueda detener\u201d.<\/p>\n<p class=\"p_6\">Desde la Secretar\u00eda de Comunicaci\u00f3n tambi\u00e9n se inform\u00f3 que el veh\u00edculo en el que se trasladaba el presidente est\u00e1 siendo sometido a pericias de\u00a0<b>Criminal\u00edstica<\/b>.<\/p>\n<p class=\"p_7\">Por su parte, la ministra de Ambiente y Energ\u00eda,\u00a0<b>In\u00e9s Manzano<\/b>, denunci\u00f3 que el mandatario se dirig\u00eda a un evento en el municipio de El Tambo cuando \u201caparecieron unas 500 personas\u201d que lanzaron piedras contra la caravana. \u201cTambi\u00e9n hay signos de bala en el carro del presidente\u201d, asegur\u00f3.<\/p>\n<p class=\"p_8\">En\u00a0<b>videos\u00a0<\/b>difundidos en redes sociales se observa el momento en que los\u00a0<b>manifestantes\u00a0<\/b>arrojan objetos contra la comitiva presidencial. Pese al ataque, el presidente Noboa result\u00f3 ileso y asisti\u00f3 al acto oficial programado en\u00a0<b>Ca\u00f1ar<\/b>.<\/p>\n<\/div>\n<h2 class=\"h2vistazo\">Paro nacional cumple 17 d\u00edas<\/h2>\n<div class=\"paragraph texto\">\n<p class=\"p_10\">En el marco del\u00a0<b>paro nacional<\/b>\u00a0que este mi\u00e9rcoles cumple diecisiete d\u00edas, el ministro del Interior, John Reimberg, se pronunci\u00f3 sobre los cierres de v\u00edas por parte de manifestantes y las amenazas de tomarse Quito.<\/p>\n<p class=\"p_11\">En el caso de\u00a0<b>Imbabura<\/b>, se\u00f1al\u00f3 que la situaci\u00f3n \u201c<b>se ha radicalizado<\/b>\u201d, pues no se ha permitido el paso de veh\u00edculos con ayuda humanitaria ni con ox\u00edgeno destinado a hospitales. Reimberg cuestion\u00f3 adem\u00e1s la ausencia de las autoridades locales. \u201c<u>Imagino que el alcalde y el prefecto est\u00e1n sumados a estas paralizaciones<\/u>\u201d, dijo.<\/p>\n<p class=\"p_12\">Adem\u00e1s, el ministro asegur\u00f3 que el Gobierno ha enviado un mensaje firme a\u00a0<b>Marlon Vargas<\/b>, presidente de la\u00a0<b>Conaie<\/b>. \u201cNo vamos a permitir que se tomen\u00a0<b>Quito\u00a0<\/b>ni que haya actos de violencia, no solo en la capital, sino en todo el pa\u00eds. No vamos a permitir que sigan caotizando al Ecuador\u201d, enfatiz\u00f3.<\/p>\n<p class=\"p_13\">Por \u00faltimo, indic\u00f3 que durante el\u00a0<b>feriado\u00a0<\/b>del\u00a0<b>9 de Octubre<\/b> se garantizar\u00e1 la circulaci\u00f3n vehicular en todo el territorio, a fin de que los ciudadanos puedan movilizarse y disfrutar de las festividades con tranquilidad. <strong>Fuente: Vistazo<\/strong><\/p>\n<\/div>\n","protected":false},"excerpt":{"rendered":"<p>El Gobierno abri\u00f3 una investigaci\u00f3n para determinar si hubo fallas en el equipo de\u00a0protecci\u00f3n presidencial, luego del presunto intento de\u00a0asesinato\u00a0al presidente\u00a0Daniel Noboa, ocurrido este mi\u00e9rcoles 8 de octubre en la provincia de Ca\u00f1ar. El ministro del Interior,\u00a0John Reimberg, confirm\u00f3 que se revisar\u00e1n las\u00a0medidas\u00a0de\u00a0seguridad\u00a0implementadas durante el paso del mandatario por la zona. \u201cLa Casa Militar tendr\u00e1 que mostrar cu\u00e1l era la seguridad que hab\u00eda para que el presidente pase\u201d, se\u00f1al\u00f3. Reimberg explic\u00f3 que la indagaci\u00f3n permitir\u00e1 esclarecer si existi\u00f3 alg\u00fan acto de negligencia o irresponsabilidad. \u201cEsto no debe tomar mucho tiempo, porque los carros (de la caravana) tienen\u00a0c\u00e1maras\u00a0y se pueden revisar los videos\u00bb, precis\u00f3. El ministro acot\u00f3 que, el presidente Noboa sigue recorriendo el pa\u00eds \u201csin que nadie lo pueda detener\u201d. Desde la Secretar\u00eda de Comunicaci\u00f3n tambi\u00e9n se inform\u00f3 que el veh\u00edculo en el que se trasladaba el presidente est\u00e1 siendo sometido a pericias de\u00a0Criminal\u00edstica. Por su parte, la ministra de Ambiente y Energ\u00eda,\u00a0In\u00e9s Manzano, denunci\u00f3 que el mandatario se dirig\u00eda a un evento en el municipio de El Tambo cuando \u201caparecieron unas 500 personas\u201d que lanzaron piedras contra la caravana. \u201cTambi\u00e9n hay signos de bala en el carro del presidente\u201d, asegur\u00f3. En\u00a0videos\u00a0difundidos en redes sociales se observa el momento en que los\u00a0manifestantes\u00a0arrojan objetos contra la comitiva presidencial. Pese al ataque, el presidente Noboa result\u00f3 ileso y asisti\u00f3 al acto oficial programado en\u00a0Ca\u00f1ar. Paro nacional cumple 17 d\u00edas En el marco del\u00a0paro nacional\u00a0que este mi\u00e9rcoles cumple diecisiete d\u00edas, el ministro del Interior, John Reimberg, se pronunci\u00f3 sobre los cierres de v\u00edas por parte de manifestantes y las amenazas de tomarse Quito. En el caso de\u00a0Imbabura, se\u00f1al\u00f3 que la situaci\u00f3n \u201cse ha radicalizado\u201d, pues no se ha permitido el paso de veh\u00edculos con ayuda humanitaria ni con ox\u00edgeno destinado a hospitales. Reimberg cuestion\u00f3 adem\u00e1s la ausencia de las autoridades locales. \u201cImagino que el alcalde y el prefecto est\u00e1n sumados a estas paralizaciones\u201d, dijo. Adem\u00e1s, el ministro asegur\u00f3 que el Gobierno ha enviado un mensaje firme a\u00a0Marlon Vargas, presidente de la\u00a0Conaie. \u201cNo vamos a permitir que se tomen\u00a0Quito\u00a0ni que haya actos de violencia, no solo en la capital, sino en todo el pa\u00eds. No vamos a permitir que sigan caotizando al Ecuador\u201d, enfatiz\u00f3. Por \u00faltimo, indic\u00f3 que durante el\u00a0feriado\u00a0del\u00a09 de Octubre se garantizar\u00e1 la circulaci\u00f3n vehicular en todo el territorio, a fin de que los ciudadanos puedan movilizarse y disfrutar de las festividades con tranquilidad. Fuente: Vistazo<\/p>\n","protected":false},"author":1,"featured_media":26901,"comment_status":"closed","ping_status":"closed","sticky":false,"template":"","format":"standard","meta":{"footnotes":""},"categories":[268],"tags":[],"class_list":["post-26900","post","type-post","status-publish","format-standard","has-post-thumbnail","hentry","category-nacionales"],"_links":{"self":[{"href":"https:\/\/www.elamazonico.com\/portal\/wp-json\/wp\/v2\/posts\/26900","targetHints":{"allow":["GET"]}}],"collection":[{"href":"https:\/\/www.elamazonico.com\/portal\/wp-json\/wp\/v2\/posts"}],"about":[{"href":"https:\/\/www.elamazonico.com\/portal\/wp-json\/wp\/v2\/types\/post"}],"author":[{"embeddable":true,"href":"https:\/\/www.elamazonico.com\/portal\/wp-json\/wp\/v2\/users\/1"}],"replies":[{"embeddable":true,"href":"https:\/\/www.elamazonico.com\/portal\/wp-json\/wp\/v2\/comments?post=26900"}],"version-history":[{"count":1,"href":"https:\/\/www.elamazonico.com\/portal\/wp-json\/wp\/v2\/posts\/26900\/revisions"}],"predecessor-version":[{"id":26902,"href":"https:\/\/www.elamazonico.com\/portal\/wp-json\/wp\/v2\/posts\/26900\/revisions\/26902"}],"wp:featuredmedia":[{"embeddable":true,"href":"https:\/\/www.elamazonico.com\/portal\/wp-json\/wp\/v2\/media\/26901"}],"wp:attachment":[{"href":"https:\/\/www.elamazonico.com\/portal\/wp-json\/wp\/v2\/media?parent=26900"}],"wp:term":[{"taxonomy":"category","embeddable":true,"href":"https:\/\/www.elamazonico.com\/portal\/wp-json\/wp\/v2\/categories?post=26900"},{"taxonomy":"post_tag","embeddable":true,"href":"https:\/\/www.elamazonico.com\/portal\/wp-json\/wp\/v2\/tags?post=26900"}],"curies":[{"name":"wp","href":"https:\/\/api.w.org\/{rel}","templated":true}]}}