{"id":26893,"date":"2025-10-08T07:15:20","date_gmt":"2025-10-08T12:15:20","guid":{"rendered":"https:\/\/www.elamazonico.com\/portal\/?p=26893"},"modified":"2025-10-08T07:15:20","modified_gmt":"2025-10-08T12:15:20","slug":"perdida-de-estabilidad-provoca-volcamiento-de-camion-en-el-calvario-autoridades-atienden-la-emergencia","status":"publish","type":"post","link":"https:\/\/www.elamazonico.com\/portal\/perdida-de-estabilidad-provoca-volcamiento-de-camion-en-el-calvario-autoridades-atienden-la-emergencia\/","title":{"rendered":"P\u00e9rdida de estabilidad provoca volcamiento de cami\u00f3n en El Calvario: autoridades atienden la emergencia"},"content":{"rendered":"<p data-start=\"116\" data-end=\"262\">La ma\u00f1ana de este mi\u00e9rcoles se registr\u00f3 un <strong data-start=\"159\" data-end=\"184\">accidente de tr\u00e1nsito<\/strong> en la v\u00eda <strong data-start=\"195\" data-end=\"212\">Loja \u2013 Zamora<\/strong>, a pocos kil\u00f3metros del sector <strong data-start=\"244\" data-end=\"259\">El Calvario<\/strong>.<\/p>\n<p data-start=\"264\" data-end=\"596\">De acuerdo con informaci\u00f3n preliminar, un <strong data-start=\"306\" data-end=\"332\">cami\u00f3n de carga pesada<\/strong>, que presuntamente transportaba <strong data-start=\"365\" data-end=\"390\">material de reciclaje<\/strong>, <strong data-start=\"392\" data-end=\"425\">perdi\u00f3 estabilidad y se volc\u00f3<\/strong> a un costado de la carretera. Como resultado, los bultos con el material quedaron esparcidos sobre la calzada, generando una obstrucci\u00f3n parcial del tr\u00e1nsito vehicular.<\/p>\n<p data-start=\"598\" data-end=\"758\">Hasta el momento, <strong data-start=\"616\" data-end=\"657\">no se han reportado v\u00edctimas mortales<\/strong>, aunque se realizan las investigaciones correspondientes para determinar las causas del siniestro.<\/p>\n<p data-start=\"760\" data-end=\"955\">Las autoridades competentes y los equipos de emergencia se encuentran en el lugar <strong data-start=\"842\" data-end=\"903\">coordinando las labores de limpieza y retiro del veh\u00edculo<\/strong>, con el fin de restablecer la normal circulaci\u00f3n.<\/p>\n<p data-start=\"957\" data-end=\"1111\">Se recomienda a los conductores <strong data-start=\"989\" data-end=\"1016\">circular con precauci\u00f3n<\/strong> y respetar las se\u00f1ales de tr\u00e1nsito mientras se desarrollan las tareas operativas en la zona.<\/p>\n","protected":false},"excerpt":{"rendered":"<p>La ma\u00f1ana de este mi\u00e9rcoles se registr\u00f3 un accidente de tr\u00e1nsito en la v\u00eda Loja \u2013 Zamora, a pocos kil\u00f3metros del sector El Calvario. De acuerdo con informaci\u00f3n preliminar, un cami\u00f3n de carga pesada, que presuntamente transportaba material de reciclaje, perdi\u00f3 estabilidad y se volc\u00f3 a un costado de la carretera. Como resultado, los bultos con el material quedaron esparcidos sobre la calzada, generando una obstrucci\u00f3n parcial del tr\u00e1nsito vehicular. Hasta el momento, no se han reportado v\u00edctimas mortales, aunque se realizan las investigaciones correspondientes para determinar las causas del siniestro. Las autoridades competentes y los equipos de emergencia se encuentran en el lugar coordinando las labores de limpieza y retiro del veh\u00edculo, con el fin de restablecer la normal circulaci\u00f3n. Se recomienda a los conductores circular con precauci\u00f3n y respetar las se\u00f1ales de tr\u00e1nsito mientras se desarrollan las tareas operativas en la zona.<\/p>\n","protected":false},"author":1,"featured_media":26894,"comment_status":"closed","ping_status":"closed","sticky":false,"template":"","format":"standard","meta":{"footnotes":""},"categories":[243],"tags":[],"class_list":["post-26893","post","type-post","status-publish","format-standard","has-post-thumbnail","hentry","category-noticias-zamora"],"_links":{"self":[{"href":"https:\/\/www.elamazonico.com\/portal\/wp-json\/wp\/v2\/posts\/26893","targetHints":{"allow":["GET"]}}],"collection":[{"href":"https:\/\/www.elamazonico.com\/portal\/wp-json\/wp\/v2\/posts"}],"about":[{"href":"https:\/\/www.elamazonico.com\/portal\/wp-json\/wp\/v2\/types\/post"}],"author":[{"embeddable":true,"href":"https:\/\/www.elamazonico.com\/portal\/wp-json\/wp\/v2\/users\/1"}],"replies":[{"embeddable":true,"href":"https:\/\/www.elamazonico.com\/portal\/wp-json\/wp\/v2\/comments?post=26893"}],"version-history":[{"count":1,"href":"https:\/\/www.elamazonico.com\/portal\/wp-json\/wp\/v2\/posts\/26893\/revisions"}],"predecessor-version":[{"id":26895,"href":"https:\/\/www.elamazonico.com\/portal\/wp-json\/wp\/v2\/posts\/26893\/revisions\/26895"}],"wp:featuredmedia":[{"embeddable":true,"href":"https:\/\/www.elamazonico.com\/portal\/wp-json\/wp\/v2\/media\/26894"}],"wp:attachment":[{"href":"https:\/\/www.elamazonico.com\/portal\/wp-json\/wp\/v2\/media?parent=26893"}],"wp:term":[{"taxonomy":"category","embeddable":true,"href":"https:\/\/www.elamazonico.com\/portal\/wp-json\/wp\/v2\/categories?post=26893"},{"taxonomy":"post_tag","embeddable":true,"href":"https:\/\/www.elamazonico.com\/portal\/wp-json\/wp\/v2\/tags?post=26893"}],"curies":[{"name":"wp","href":"https:\/\/api.w.org\/{rel}","templated":true}]}}