{"id":26890,"date":"2025-10-07T22:46:13","date_gmt":"2025-10-08T03:46:13","guid":{"rendered":"https:\/\/www.elamazonico.com\/portal\/?p=26890"},"modified":"2025-10-07T22:46:13","modified_gmt":"2025-10-08T03:46:13","slug":"leonidas-iza-reaparece-liderando-manifestacion-y-pide-a-daniel-noboa-que-de-un-paso-al-costado","status":"publish","type":"post","link":"https:\/\/www.elamazonico.com\/portal\/leonidas-iza-reaparece-liderando-manifestacion-y-pide-a-daniel-noboa-que-de-un-paso-al-costado\/","title":{"rendered":"Leonidas Iza reaparece liderando manifestaci\u00f3n y pide a Daniel Noboa que &#8216;d\u00e9 un paso al costado&#8217;"},"content":{"rendered":"<div class=\"paragraph texto\">\n<p class=\"p_0\"><b>El expresidente de la Confederaci\u00f3n de Nacionalidades Ind\u00edgenas del Ecuador (Conaie),\u00a0<a href=\"https:\/\/www.vistazo.com\/cronologia\/-\/meta\/leonidas-iza\">Leonidas Iza<\/a>, reapareci\u00f3 p\u00fablicamente al liderar una caravana de manifestantes que parti\u00f3 desde Toacaso, en Cotopaxi, y fue bloqueada en su intento de ingresar a Latacunga.<\/b><\/p>\n<p class=\"p_2\">Frente a decenas de ciudadanos convocados por la organizaci\u00f3n para protestar en contra de la eliminaci\u00f3n del subsidio al di\u00e9sel, en el marco de una denominada paralizaci\u00f3n nacional que comenz\u00f3 el 22 de septiembre,<b>\u00a0el dirigente ind\u00edgena rechaz\u00f3 las acusaciones de terrorismo que el Gobierno de Daniel Noboa ha dirigido en contra de l\u00edderes de las manifestaciones.<\/b><\/p>\n<p class=\"p_3\">\u00abPresidente (Daniel Noboa), el \u00fanico qu<b>e infunde terror, violencia<\/b> y miedo para imponer intereses pol\u00edticos e ideol\u00f3gicos es usted\u00bb, declar\u00f3 Iza a medios locales, exhortando al primer mandatario a ceder a las exigencias del movimiento ind\u00edgena.<\/p>\n<\/div>\n<div class=\"Citavistazo\">\u00abNoboa, d\u00e9 un paso al costado, para que alguien que pueda entender al Ecuador realmente pueda dirigir\u00bb, exclam\u00f3.<\/div>\n<div class=\"paragraph texto\">\n<p class=\"p_4\">Las\u00a0<b>jornadas de protestas convocadas por la CONAI<\/b>E, que han desembocado en decenas de cierres viales \u2014principalmente en la provincia de Imbabura\u2014, m\u00e1s de un centenar de detenidos y la muerte de un comunero kichwa identificado como Efra\u00edn Fuerez,\u00a0<b>se mantendr\u00e1n de forma \u00abindefinida\u00bb<\/b>, seg\u00fan refiri\u00f3 el presidente de la organizaci\u00f3n, Marlon Vargas.<\/p>\n<p class=\"p_5\">El movimiento ind\u00edgena exige que el Ejecutivo\u00a0<b>derogue el decreto con el que se puso fin a la subvenci\u00f3n estatal.<\/b>\u00a0Por su parte, el Gobierno ha expresado que la medida fue tomada para reducir el gasto p\u00fablico, puesto que la carga anual de mantener la subvenci\u00f3n superaba los USD 1.100 millones, y afirmado que no ceder\u00e1 ante el pedido.<\/p>\n<p class=\"p_6\">Aparte de la reimplementaci\u00f3n del subsidio, la CONAIE tambi\u00e9n pone como condici\u00f3n que el<b>\u00a0Impuesto al Valor Agregado (IVA)<\/b>\u00a0vuelva al porcentaje en el que se encontraba fijado cuando Noboa lleg\u00f3 a al Presidencia, es decir, que se reduzca de 15% a 12%.<\/p>\n<\/div>\n<h2 class=\"h2vistazo\">Denuncias de terrorismo<\/h2>\n<div class=\"paragraph texto\">\n<p class=\"p_7\">Iza reapareci\u00f3 un d\u00eda despu\u00e9s de que los asamble\u00edstas del partido Acci\u00f3n Democr\u00e1tica Nacional (ADN) solicitaron a la Fiscal\u00eda que\u00a0<b>investigue a Vargas por presunto terrorismo<\/b>, tras sus declaraciones en las que advirti\u00f3 sobre la posibilidad de \u201ctomar\u201d Quito si el Gobierno no atiende sus demandas.<\/p>\n<p class=\"p_8\"><b>El titular de la CONAIE lanz\u00f3 esta advertencia el pasado viernes<\/b>\u00a0durante un encuentro con sus seguidores, se\u00f1alando que las protestas podr\u00edan<b>\u00a0intensificarse hasta alcanzar la capital ecuatoriana.<\/b><\/p>\n<p class=\"p_10\"><b>\u201cNo podemos permitir que esta situaci\u00f3n se repita\u201d<\/b>, afirm\u00f3 Mishel Mancheno, jefa de la bancada de ADN en la Asamblea Nacional, al salir del Ministerio P\u00fablico. A\u00f1adi\u00f3 que Vargas parece olvidar las paralizaciones de\u00a0<b>2019 y 2022<\/b>, cuando Quito fue escenario de violencia y edificios incendiados durante movilizaciones similares. <strong>Fuente: Vistazo<\/strong><\/p>\n<\/div>\n","protected":false},"excerpt":{"rendered":"<p>El expresidente de la Confederaci\u00f3n de Nacionalidades Ind\u00edgenas del Ecuador (Conaie),\u00a0Leonidas Iza, reapareci\u00f3 p\u00fablicamente al liderar una caravana de manifestantes que parti\u00f3 desde Toacaso, en Cotopaxi, y fue bloqueada en su intento de ingresar a Latacunga. Frente a decenas de ciudadanos convocados por la organizaci\u00f3n para protestar en contra de la eliminaci\u00f3n del subsidio al di\u00e9sel, en el marco de una denominada paralizaci\u00f3n nacional que comenz\u00f3 el 22 de septiembre,\u00a0el dirigente ind\u00edgena rechaz\u00f3 las acusaciones de terrorismo que el Gobierno de Daniel Noboa ha dirigido en contra de l\u00edderes de las manifestaciones. \u00abPresidente (Daniel Noboa), el \u00fanico que infunde terror, violencia y miedo para imponer intereses pol\u00edticos e ideol\u00f3gicos es usted\u00bb, declar\u00f3 Iza a medios locales, exhortando al primer mandatario a ceder a las exigencias del movimiento ind\u00edgena. \u00abNoboa, d\u00e9 un paso al costado, para que alguien que pueda entender al Ecuador realmente pueda dirigir\u00bb, exclam\u00f3. Las\u00a0jornadas de protestas convocadas por la CONAIE, que han desembocado en decenas de cierres viales \u2014principalmente en la provincia de Imbabura\u2014, m\u00e1s de un centenar de detenidos y la muerte de un comunero kichwa identificado como Efra\u00edn Fuerez,\u00a0se mantendr\u00e1n de forma \u00abindefinida\u00bb, seg\u00fan refiri\u00f3 el presidente de la organizaci\u00f3n, Marlon Vargas. El movimiento ind\u00edgena exige que el Ejecutivo\u00a0derogue el decreto con el que se puso fin a la subvenci\u00f3n estatal.\u00a0Por su parte, el Gobierno ha expresado que la medida fue tomada para reducir el gasto p\u00fablico, puesto que la carga anual de mantener la subvenci\u00f3n superaba los USD 1.100 millones, y afirmado que no ceder\u00e1 ante el pedido. Aparte de la reimplementaci\u00f3n del subsidio, la CONAIE tambi\u00e9n pone como condici\u00f3n que el\u00a0Impuesto al Valor Agregado (IVA)\u00a0vuelva al porcentaje en el que se encontraba fijado cuando Noboa lleg\u00f3 a al Presidencia, es decir, que se reduzca de 15% a 12%. Denuncias de terrorismo Iza reapareci\u00f3 un d\u00eda despu\u00e9s de que los asamble\u00edstas del partido Acci\u00f3n Democr\u00e1tica Nacional (ADN) solicitaron a la Fiscal\u00eda que\u00a0investigue a Vargas por presunto terrorismo, tras sus declaraciones en las que advirti\u00f3 sobre la posibilidad de \u201ctomar\u201d Quito si el Gobierno no atiende sus demandas. El titular de la CONAIE lanz\u00f3 esta advertencia el pasado viernes\u00a0durante un encuentro con sus seguidores, se\u00f1alando que las protestas podr\u00edan\u00a0intensificarse hasta alcanzar la capital ecuatoriana. \u201cNo podemos permitir que esta situaci\u00f3n se repita\u201d, afirm\u00f3 Mishel Mancheno, jefa de la bancada de ADN en la Asamblea Nacional, al salir del Ministerio P\u00fablico. A\u00f1adi\u00f3 que Vargas parece olvidar las paralizaciones de\u00a02019 y 2022, cuando Quito fue escenario de violencia y edificios incendiados durante movilizaciones similares. Fuente: Vistazo<\/p>\n","protected":false},"author":1,"featured_media":26891,"comment_status":"closed","ping_status":"closed","sticky":false,"template":"","format":"standard","meta":{"footnotes":""},"categories":[268],"tags":[],"class_list":["post-26890","post","type-post","status-publish","format-standard","has-post-thumbnail","hentry","category-nacionales"],"_links":{"self":[{"href":"https:\/\/www.elamazonico.com\/portal\/wp-json\/wp\/v2\/posts\/26890","targetHints":{"allow":["GET"]}}],"collection":[{"href":"https:\/\/www.elamazonico.com\/portal\/wp-json\/wp\/v2\/posts"}],"about":[{"href":"https:\/\/www.elamazonico.com\/portal\/wp-json\/wp\/v2\/types\/post"}],"author":[{"embeddable":true,"href":"https:\/\/www.elamazonico.com\/portal\/wp-json\/wp\/v2\/users\/1"}],"replies":[{"embeddable":true,"href":"https:\/\/www.elamazonico.com\/portal\/wp-json\/wp\/v2\/comments?post=26890"}],"version-history":[{"count":1,"href":"https:\/\/www.elamazonico.com\/portal\/wp-json\/wp\/v2\/posts\/26890\/revisions"}],"predecessor-version":[{"id":26892,"href":"https:\/\/www.elamazonico.com\/portal\/wp-json\/wp\/v2\/posts\/26890\/revisions\/26892"}],"wp:featuredmedia":[{"embeddable":true,"href":"https:\/\/www.elamazonico.com\/portal\/wp-json\/wp\/v2\/media\/26891"}],"wp:attachment":[{"href":"https:\/\/www.elamazonico.com\/portal\/wp-json\/wp\/v2\/media?parent=26890"}],"wp:term":[{"taxonomy":"category","embeddable":true,"href":"https:\/\/www.elamazonico.com\/portal\/wp-json\/wp\/v2\/categories?post=26890"},{"taxonomy":"post_tag","embeddable":true,"href":"https:\/\/www.elamazonico.com\/portal\/wp-json\/wp\/v2\/tags?post=26890"}],"curies":[{"name":"wp","href":"https:\/\/api.w.org\/{rel}","templated":true}]}}