{"id":26887,"date":"2025-10-07T22:44:51","date_gmt":"2025-10-08T03:44:51","guid":{"rendered":"https:\/\/www.elamazonico.com\/portal\/?p=26887"},"modified":"2025-10-07T22:44:51","modified_gmt":"2025-10-08T03:44:51","slug":"ministro-del-interior-confirma-arresto-de-cinco-sospechosos-por-ataque-a-una-caravana-encabezada-por-daniel-noboa-en-tambo","status":"publish","type":"post","link":"https:\/\/www.elamazonico.com\/portal\/ministro-del-interior-confirma-arresto-de-cinco-sospechosos-por-ataque-a-una-caravana-encabezada-por-daniel-noboa-en-tambo\/","title":{"rendered":"Ministro del Interior confirma arresto de cinco sospechosos por ataque a una caravana encabezada por Daniel Noboa en Tambo"},"content":{"rendered":"<div class=\"paragraph texto\">\n<p class=\"p_0\"><b>El ministro del Interior, John Reimberg, anunci\u00f3 que la Polic\u00eda detuvo a los \u00abprimeros cinco responsables\u00bb del ataque contra una caravana encabezada por el presidente de Ecuador,\u00a0<a href=\"https:\/\/www.vistazo.com\/cronologia\/-\/meta\/daniel-noboa\">Daniel Noboa<\/a>, perpetrado este martes en el cant\u00f3n Tambo, en la provincia de Ca\u00f1ar.<\/b><\/p>\n<p class=\"p_2\">Horas antes, la ministra de Ambiente y Energ\u00eda,\u00a0<b>In\u00e9s Manzano<\/b>, anunci\u00f3 que present\u00f3 una demanda en la la Fiscal\u00eda General del Estado por<b>\u00a0tentativa de asesinato\u00a0<\/b>al mandatario, asegurando que cerca d<b>e 500 personas\u00a0<\/b>estuvieron involucradas en el acto, lanzando piedras. Algunas incluso habr\u00edan<b>\u00a0disparado armas de fuego.<\/b><\/p>\n<p class=\"p_3\"><b>Noboa sali\u00f3 ileso del episodio<\/b>, que marc\u00f3 el d\u00e9cimo sexto d\u00eda de movilizaciones convocadas por la Confederaci\u00f3n de Nacionalidades Ind\u00edgenas del Ecuador (<b>CONAIE<\/b>) en contra de la eliminaci\u00f3n del subsidio del di\u00e9sel. Posteriormente, el jefe de Estado encabez\u00f3 la entrega de una obra de alcantarillado.<\/p>\n<\/div>\n<div class=\"multimediaMacroWrapper img lateral\">\n<figure class=\"contentMedia art-img\">\n<div><img fetchpriority=\"high\" decoding=\"async\" class=\" lazyloaded\" title=\"Fotograf\u00eda de Noboa junto a uno de los veh\u00edculos que recibieron impactos de bala durante el viaje por Ca\u00f1ar.\" src=\"https:\/\/www.vistazo.com\/placeholder\/svg\/viewbox\/768x512\" sizes=\"100vw\" srcset=\"\/\/www.vistazo.com\/binrepository\/768x512\/0c0\/0d0\/none\/12727\/NPIJ\/g2rzpykwyaay8-9_2463098_20251007193322.jpg 768w,\/\/www.vistazo.com\/binrepository\/640x427\/0c0\/0d0\/none\/12727\/NPLS\/g2rzpykwyaay8-9_2463098_20251007193322.jpg 640w,\/\/www.vistazo.com\/binrepository\/512x341\/0c0\/0d0\/none\/12727\/NPJV\/g2rzpykwyaay8-9_2463098_20251007193322.jpg 512w,\/\/www.vistazo.com\/binrepository\/384x256\/0c0\/0d0\/none\/12727\/NPMO\/g2rzpykwyaay8-9_2463098_20251007193322.jpg 384w,\/\/www.vistazo.com\/binrepository\/300x200\/0c0\/0d0\/none\/12727\/NPKV\/g2rzpykwyaay8-9_2463098_20251007193322.jpg 300w\" alt=\"$!Fotograf\u00eda de Noboa junto a uno de los veh\u00edculos que recibieron impactos de bala durante el viaje por Ca\u00f1ar.\" width=\"768\" height=\"512\" data-srcset=\"\/\/www.vistazo.com\/binrepository\/768x512\/0c0\/0d0\/none\/12727\/NPIJ\/g2rzpykwyaay8-9_2463098_20251007193322.jpg 768w,\/\/www.vistazo.com\/binrepository\/640x427\/0c0\/0d0\/none\/12727\/NPLS\/g2rzpykwyaay8-9_2463098_20251007193322.jpg 640w,\/\/www.vistazo.com\/binrepository\/512x341\/0c0\/0d0\/none\/12727\/NPJV\/g2rzpykwyaay8-9_2463098_20251007193322.jpg 512w,\/\/www.vistazo.com\/binrepository\/384x256\/0c0\/0d0\/none\/12727\/NPMO\/g2rzpykwyaay8-9_2463098_20251007193322.jpg 384w,\/\/www.vistazo.com\/binrepository\/300x200\/0c0\/0d0\/none\/12727\/NPKV\/g2rzpykwyaay8-9_2463098_20251007193322.jpg 300w\" \/><\/div>\n<div class=\"cutline-byline\"><span class=\"cutline-text\">Fotograf\u00eda de Noboa junto a uno de los veh\u00edculos que recibieron impactos de bala durante el viaje por Ca\u00f1ar.<\/span>\u00a0<span class=\"byline-image\">(Presidencia de la Rep\u00fablica)<\/span><\/div>\n<\/figure>\n<\/div>\n<div class=\"Citavistazo\">\u00abQuienes intenten desestabilizar al pa\u00eds -ya sean autores materiales, intelectuales o financistas- se enfrentar\u00e1n sin excepci\u00f3n a todo el peso de la ley. Ser\u00e1n procesados por terrorismo. No habr\u00e1 impunidad\u00bb, declar\u00f3 Reimberg a trav\u00e9s de la red social X.<\/div>\n<div class=\"paragraph texto\">\n<p class=\"p_4\">El ministro del Interior comparti\u00f3 fotograf\u00edas de los cinco detenidos, sin revelar sus identidades.<b>\u00a0Se trata de cuatro hombres y una mujer.<\/b><\/p>\n<p class=\"p_5\">La Secretar\u00eda de Comunicaci\u00f3n de la Presidencia se\u00f1al\u00f3 que el veh\u00edculo en el que viajaba el presidente \u00abest\u00e1 en an\u00e1lisis de Criminal\u00edstica\u00bb. Adem\u00e1s, difundi\u00f3 videos en los que se observa a<b>\u00a0manifestantes lanzando algunas piedras contra parabrisas.<\/b><\/p>\n<p class=\"p_6\">Frente a los acontecimientos, la CONAIE denunci\u00f3 en su cuenta de la red social X una<b>\u00a0\u00abbrutal acci\u00f3n policial y militar\u00bb contra \u00abel pueblo movilizado\u00bb<\/b>\u00a0en el marco de la llegada de Noboa a El Tambo, y se\u00f1al\u00f3 que \u00abcinco compa\u00f1eros\u00bb hab\u00edan sido \u00abdetenidos de forma arbitraria\u00bb.<\/p>\n<\/div>\n<h2 class=\"h2vistazo\">Exigencias del movimiento ind\u00edgena<\/h2>\n<div class=\"paragraph texto\">\n<p class=\"p_7\">Adem\u00e1s de la derogaci\u00f3n del decreto que\u00a0<b>elimin\u00f3 el subsidio al di\u00e9sel<\/b>, por el que el precio pas\u00f3 de 1,80 a 2,80 d\u00f3lares por gal\u00f3n (3,78 litros), y de la<b>\u00a0liberaci\u00f3n de los detenidos<\/b>, el movimiento ind\u00edgena exige que se reduzca el Impuesto al Valor Agregado (IVA) del\u00a0<b>15% al 12%<\/b>\u00a0y el fin de la<b>\u00a0expansi\u00f3n minera y petrolera<\/b>, entre otros pedidos.<\/p>\n<p class=\"p_9\">El Gobierno ha expresado que la decisi\u00f3n de acabar con la subvenci\u00f3n estatal fue tomada para reducir el gasto p\u00fablico, puesto que la carga anual de mantener la subvenci\u00f3n superaba los USD 1.100 millones, y ha afirmado que no ceder\u00e1 ante ning\u00fan pedido.<\/p>\n<p class=\"p_10\">La CONAIE ya lider\u00f3 en 2019 y 2022 protestas que llevaron a los presidentes\u00a0<b>Len\u00edn Moreno<\/b>\u00a0(2017-2021) y\u00a0<b>Guillermo Lasso<\/b>\u00a0(2021-2023) a dar marcha a atr\u00e1s cuando quisieron<b> eliminar las subvenciones estatales a los combustibles. Fuente: Vistazo<\/b><\/p>\n<\/div>\n","protected":false},"excerpt":{"rendered":"<p>El ministro del Interior, John Reimberg, anunci\u00f3 que la Polic\u00eda detuvo a los \u00abprimeros cinco responsables\u00bb del ataque contra una caravana encabezada por el presidente de Ecuador,\u00a0Daniel Noboa, perpetrado este martes en el cant\u00f3n Tambo, en la provincia de Ca\u00f1ar. Horas antes, la ministra de Ambiente y Energ\u00eda,\u00a0In\u00e9s Manzano, anunci\u00f3 que present\u00f3 una demanda en la la Fiscal\u00eda General del Estado por\u00a0tentativa de asesinato\u00a0al mandatario, asegurando que cerca de 500 personas\u00a0estuvieron involucradas en el acto, lanzando piedras. Algunas incluso habr\u00edan\u00a0disparado armas de fuego. Noboa sali\u00f3 ileso del episodio, que marc\u00f3 el d\u00e9cimo sexto d\u00eda de movilizaciones convocadas por la Confederaci\u00f3n de Nacionalidades Ind\u00edgenas del Ecuador (CONAIE) en contra de la eliminaci\u00f3n del subsidio del di\u00e9sel. Posteriormente, el jefe de Estado encabez\u00f3 la entrega de una obra de alcantarillado. Fotograf\u00eda de Noboa junto a uno de los veh\u00edculos que recibieron impactos de bala durante el viaje por Ca\u00f1ar.\u00a0(Presidencia de la Rep\u00fablica) \u00abQuienes intenten desestabilizar al pa\u00eds -ya sean autores materiales, intelectuales o financistas- se enfrentar\u00e1n sin excepci\u00f3n a todo el peso de la ley. Ser\u00e1n procesados por terrorismo. No habr\u00e1 impunidad\u00bb, declar\u00f3 Reimberg a trav\u00e9s de la red social X. El ministro del Interior comparti\u00f3 fotograf\u00edas de los cinco detenidos, sin revelar sus identidades.\u00a0Se trata de cuatro hombres y una mujer. La Secretar\u00eda de Comunicaci\u00f3n de la Presidencia se\u00f1al\u00f3 que el veh\u00edculo en el que viajaba el presidente \u00abest\u00e1 en an\u00e1lisis de Criminal\u00edstica\u00bb. Adem\u00e1s, difundi\u00f3 videos en los que se observa a\u00a0manifestantes lanzando algunas piedras contra parabrisas. Frente a los acontecimientos, la CONAIE denunci\u00f3 en su cuenta de la red social X una\u00a0\u00abbrutal acci\u00f3n policial y militar\u00bb contra \u00abel pueblo movilizado\u00bb\u00a0en el marco de la llegada de Noboa a El Tambo, y se\u00f1al\u00f3 que \u00abcinco compa\u00f1eros\u00bb hab\u00edan sido \u00abdetenidos de forma arbitraria\u00bb. Exigencias del movimiento ind\u00edgena Adem\u00e1s de la derogaci\u00f3n del decreto que\u00a0elimin\u00f3 el subsidio al di\u00e9sel, por el que el precio pas\u00f3 de 1,80 a 2,80 d\u00f3lares por gal\u00f3n (3,78 litros), y de la\u00a0liberaci\u00f3n de los detenidos, el movimiento ind\u00edgena exige que se reduzca el Impuesto al Valor Agregado (IVA) del\u00a015% al 12%\u00a0y el fin de la\u00a0expansi\u00f3n minera y petrolera, entre otros pedidos. El Gobierno ha expresado que la decisi\u00f3n de acabar con la subvenci\u00f3n estatal fue tomada para reducir el gasto p\u00fablico, puesto que la carga anual de mantener la subvenci\u00f3n superaba los USD 1.100 millones, y ha afirmado que no ceder\u00e1 ante ning\u00fan pedido. La CONAIE ya lider\u00f3 en 2019 y 2022 protestas que llevaron a los presidentes\u00a0Len\u00edn Moreno\u00a0(2017-2021) y\u00a0Guillermo Lasso\u00a0(2021-2023) a dar marcha a atr\u00e1s cuando quisieron eliminar las subvenciones estatales a los combustibles. Fuente: Vistazo<\/p>\n","protected":false},"author":1,"featured_media":26888,"comment_status":"closed","ping_status":"closed","sticky":false,"template":"","format":"standard","meta":{"footnotes":""},"categories":[268],"tags":[],"class_list":["post-26887","post","type-post","status-publish","format-standard","has-post-thumbnail","hentry","category-nacionales"],"_links":{"self":[{"href":"https:\/\/www.elamazonico.com\/portal\/wp-json\/wp\/v2\/posts\/26887","targetHints":{"allow":["GET"]}}],"collection":[{"href":"https:\/\/www.elamazonico.com\/portal\/wp-json\/wp\/v2\/posts"}],"about":[{"href":"https:\/\/www.elamazonico.com\/portal\/wp-json\/wp\/v2\/types\/post"}],"author":[{"embeddable":true,"href":"https:\/\/www.elamazonico.com\/portal\/wp-json\/wp\/v2\/users\/1"}],"replies":[{"embeddable":true,"href":"https:\/\/www.elamazonico.com\/portal\/wp-json\/wp\/v2\/comments?post=26887"}],"version-history":[{"count":1,"href":"https:\/\/www.elamazonico.com\/portal\/wp-json\/wp\/v2\/posts\/26887\/revisions"}],"predecessor-version":[{"id":26889,"href":"https:\/\/www.elamazonico.com\/portal\/wp-json\/wp\/v2\/posts\/26887\/revisions\/26889"}],"wp:featuredmedia":[{"embeddable":true,"href":"https:\/\/www.elamazonico.com\/portal\/wp-json\/wp\/v2\/media\/26888"}],"wp:attachment":[{"href":"https:\/\/www.elamazonico.com\/portal\/wp-json\/wp\/v2\/media?parent=26887"}],"wp:term":[{"taxonomy":"category","embeddable":true,"href":"https:\/\/www.elamazonico.com\/portal\/wp-json\/wp\/v2\/categories?post=26887"},{"taxonomy":"post_tag","embeddable":true,"href":"https:\/\/www.elamazonico.com\/portal\/wp-json\/wp\/v2\/tags?post=26887"}],"curies":[{"name":"wp","href":"https:\/\/api.w.org\/{rel}","templated":true}]}}