{"id":26884,"date":"2025-10-08T04:35:24","date_gmt":"2025-10-08T09:35:24","guid":{"rendered":"https:\/\/www.elamazonico.com\/portal\/?p=26884"},"modified":"2025-10-07T22:43:24","modified_gmt":"2025-10-08T03:43:24","slug":"eugenio-reyes-recuerda-la-historia-monumental-y-cultural-de-zamora-y-la-instauracion-de-su-fecha-de-fundacion","status":"publish","type":"post","link":"https:\/\/www.elamazonico.com\/portal\/eugenio-reyes-recuerda-la-historia-monumental-y-cultural-de-zamora-y-la-instauracion-de-su-fecha-de-fundacion\/","title":{"rendered":"Eugenio Reyes recuerda la historia monumental y cultural de Zamora y la instauraci\u00f3n de su fecha de fundaci\u00f3n"},"content":{"rendered":"<p>En el programa Encontr\u00e9monos, conducido por Claudio Torres, se cont\u00f3 con la presencia de Eugenio Reyes, quien fue alcalde del cant\u00f3n Zamora en dos periodos (1996\u20132004). Durante la entrevista, el exburgomaestre realiz\u00f3 un valioso repaso hist\u00f3rico sobre las obras emblem\u00e1ticas y culturales que marcaron su administraci\u00f3n, as\u00ed como sobre el proceso de instauraci\u00f3n oficial de la fecha de fundaci\u00f3n de la ciudad de Zamora.<\/p>\n<p>Reyes record\u00f3 que su gesti\u00f3n no se limit\u00f3 a obras de infraestructura, sino que busc\u00f3 fortalecer el patrimonio identitario y art\u00edstico del cant\u00f3n.<\/p>\n<p>Entre las iniciativas m\u00e1s relevantes, destac\u00f3 la construcci\u00f3n de los monumentos a la Etnia Shuar, al Minero y a Naya o La Chapetona, esculturas que, seg\u00fan explic\u00f3, reflejan la historia, el trabajo y la cosmovisi\u00f3n de los pueblos que dieron origen a la actual sociedad zamorana.<\/p>\n<blockquote><p>\u201cCuando asumimos la administraci\u00f3n, Zamora contaba apenas con dos esculturas: la del Yaguarzongo y la del soldado Daniel Mart\u00ednez. A partir de ah\u00ed, concebimos un proyecto cultural integral que rindiera tributo a los personajes, tradiciones y ra\u00edces hist\u00f3ricas del cant\u00f3n\u201d, destac\u00f3 el exalcalde.<\/p><\/blockquote>\n<p>El monumento a Naya o La Chapetona, ubicado junto al redondel del terminal terrestre, fue uno de los m\u00e1s debatidos y significativos. Su creaci\u00f3n, a cargo del reconocido escultor Luis Viracocha, gener\u00f3 un amplio foro acad\u00e9mico organizado por la Casa de la Cultura Ecuatoriana, N\u00facleo de Zamora Chinchipe, con la participaci\u00f3n de historiadores y literatos como Gabriel G\u00f3mez Jurado, Luis Antonio Quispe y Hugo Arias Benavides. La discusi\u00f3n concluy\u00f3 que el personaje de Naya, aunque nacido de la imaginaci\u00f3n literaria del padre Manuel Belisario Moreno, posee m\u00e1s de un 50% de fundamento hist\u00f3rico, representando as\u00ed la resistencia, solidaridad y fortaleza de la mujer zamorana.<\/p>\n<p>Asimismo, Reyes record\u00f3 la realizaci\u00f3n del mural hist\u00f3rico ubicado en el parque lineal junto al puente del r\u00edo Zamora, obra del artista Fabi\u00e1n Figueroa, ya fallecido. Este mural conmemora el primer puerto fluvial de la ciudad, s\u00edmbolo del auge minero y del intercambio cultural que caracteriz\u00f3 a la regi\u00f3n desde el siglo XVI.<\/p>\n<p><strong>La instauraci\u00f3n de la fecha de fundaci\u00f3n de Zamora<\/strong><br \/>\nOtro de los aportes fundamentales del exalcalde fue la instauraci\u00f3n de la fecha oficial de fundaci\u00f3n de la ciudad de Zamora, que se celebra cada 6 de octubre.<\/p>\n<p>El exalcalde explic\u00f3 que, tras un proceso de investigaci\u00f3n hist\u00f3rica y revisi\u00f3n documental, se bas\u00f3 en los textos del escritor Alfonso Anda Aguirre, quien recopil\u00f3 el acta de fundaci\u00f3n de Zamora. En ella se establece que, el primer domingo de octubre de 1549, los capitanes Alonso de Mercadillo, Juan de Salinas Loyola, Hernando de Benavente y Hernando de Barahona fundaron la ciudad en nombre de Su Majestad.<\/p>\n<p>\u201cEra necesario que Zamora cuente con una fecha que refleje su origen hist\u00f3rico, m\u00e1s all\u00e1 de las celebraciones provinciales. Por ello, propusimos la ordenanza que fija el 6 de octubre como d\u00eda de la fundaci\u00f3n de Zamora, uniendo a las familias en torno a su identidad y memoria\u201d, explic\u00f3 Reyes.<\/p>\n<p>Con este acto, la administraci\u00f3n municipal sustituy\u00f3 la tradicional celebraci\u00f3n del 12 de febrero (D\u00eda del Oriente Ecuatoriano) por una fecha propia que fortalece el sentido de pertenencia y revalora los or\u00edgenes hist\u00f3ricos de la ciudad.<\/p>\n<p><strong>Un legado de identidad y cultura<\/strong><br \/>\nDurante su gesti\u00f3n, Eugenio Reyes impuls\u00f3 tambi\u00e9n proyectos musicales y art\u00edsticos, como el Festival de la Canci\u00f3n a Zamora, donde se estrenaron composiciones dedicadas a la ciudad. Estas acciones, junto con la creaci\u00f3n de monumentos y la instauraci\u00f3n de la fecha fundacional, consolidaron una visi\u00f3n de desarrollo integral basada en la cultura, el arte y la memoria hist\u00f3rica.<\/p>\n<p>\u201cZamora es conocida por sus monumentos, por su historia y por su gente. Cada escultura, mural y canci\u00f3n cuenta una parte del alma de nuestra ciudad\u201d, concluy\u00f3 el exalcalde.<\/p>\n<p>El programa Encontr\u00e9monos contin\u00faa de esta manera su labor de rescate y difusi\u00f3n del patrimonio cultural y social de Zamora Chinchipe, acercando a las nuevas generaciones a los hechos y personajes que han dado forma a la identidad de la capital provincial.<\/p>\n","protected":false},"excerpt":{"rendered":"<p>En el programa Encontr\u00e9monos, conducido por Claudio Torres, se cont\u00f3 con la presencia de Eugenio Reyes, quien fue alcalde del cant\u00f3n Zamora en dos periodos (1996\u20132004). Durante la entrevista, el exburgomaestre realiz\u00f3 un valioso repaso hist\u00f3rico sobre las obras emblem\u00e1ticas y culturales que marcaron su administraci\u00f3n, as\u00ed como sobre el proceso de instauraci\u00f3n oficial de la fecha de fundaci\u00f3n de la ciudad de Zamora. Reyes record\u00f3 que su gesti\u00f3n no se limit\u00f3 a obras de infraestructura, sino que busc\u00f3 fortalecer el patrimonio identitario y art\u00edstico del cant\u00f3n. Entre las iniciativas m\u00e1s relevantes, destac\u00f3 la construcci\u00f3n de los monumentos a la Etnia Shuar, al Minero y a Naya o La Chapetona, esculturas que, seg\u00fan explic\u00f3, reflejan la historia, el trabajo y la cosmovisi\u00f3n de los pueblos que dieron origen a la actual sociedad zamorana. \u201cCuando asumimos la administraci\u00f3n, Zamora contaba apenas con dos esculturas: la del Yaguarzongo y la del soldado Daniel Mart\u00ednez. A partir de ah\u00ed, concebimos un proyecto cultural integral que rindiera tributo a los personajes, tradiciones y ra\u00edces hist\u00f3ricas del cant\u00f3n\u201d, destac\u00f3 el exalcalde. El monumento a Naya o La Chapetona, ubicado junto al redondel del terminal terrestre, fue uno de los m\u00e1s debatidos y significativos. Su creaci\u00f3n, a cargo del reconocido escultor Luis Viracocha, gener\u00f3 un amplio foro acad\u00e9mico organizado por la Casa de la Cultura Ecuatoriana, N\u00facleo de Zamora Chinchipe, con la participaci\u00f3n de historiadores y literatos como Gabriel G\u00f3mez Jurado, Luis Antonio Quispe y Hugo Arias Benavides. La discusi\u00f3n concluy\u00f3 que el personaje de Naya, aunque nacido de la imaginaci\u00f3n literaria del padre Manuel Belisario Moreno, posee m\u00e1s de un 50% de fundamento hist\u00f3rico, representando as\u00ed la resistencia, solidaridad y fortaleza de la mujer zamorana. Asimismo, Reyes record\u00f3 la realizaci\u00f3n del mural hist\u00f3rico ubicado en el parque lineal junto al puente del r\u00edo Zamora, obra del artista Fabi\u00e1n Figueroa, ya fallecido. Este mural conmemora el primer puerto fluvial de la ciudad, s\u00edmbolo del auge minero y del intercambio cultural que caracteriz\u00f3 a la regi\u00f3n desde el siglo XVI. La instauraci\u00f3n de la fecha de fundaci\u00f3n de Zamora Otro de los aportes fundamentales del exalcalde fue la instauraci\u00f3n de la fecha oficial de fundaci\u00f3n de la ciudad de Zamora, que se celebra cada 6 de octubre. El exalcalde explic\u00f3 que, tras un proceso de investigaci\u00f3n hist\u00f3rica y revisi\u00f3n documental, se bas\u00f3 en los textos del escritor Alfonso Anda Aguirre, quien recopil\u00f3 el acta de fundaci\u00f3n de Zamora. En ella se establece que, el primer domingo de octubre de 1549, los capitanes Alonso de Mercadillo, Juan de Salinas Loyola, Hernando de Benavente y Hernando de Barahona fundaron la ciudad en nombre de Su Majestad. \u201cEra necesario que Zamora cuente con una fecha que refleje su origen hist\u00f3rico, m\u00e1s all\u00e1 de las celebraciones provinciales. Por ello, propusimos la ordenanza que fija el 6 de octubre como d\u00eda de la fundaci\u00f3n de Zamora, uniendo a las familias en torno a su identidad y memoria\u201d, explic\u00f3 Reyes. Con este acto, la administraci\u00f3n municipal sustituy\u00f3 la tradicional celebraci\u00f3n del 12 de febrero (D\u00eda del Oriente Ecuatoriano) por una fecha propia que fortalece el sentido de pertenencia y revalora los or\u00edgenes hist\u00f3ricos de la ciudad. Un legado de identidad y cultura Durante su gesti\u00f3n, Eugenio Reyes impuls\u00f3 tambi\u00e9n proyectos musicales y art\u00edsticos, como el Festival de la Canci\u00f3n a Zamora, donde se estrenaron composiciones dedicadas a la ciudad. Estas acciones, junto con la creaci\u00f3n de monumentos y la instauraci\u00f3n de la fecha fundacional, consolidaron una visi\u00f3n de desarrollo integral basada en la cultura, el arte y la memoria hist\u00f3rica. \u201cZamora es conocida por sus monumentos, por su historia y por su gente. Cada escultura, mural y canci\u00f3n cuenta una parte del alma de nuestra ciudad\u201d, concluy\u00f3 el exalcalde. El programa Encontr\u00e9monos contin\u00faa de esta manera su labor de rescate y difusi\u00f3n del patrimonio cultural y social de Zamora Chinchipe, acercando a las nuevas generaciones a los hechos y personajes que han dado forma a la identidad de la capital provincial.<\/p>\n","protected":false},"author":1,"featured_media":26885,"comment_status":"closed","ping_status":"closed","sticky":false,"template":"","format":"standard","meta":{"footnotes":""},"categories":[243],"tags":[],"class_list":["post-26884","post","type-post","status-publish","format-standard","has-post-thumbnail","hentry","category-noticias-zamora"],"_links":{"self":[{"href":"https:\/\/www.elamazonico.com\/portal\/wp-json\/wp\/v2\/posts\/26884","targetHints":{"allow":["GET"]}}],"collection":[{"href":"https:\/\/www.elamazonico.com\/portal\/wp-json\/wp\/v2\/posts"}],"about":[{"href":"https:\/\/www.elamazonico.com\/portal\/wp-json\/wp\/v2\/types\/post"}],"author":[{"embeddable":true,"href":"https:\/\/www.elamazonico.com\/portal\/wp-json\/wp\/v2\/users\/1"}],"replies":[{"embeddable":true,"href":"https:\/\/www.elamazonico.com\/portal\/wp-json\/wp\/v2\/comments?post=26884"}],"version-history":[{"count":1,"href":"https:\/\/www.elamazonico.com\/portal\/wp-json\/wp\/v2\/posts\/26884\/revisions"}],"predecessor-version":[{"id":26886,"href":"https:\/\/www.elamazonico.com\/portal\/wp-json\/wp\/v2\/posts\/26884\/revisions\/26886"}],"wp:featuredmedia":[{"embeddable":true,"href":"https:\/\/www.elamazonico.com\/portal\/wp-json\/wp\/v2\/media\/26885"}],"wp:attachment":[{"href":"https:\/\/www.elamazonico.com\/portal\/wp-json\/wp\/v2\/media?parent=26884"}],"wp:term":[{"taxonomy":"category","embeddable":true,"href":"https:\/\/www.elamazonico.com\/portal\/wp-json\/wp\/v2\/categories?post=26884"},{"taxonomy":"post_tag","embeddable":true,"href":"https:\/\/www.elamazonico.com\/portal\/wp-json\/wp\/v2\/tags?post=26884"}],"curies":[{"name":"wp","href":"https:\/\/api.w.org\/{rel}","templated":true}]}}