{"id":26874,"date":"2025-10-07T15:11:21","date_gmt":"2025-10-07T20:11:21","guid":{"rendered":"https:\/\/www.elamazonico.com\/portal\/?p=26874"},"modified":"2025-10-07T15:11:21","modified_gmt":"2025-10-07T20:11:21","slug":"caso-malvinas-fiscalia-acusa-a-16-militares-como-autores-directos-de-desaparicion-forzada","status":"publish","type":"post","link":"https:\/\/www.elamazonico.com\/portal\/caso-malvinas-fiscalia-acusa-a-16-militares-como-autores-directos-de-desaparicion-forzada\/","title":{"rendered":"Caso Malvinas: Fiscal\u00eda acusa a 16 militares como autores directos de desaparici\u00f3n forzada"},"content":{"rendered":"<div class=\"paragraph texto\">\n<p class=\"p_0\">La\u00a0<b><a href=\"https:\/\/www.vistazo.com\/actualidad\/nacional\/2025-05-01-caso-malvinas-nuevos-videos-muestran-agresiones-militares-implicados-IF9272138\">Fiscal\u00eda<\/a><\/b>\u00a0acus\u00f3 este martes siete de octubre del 2025 a\u00a0<u><b>16 militares como autores directos y un coronel, como c\u00f3mplice<\/b><\/u>, del delito de desaparici\u00f3n forzada de los cuatro menores de edad de\u00a0<a href=\"https:\/\/www.vistazo.com\/actualidad\/nacional\/2025-10-06-caso-malvinas-comite-derechos-humanos-cuestiona-testigo-muerte-cuatro-ninos-GH10245993\">Las Malvinas<\/a>\u00a0en Guayaquil.<\/p>\n<p class=\"p_1\">Esta ma\u00f1ana se reinstal\u00f3 la\u00a0<u><b>audiencia de evaluaci\u00f3n y preparatoria de juicio\u00a0<\/b><\/u>del caso Malvinas de manera telem\u00e1tica. El Ministerio P\u00fablico continu\u00f3 con la presentaci\u00f3n de su dictamen acusatorio.<\/p>\n<p class=\"p_3\">Durante su exposici\u00f3n de los hechos, el fiscal\u00a0<b>Christian Farez<\/b>\u00a0expuso el trayecto que siguieron los militares aquel 8 de diciembre, cuando\u00a0<u><b>Josu\u00e9, Ismael, Nehem\u00edas y Steven<\/b><\/u> fueron detenidos por una patrulla militar cerca de un centro comercial de Guayaquil.<\/p>\n<p class=\"p_4\">Posteriormente, los uniformados los llevaron en camionetas hasta la parroquia\u00a0<b>Taura<\/b>, del cant\u00f3n Naranjal, donde d\u00edas despu\u00e9s fueron hallados sin vida y calcinados.<\/p>\n<p class=\"p_5\">El fiscal coment\u00f3 que los menores\u00a0<u><b>sufrieron varias agresiones por parte de los militares\u00a0<\/b><\/u>en el trayecto hasta Taura. Por ejemplo, Ismael Arroyo, de 15 a\u00f1os, habr\u00eda recibido un\u00a0<u><b>golpe de forma \u2018brusca\u2019\u00a0<\/b><\/u>por parte de un soldado, lo que le gener\u00f3 un trauma a nivel frontal de la cabeza.<\/p>\n<p class=\"p_6\">Mientras que otro\u00a0<u><b>militar se habr\u00eda puesto a boxear<\/b><\/u>\u00a0con una de las v\u00edctimas. Tambi\u00e9n hubo\u00a0<u><b>agresiones con una correa y hasta un disparo<\/b><\/u>\u00a0atemorizante para que uno de los menores se quite la ropa.<\/p>\n<p class=\"p_7\">Tras presentar la cronolog\u00eda de los hechos y las pruebas, el fiscal acus\u00f3 a los 16 militares de la\u00a0<u><b>Fuerza A\u00e9rea Ecuatoriana (FAE)<\/b><\/u>\u00a0como autores directos de la desaparici\u00f3n forzada. En cambio, un coronel es se\u00f1alado como c\u00f3mplice.<\/p>\n<p class=\"p_8\">El Ministerio P\u00fablico seguir\u00e1 con su presentaci\u00f3n del dictamen acusatorio en el transcurso de esta tarde y se espera que los abogados de los uniformados tambi\u00e9n intervengan. Posteriormente, el juez deber\u00e1 decidir si llama o no a juicio a los implicados.<\/p>\n<\/div>\n<div class=\"multimediaMacroWrapper img lateral\">\n<figure class=\"contentMedia art-img\">\n<div><img fetchpriority=\"high\" decoding=\"async\" class=\" lazyloaded\" title=\"Militares acusados como autores directos de desaparici\u00f3n forzada.\" src=\"https:\/\/www.vistazo.com\/placeholder\/svg\/viewbox\/768x432\" sizes=\"100vw\" srcset=\"\/\/www.vistazo.com\/binrepository\/768x432\/0c0\/0d0\/none\/12727\/UALN\/20250317153838-gye-caso-malvinas-taur_2462426_20251007134528.jpg 768w,\/\/www.vistazo.com\/binrepository\/640x360\/0c0\/0d0\/none\/12727\/UALG\/20250317153838-gye-caso-malvinas-taur_2462426_20251007134528.jpg 640w,\/\/www.vistazo.com\/binrepository\/512x288\/0c0\/0d0\/none\/12727\/UALF\/20250317153838-gye-caso-malvinas-taur_2462426_20251007134528.jpg 512w,\/\/www.vistazo.com\/binrepository\/384x216\/0c0\/0d0\/none\/12727\/UALL\/20250317153838-gye-caso-malvinas-taur_2462426_20251007134528.jpg 384w,\/\/www.vistazo.com\/binrepository\/300x169\/0c0\/0d0\/none\/12727\/UALM\/20250317153838-gye-caso-malvinas-taur_2462426_20251007134528.jpg 300w\" alt=\"$!Militares acusados como autores directos de desaparici\u00f3n forzada.\" width=\"768\" height=\"432\" data-srcset=\"\/\/www.vistazo.com\/binrepository\/768x432\/0c0\/0d0\/none\/12727\/UALN\/20250317153838-gye-caso-malvinas-taur_2462426_20251007134528.jpg 768w,\/\/www.vistazo.com\/binrepository\/640x360\/0c0\/0d0\/none\/12727\/UALG\/20250317153838-gye-caso-malvinas-taur_2462426_20251007134528.jpg 640w,\/\/www.vistazo.com\/binrepository\/512x288\/0c0\/0d0\/none\/12727\/UALF\/20250317153838-gye-caso-malvinas-taur_2462426_20251007134528.jpg 512w,\/\/www.vistazo.com\/binrepository\/384x216\/0c0\/0d0\/none\/12727\/UALL\/20250317153838-gye-caso-malvinas-taur_2462426_20251007134528.jpg 384w,\/\/www.vistazo.com\/binrepository\/300x169\/0c0\/0d0\/none\/12727\/UALM\/20250317153838-gye-caso-malvinas-taur_2462426_20251007134528.jpg 300w\" \/><\/div>\n<div class=\"cutline-byline\"><span class=\"cutline-text\">Militares acusados como autores directos de desaparici\u00f3n forzada.<\/span>\u00a0<span class=\"byline-image\">(API \/ API)<\/span><\/div>\n<\/figure>\n<\/div>\n<h2 class=\"h2vistazo\">TESTIGO CUESTIONADO<\/h2>\n<div class=\"paragraph texto\">\n<p class=\"p_10\">La audiencia se desarrolla en medio de cuestionamientos por parte del\u00a0<b><a href=\"https:\/\/www.vistazo.com\/actualidad\/nacional\/2025-10-06-caso-malvinas-comite-derechos-humanos-cuestiona-testigo-muerte-cuatro-ninos-GH10245993\">Comit\u00e9 Permanente de Derechos Humanos (CDH)<\/a><\/b>, entidad que lidera la defensa de las familias de las v\u00edctimas.<\/p>\n<p class=\"p_11\">La organizaci\u00f3n ha alertado sobre<b>\u00a0estrategias de dilataci\u00f3n<\/b>\u00a0del proceso judicial por parte de las defensas de los militares. De hecho, la diligencia de llamamiento a juicio se ha postergado m\u00faltiples veces por recursos de los abogados de los soldados.<\/p>\n<p class=\"p_12\">Asimismo, el CDH inform\u00f3 el pasado lunes que un\u00a0<u><b>testigo implicado en el caso asegur\u00f3 que lo presionaron<\/b><\/u>\u00a0para culpar de la muerte de los menores a bandas criminales.<\/p>\n<p class=\"p_13\">Y es que, inicialmente, el testigo narr\u00f3 que Bryan A.,\u00a0<u><b>alias \u2018Momo\u2019<\/b><\/u>, habr\u00eda ordenado a sus compa\u00f1eros criminales que quemaran a las v\u00edctimas en un manglar.<\/p>\n<p class=\"p_15\">Sin embargo, el CDH relat\u00f3 que \u201cel 9 de septiembre de 2025, el testigo declar\u00f3 ante la UNIDOT que su domicilio hab\u00eda sido allanado en la madrugada del 21 de diciembre de 2024, que fue detenido y torturado, y\u00a0<u><b>que personal militar lo oblig\u00f3 bajo amenazas de muerte a afirmar que bandas criminales<\/b><\/u>\u00a0se hab\u00edan llevado a los ni\u00f1os\u201d.<\/p>\n<p class=\"p_16\">El testigo agreg\u00f3 que \u201cdesconoc\u00eda los hechos y a los responsables, y que fue el personal militar quien le suministr\u00f3 los nombres y apellidos de los supuestos presuntos responsables\u201d.<\/p>\n<p class=\"p_17\">Alias \u2018Momo\u2019 fue detenido el pasado mes de marzo en el cant\u00f3n\u00a0<b>Yaguachi<\/b>\u00a0y, actualmente, permanece detenido en una c\u00e1rcel de Guayaquil. Sin embargo,\u00a0<u><b>se desconoce si ya rindi\u00f3 versi\u00f3n sobre el caso Malvinas.<\/b><\/u><\/p>\n<p class=\"p_18\">De hecho, la Fiscal\u00eda tiene una\u00a0<u><b>segunda investigaci\u00f3n por el delito de secuestro<\/b><\/u> con resultado de muerte para determinar lo que sucedi\u00f3 luego de que los cuatro menores fueron dejados en libertad por militares en Taura, pero las pericias se mantienen en reserva. <strong>Fuente: Vistazo<\/strong><\/p>\n<\/div>\n","protected":false},"excerpt":{"rendered":"<p>La\u00a0Fiscal\u00eda\u00a0acus\u00f3 este martes siete de octubre del 2025 a\u00a016 militares como autores directos y un coronel, como c\u00f3mplice, del delito de desaparici\u00f3n forzada de los cuatro menores de edad de\u00a0Las Malvinas\u00a0en Guayaquil. Esta ma\u00f1ana se reinstal\u00f3 la\u00a0audiencia de evaluaci\u00f3n y preparatoria de juicio\u00a0del caso Malvinas de manera telem\u00e1tica. El Ministerio P\u00fablico continu\u00f3 con la presentaci\u00f3n de su dictamen acusatorio. Durante su exposici\u00f3n de los hechos, el fiscal\u00a0Christian Farez\u00a0expuso el trayecto que siguieron los militares aquel 8 de diciembre, cuando\u00a0Josu\u00e9, Ismael, Nehem\u00edas y Steven fueron detenidos por una patrulla militar cerca de un centro comercial de Guayaquil. Posteriormente, los uniformados los llevaron en camionetas hasta la parroquia\u00a0Taura, del cant\u00f3n Naranjal, donde d\u00edas despu\u00e9s fueron hallados sin vida y calcinados. El fiscal coment\u00f3 que los menores\u00a0sufrieron varias agresiones por parte de los militares\u00a0en el trayecto hasta Taura. Por ejemplo, Ismael Arroyo, de 15 a\u00f1os, habr\u00eda recibido un\u00a0golpe de forma \u2018brusca\u2019\u00a0por parte de un soldado, lo que le gener\u00f3 un trauma a nivel frontal de la cabeza. Mientras que otro\u00a0militar se habr\u00eda puesto a boxear\u00a0con una de las v\u00edctimas. Tambi\u00e9n hubo\u00a0agresiones con una correa y hasta un disparo\u00a0atemorizante para que uno de los menores se quite la ropa. Tras presentar la cronolog\u00eda de los hechos y las pruebas, el fiscal acus\u00f3 a los 16 militares de la\u00a0Fuerza A\u00e9rea Ecuatoriana (FAE)\u00a0como autores directos de la desaparici\u00f3n forzada. En cambio, un coronel es se\u00f1alado como c\u00f3mplice. El Ministerio P\u00fablico seguir\u00e1 con su presentaci\u00f3n del dictamen acusatorio en el transcurso de esta tarde y se espera que los abogados de los uniformados tambi\u00e9n intervengan. Posteriormente, el juez deber\u00e1 decidir si llama o no a juicio a los implicados. Militares acusados como autores directos de desaparici\u00f3n forzada.\u00a0(API \/ API) TESTIGO CUESTIONADO La audiencia se desarrolla en medio de cuestionamientos por parte del\u00a0Comit\u00e9 Permanente de Derechos Humanos (CDH), entidad que lidera la defensa de las familias de las v\u00edctimas. La organizaci\u00f3n ha alertado sobre\u00a0estrategias de dilataci\u00f3n\u00a0del proceso judicial por parte de las defensas de los militares. De hecho, la diligencia de llamamiento a juicio se ha postergado m\u00faltiples veces por recursos de los abogados de los soldados. Asimismo, el CDH inform\u00f3 el pasado lunes que un\u00a0testigo implicado en el caso asegur\u00f3 que lo presionaron\u00a0para culpar de la muerte de los menores a bandas criminales. Y es que, inicialmente, el testigo narr\u00f3 que Bryan A.,\u00a0alias \u2018Momo\u2019, habr\u00eda ordenado a sus compa\u00f1eros criminales que quemaran a las v\u00edctimas en un manglar. Sin embargo, el CDH relat\u00f3 que \u201cel 9 de septiembre de 2025, el testigo declar\u00f3 ante la UNIDOT que su domicilio hab\u00eda sido allanado en la madrugada del 21 de diciembre de 2024, que fue detenido y torturado, y\u00a0que personal militar lo oblig\u00f3 bajo amenazas de muerte a afirmar que bandas criminales\u00a0se hab\u00edan llevado a los ni\u00f1os\u201d. El testigo agreg\u00f3 que \u201cdesconoc\u00eda los hechos y a los responsables, y que fue el personal militar quien le suministr\u00f3 los nombres y apellidos de los supuestos presuntos responsables\u201d. Alias \u2018Momo\u2019 fue detenido el pasado mes de marzo en el cant\u00f3n\u00a0Yaguachi\u00a0y, actualmente, permanece detenido en una c\u00e1rcel de Guayaquil. Sin embargo,\u00a0se desconoce si ya rindi\u00f3 versi\u00f3n sobre el caso Malvinas. De hecho, la Fiscal\u00eda tiene una\u00a0segunda investigaci\u00f3n por el delito de secuestro con resultado de muerte para determinar lo que sucedi\u00f3 luego de que los cuatro menores fueron dejados en libertad por militares en Taura, pero las pericias se mantienen en reserva. Fuente: Vistazo<\/p>\n","protected":false},"author":1,"featured_media":26875,"comment_status":"closed","ping_status":"closed","sticky":false,"template":"","format":"standard","meta":{"footnotes":""},"categories":[268],"tags":[],"class_list":["post-26874","post","type-post","status-publish","format-standard","has-post-thumbnail","hentry","category-nacionales"],"_links":{"self":[{"href":"https:\/\/www.elamazonico.com\/portal\/wp-json\/wp\/v2\/posts\/26874","targetHints":{"allow":["GET"]}}],"collection":[{"href":"https:\/\/www.elamazonico.com\/portal\/wp-json\/wp\/v2\/posts"}],"about":[{"href":"https:\/\/www.elamazonico.com\/portal\/wp-json\/wp\/v2\/types\/post"}],"author":[{"embeddable":true,"href":"https:\/\/www.elamazonico.com\/portal\/wp-json\/wp\/v2\/users\/1"}],"replies":[{"embeddable":true,"href":"https:\/\/www.elamazonico.com\/portal\/wp-json\/wp\/v2\/comments?post=26874"}],"version-history":[{"count":1,"href":"https:\/\/www.elamazonico.com\/portal\/wp-json\/wp\/v2\/posts\/26874\/revisions"}],"predecessor-version":[{"id":26876,"href":"https:\/\/www.elamazonico.com\/portal\/wp-json\/wp\/v2\/posts\/26874\/revisions\/26876"}],"wp:featuredmedia":[{"embeddable":true,"href":"https:\/\/www.elamazonico.com\/portal\/wp-json\/wp\/v2\/media\/26875"}],"wp:attachment":[{"href":"https:\/\/www.elamazonico.com\/portal\/wp-json\/wp\/v2\/media?parent=26874"}],"wp:term":[{"taxonomy":"category","embeddable":true,"href":"https:\/\/www.elamazonico.com\/portal\/wp-json\/wp\/v2\/categories?post=26874"},{"taxonomy":"post_tag","embeddable":true,"href":"https:\/\/www.elamazonico.com\/portal\/wp-json\/wp\/v2\/tags?post=26874"}],"curies":[{"name":"wp","href":"https:\/\/api.w.org\/{rel}","templated":true}]}}