{"id":26871,"date":"2025-10-07T15:09:28","date_gmt":"2025-10-07T20:09:28","guid":{"rendered":"https:\/\/www.elamazonico.com\/portal\/?p=26871"},"modified":"2025-10-07T15:09:28","modified_gmt":"2025-10-07T20:09:28","slug":"daniel-noboa-desde-cuenca-no-vamos-a-permitir-que-un-poco-de-vandalos-eviten-que-nosotros-trabajemos","status":"publish","type":"post","link":"https:\/\/www.elamazonico.com\/portal\/daniel-noboa-desde-cuenca-no-vamos-a-permitir-que-un-poco-de-vandalos-eviten-que-nosotros-trabajemos\/","title":{"rendered":"Daniel Noboa desde Cuenca: &#8216;No vamos a permitir que un poco de v\u00e1ndalos eviten que nosotros trabajemos&#8217;"},"content":{"rendered":"<div class=\"paragraph texto\">\n<p class=\"p_0\">El presidente\u00a0<b><a href=\"https:\/\/www.vistazo.com\/politica\/nacional\/2025-10-04-referendum-2025-formula-noboa-reducir-curules-asamblea-nacional-OA10237559\">Daniel Noboa<\/a><\/b>\u00a0hizo un llamado a los j\u00f3venes a luchar por el desarrollo del pa\u00eds, pero\u00a0<u><b>inst\u00f3 a las nuevas generaciones a hacerlo de manera \u201cpac\u00edfica, inteligente y colectiva\u201d<\/b><\/u>. Adem\u00e1s, asegur\u00f3 que no permitir\u00e1 que \u201cun poco de v\u00e1ndalos\u201d interrumpan su trabajo.<\/p>\n<p class=\"p_1\">Las declaraciones ocurrieron este martes siete de octubre en el colegio\u00a0<u><b>Manuel J. Calle<\/b><\/u>, en el norte de Cuenca, hasta donde arrib\u00f3 el mandatario para entregar laboratorios tecnol\u00f3gicos.<\/p>\n<p class=\"p_3\">Noboa explic\u00f3 que\u00a0<u><b>se ha distribuido 79 laboratorios de computaci\u00f3n<\/b><\/u>\u00a0con 2.439 equipos a nivel nacional para fortalecer el bachillerato t\u00e9cnico. El proyecto tuvo el apoyo del Banco Interamericano de Desarrollo (<b>Grupo BID<\/b>).<\/p>\n<div class=\"Center2Display\">\n<div id=\"Center2\"><\/div>\n<\/div>\n<p class=\"p_4\">Sin embargo, durante su breve discurso, el presidente se refiri\u00f3 a las\u00a0<u><b>protestas registradas en las \u00faltimas tres semanas\u00a0<\/b><\/u>en contra de su Gobierno, especialmente por la eliminaci\u00f3n del subsidio al di\u00e9sel.<\/p>\n<\/div>\n<div class=\"multimediaMacroWrapper img lateral\">\n<figure class=\"contentMedia art-img\">\n<div><img fetchpriority=\"high\" decoding=\"async\" class=\" lazyloaded\" title=\"Daniel Noboa dio discurso en un colegio de Cuenca.\" src=\"https:\/\/www.vistazo.com\/placeholder\/svg\/viewbox\/768x512\" sizes=\"100vw\" srcset=\"\/\/www.vistazo.com\/binrepository\/768x512\/0c0\/0d0\/none\/12727\/HNNH\/54839457175-cb1331b3a6-k_2462564_20251007145912.jpg 768w,\/\/www.vistazo.com\/binrepository\/640x427\/0c0\/0d0\/none\/12727\/HNNT\/54839457175-cb1331b3a6-k_2462564_20251007145912.jpg 640w,\/\/www.vistazo.com\/binrepository\/512x341\/0c0\/0d0\/none\/12727\/HNNW\/54839457175-cb1331b3a6-k_2462564_20251007145912.jpg 512w,\/\/www.vistazo.com\/binrepository\/384x256\/0c0\/0d0\/none\/12727\/HNNI\/54839457175-cb1331b3a6-k_2462564_20251007145912.jpg 384w,\/\/www.vistazo.com\/binrepository\/300x200\/0c0\/0d0\/none\/12727\/HNNV\/54839457175-cb1331b3a6-k_2462564_20251007145912.jpg 300w\" alt=\"$!Daniel Noboa dio discurso en un colegio de Cuenca.\" width=\"768\" height=\"512\" data-srcset=\"\/\/www.vistazo.com\/binrepository\/768x512\/0c0\/0d0\/none\/12727\/HNNH\/54839457175-cb1331b3a6-k_2462564_20251007145912.jpg 768w,\/\/www.vistazo.com\/binrepository\/640x427\/0c0\/0d0\/none\/12727\/HNNT\/54839457175-cb1331b3a6-k_2462564_20251007145912.jpg 640w,\/\/www.vistazo.com\/binrepository\/512x341\/0c0\/0d0\/none\/12727\/HNNW\/54839457175-cb1331b3a6-k_2462564_20251007145912.jpg 512w,\/\/www.vistazo.com\/binrepository\/384x256\/0c0\/0d0\/none\/12727\/HNNI\/54839457175-cb1331b3a6-k_2462564_20251007145912.jpg 384w,\/\/www.vistazo.com\/binrepository\/300x200\/0c0\/0d0\/none\/12727\/HNNV\/54839457175-cb1331b3a6-k_2462564_20251007145912.jpg 300w\" \/><\/div>\n<div class=\"cutline-byline\"><span class=\"cutline-text\">Daniel Noboa dio discurso en un colegio de Cuenca.\u00a0<\/span><span class=\"byline-image\">(Foto: Presidencia )<\/span><\/div>\n<\/figure>\n<\/div>\n<h2 class=\"h2vistazo\">DECLARACIONES DE NOBOA<\/h2>\n<div class=\"paragraph texto\">\n<p class=\"p_6\">El jefe de Estado les dijo a cientos de adolescentes que es el momento de luchar por el desarrollo del pa\u00eds,<u><b>\u00a0\u201cpero hay que hacerlo de una manera pac\u00edfica, inteligente y colectiva\u201d.<\/b><\/u><\/p>\n<\/div>\n<div class=\"Citavistazo\">\u201cNo sigan los malos ejemplos como los que en el camino nos quer\u00edan parar para que yo no est\u00e9 presente en este evento con ustedes y trataron de agredirnos, esas agresiones no se aceptan en el nuevo Ecuador, la ley aplica para todos\u201d, asegur\u00f3 Noboa.<\/div>\n<div class=\"paragraph texto\">\n<p class=\"p_7\">Y es que, previo a su llegada a la instituci\u00f3n educativa, el mandatario estuvo en una comunidad de\u00a0<b>Ca\u00f1ar<\/b>\u00a0y en los alrededores hubo protestas. De hecho, la Conaie denunci\u00f3 que \u201cmilitares y policiales reprimen violentamente a comuneros y comuneras\u201d del cant\u00f3n El Tambo.<\/p>\n<p class=\"p_9\">Por su parte, Noboa dijo que trabajaba todos los d\u00edas para darle \u201cmayores oportunidades\u201d a los j\u00f3venes.<\/p>\n<\/div>\n<div class=\"Citavistazo\">\u201cNo vamos a permitir que un poco de v\u00e1ndalos eviten que nosotros trabajemos por ustedes\u201d, apunt\u00f3 el jefe de Estado.<\/div>\n<h2 class=\"h2vistazo\">EL PARO NACIONAL<\/h2>\n<div class=\"paragraph texto\">\n<p class=\"p_10\">Ecuador entr\u00f3 este lunes en su\u00a0<u><b>tercera semana de protestas contra el presidente Daniel Noboa<\/b><\/u>\u00a0por el alza del precio del di\u00e9sel, en medio de alertas por la posible toma de la capital, Quito, por parte del movimiento ind\u00edgena, y con el Gobierno que busca bajar la tensi\u00f3n alargando el puente festivo, que ahora ir\u00e1 de jueves a domingo.<\/p>\n<p class=\"p_11\">Los manifestantes mantienen cerradas m\u00faltiples carreteras, mayoritariamente en<b>\u00a0Imbabura<\/b>, que ha sido durante estos quince d\u00edas el epicentro de las protestas convocadas por la Conaie, que se han saldado con un fallecido, decenas de heridos y m\u00e1s de un centenar de detenidos.<\/p>\n<p class=\"p_12\">Sin embargo,\u00a0<u><b>Noboa ha reiterado que no va a negociar la medida<\/b><\/u>, ya que considera que el subsidio al di\u00e9sel no ha ayudado a los m\u00e1s pobres, sino que ha favorecido al contrabando y a la miner\u00eda ilegal.<\/p>\n<\/div>\n","protected":false},"excerpt":{"rendered":"<p>El presidente\u00a0Daniel Noboa\u00a0hizo un llamado a los j\u00f3venes a luchar por el desarrollo del pa\u00eds, pero\u00a0inst\u00f3 a las nuevas generaciones a hacerlo de manera \u201cpac\u00edfica, inteligente y colectiva\u201d. Adem\u00e1s, asegur\u00f3 que no permitir\u00e1 que \u201cun poco de v\u00e1ndalos\u201d interrumpan su trabajo. Las declaraciones ocurrieron este martes siete de octubre en el colegio\u00a0Manuel J. Calle, en el norte de Cuenca, hasta donde arrib\u00f3 el mandatario para entregar laboratorios tecnol\u00f3gicos. Noboa explic\u00f3 que\u00a0se ha distribuido 79 laboratorios de computaci\u00f3n\u00a0con 2.439 equipos a nivel nacional para fortalecer el bachillerato t\u00e9cnico. El proyecto tuvo el apoyo del Banco Interamericano de Desarrollo (Grupo BID). Sin embargo, durante su breve discurso, el presidente se refiri\u00f3 a las\u00a0protestas registradas en las \u00faltimas tres semanas\u00a0en contra de su Gobierno, especialmente por la eliminaci\u00f3n del subsidio al di\u00e9sel. Daniel Noboa dio discurso en un colegio de Cuenca.\u00a0(Foto: Presidencia ) DECLARACIONES DE NOBOA El jefe de Estado les dijo a cientos de adolescentes que es el momento de luchar por el desarrollo del pa\u00eds,\u00a0\u201cpero hay que hacerlo de una manera pac\u00edfica, inteligente y colectiva\u201d. \u201cNo sigan los malos ejemplos como los que en el camino nos quer\u00edan parar para que yo no est\u00e9 presente en este evento con ustedes y trataron de agredirnos, esas agresiones no se aceptan en el nuevo Ecuador, la ley aplica para todos\u201d, asegur\u00f3 Noboa. Y es que, previo a su llegada a la instituci\u00f3n educativa, el mandatario estuvo en una comunidad de\u00a0Ca\u00f1ar\u00a0y en los alrededores hubo protestas. De hecho, la Conaie denunci\u00f3 que \u201cmilitares y policiales reprimen violentamente a comuneros y comuneras\u201d del cant\u00f3n El Tambo. Por su parte, Noboa dijo que trabajaba todos los d\u00edas para darle \u201cmayores oportunidades\u201d a los j\u00f3venes. \u201cNo vamos a permitir que un poco de v\u00e1ndalos eviten que nosotros trabajemos por ustedes\u201d, apunt\u00f3 el jefe de Estado. EL PARO NACIONAL Ecuador entr\u00f3 este lunes en su\u00a0tercera semana de protestas contra el presidente Daniel Noboa\u00a0por el alza del precio del di\u00e9sel, en medio de alertas por la posible toma de la capital, Quito, por parte del movimiento ind\u00edgena, y con el Gobierno que busca bajar la tensi\u00f3n alargando el puente festivo, que ahora ir\u00e1 de jueves a domingo. Los manifestantes mantienen cerradas m\u00faltiples carreteras, mayoritariamente en\u00a0Imbabura, que ha sido durante estos quince d\u00edas el epicentro de las protestas convocadas por la Conaie, que se han saldado con un fallecido, decenas de heridos y m\u00e1s de un centenar de detenidos. Sin embargo,\u00a0Noboa ha reiterado que no va a negociar la medida, ya que considera que el subsidio al di\u00e9sel no ha ayudado a los m\u00e1s pobres, sino que ha favorecido al contrabando y a la miner\u00eda ilegal.<\/p>\n","protected":false},"author":1,"featured_media":26872,"comment_status":"closed","ping_status":"closed","sticky":false,"template":"","format":"standard","meta":{"footnotes":""},"categories":[268],"tags":[],"class_list":["post-26871","post","type-post","status-publish","format-standard","has-post-thumbnail","hentry","category-nacionales"],"_links":{"self":[{"href":"https:\/\/www.elamazonico.com\/portal\/wp-json\/wp\/v2\/posts\/26871","targetHints":{"allow":["GET"]}}],"collection":[{"href":"https:\/\/www.elamazonico.com\/portal\/wp-json\/wp\/v2\/posts"}],"about":[{"href":"https:\/\/www.elamazonico.com\/portal\/wp-json\/wp\/v2\/types\/post"}],"author":[{"embeddable":true,"href":"https:\/\/www.elamazonico.com\/portal\/wp-json\/wp\/v2\/users\/1"}],"replies":[{"embeddable":true,"href":"https:\/\/www.elamazonico.com\/portal\/wp-json\/wp\/v2\/comments?post=26871"}],"version-history":[{"count":1,"href":"https:\/\/www.elamazonico.com\/portal\/wp-json\/wp\/v2\/posts\/26871\/revisions"}],"predecessor-version":[{"id":26873,"href":"https:\/\/www.elamazonico.com\/portal\/wp-json\/wp\/v2\/posts\/26871\/revisions\/26873"}],"wp:featuredmedia":[{"embeddable":true,"href":"https:\/\/www.elamazonico.com\/portal\/wp-json\/wp\/v2\/media\/26872"}],"wp:attachment":[{"href":"https:\/\/www.elamazonico.com\/portal\/wp-json\/wp\/v2\/media?parent=26871"}],"wp:term":[{"taxonomy":"category","embeddable":true,"href":"https:\/\/www.elamazonico.com\/portal\/wp-json\/wp\/v2\/categories?post=26871"},{"taxonomy":"post_tag","embeddable":true,"href":"https:\/\/www.elamazonico.com\/portal\/wp-json\/wp\/v2\/tags?post=26871"}],"curies":[{"name":"wp","href":"https:\/\/api.w.org\/{rel}","templated":true}]}}