{"id":26858,"date":"2025-10-07T10:00:30","date_gmt":"2025-10-07T15:00:30","guid":{"rendered":"https:\/\/www.elamazonico.com\/portal\/?p=26858"},"modified":"2025-10-07T10:00:30","modified_gmt":"2025-10-07T15:00:30","slug":"el-fantasma-de-los-cortes-de-luz-se-aleja-en-ecuador-gracias-a-las-lluvias-de-octubre","status":"publish","type":"post","link":"https:\/\/www.elamazonico.com\/portal\/el-fantasma-de-los-cortes-de-luz-se-aleja-en-ecuador-gracias-a-las-lluvias-de-octubre\/","title":{"rendered":"El fantasma de los cortes de luz se aleja en Ecuador gracias a las lluvias de octubre"},"content":{"rendered":"<p>Ecuador comenz\u00f3 octubre de 2025, un mes tradicionalmente seco, con lluvias at\u00edpicas, lo que ha permitido mantener lleno al embalse de Mazar, el m\u00e1s importante para el sector el\u00e9ctrico.<\/p>\n<p>A las 14:00 de este 6 de octubre de 2025, este reservorio marc\u00f3 los 2.153 metros sobre el nivel del mar, el m\u00e1ximo posible.<\/p>\n<p>Lo anterior ha permitido que las hidroel\u00e9ctricas operen a tope y aporten hasta con un 86% para cubrir la demanda nacional en lo que va de octubre de 2025.<\/p>\n<p>Es un escenario diametralmente distinto a igual mes del a\u00f1o pasado, cuando el pa\u00eds atravesaba por una severa crisis el\u00e9ctrica y los cortes de luz se hab\u00edan incrementado de 8 a 14 horas. De hecho, el 10 de octubre de 2024, el embalse de Mazar toc\u00f3 m\u00ednimos hist\u00f3ricos, que sacaron de operaci\u00f3n a la central del mismo nombre.<\/p>\n<p>Pero, ahora, un embalse de Mazar lleno permite avizorar que no habr\u00e1 cortes de luz\u00a0en octubre y noviembre de 2025, dice Rigoberto Guerrero, subgerente de Gesti\u00f3n Ambiental de Etapa.<\/p>\n<p>Guerrero dice que se trata de lluvias inusuales, pues se esperaba que octubre sea un mes seco. \u00abEn los primeros seis d\u00edas de octubre, tres han sido de lluvias, es bastante inesperado\u00bb, dice el experto.<\/p>\n<p><strong>\u00bfY diciembre de 2025?<\/strong><br \/>\nPara los siguientes meses, hay que ver c\u00f3mo evoluciona el tema hidrol\u00f3gico, recalca el experto.<\/p>\n<p>Y es que hay que recordar que el estiaje es una \u00e9poca que ocurre todos los a\u00f1os y empieza en octubre y suele extenderse hasta marzo o abril del siguiente a\u00f1o.<\/p>\n<p>\u00abLos pron\u00f3sticos est\u00e1n bastante cambiantes, se esperaba que septiembre y octubre sean secos, pero hay lluvias inusuales. De momento, se espera que contin\u00faen at\u00edpicos en lo que resta de octubre. En noviembre tambi\u00e9n se esperan lluvias inusuales\u00bb, dice Guerrero.<\/p>\n<p>De hecho, las lluvias inusuales que se vienen registrando desde septiembre de 2025, con d\u00edas secos y otros de fuertes precipitaciones.<\/p>\n<p>Todo eso ha permitido que los r\u00edos de Cuenca, la mayor\u00eda de los cuales son afluentes del r\u00edo Paute, que abastece al Complejo Hidroel\u00e9ctrico del mismo nombre, tengan valores hidrol\u00f3gicos m\u00e1s altos del promedio de caudal.<\/p>\n<p>Asi los r\u00edos Tomebamba y Yanuncay, por ejemplo, suelen tener cinco metros c\u00fabicos por segundo, ahora tienen seis y ocho. En cambio, el R\u00edo Tarqui, que suele estar en cuatro metros c\u00fabicos por segundo, ahora est\u00e1 en cinco.<\/p>\n<p>La incertidumbre est\u00e1 en los meses de diciembre y enero, dice el experto el\u00e9ctrico Gabriel Secaira. Un tema clave ser\u00e1 que se resuelvan ciertos problemas en las hidroel\u00e9ctricas Minas San Francisco y Delsitanisagua, que tienen restricciones en la entrega de energ\u00eda.<\/p>\n<p>Hay que tener en cuenta, seg\u00fan el experto, que la nueva contrataci\u00f3n para alquilar 260 megavatios en turbinas para Pascuales llegar\u00e1 el pr\u00f3ximo a\u00f1o.<\/p>\n<p>Mientras tanto, tampoco se ha puesto en marcha la planta el\u00e9ctrica de la empresa uruguaya Austral, que gan\u00f3 un arbitraje que impide al Estado terminar su contrato por incumplimientos en los plazos.<\/p>\n<p>Tampoco se han reactivado las plantas en Quevedo y Salitral, que estaban a cargo de la estadounidense Progen, pero que dej\u00f3 el proyecto luego de que el holding estatal Celec terminara sus contratos por incumplimientos. <strong>Fuente: Primicias<\/strong><\/p>\n","protected":false},"excerpt":{"rendered":"<p>Ecuador comenz\u00f3 octubre de 2025, un mes tradicionalmente seco, con lluvias at\u00edpicas, lo que ha permitido mantener lleno al embalse de Mazar, el m\u00e1s importante para el sector el\u00e9ctrico. A las 14:00 de este 6 de octubre de 2025, este reservorio marc\u00f3 los 2.153 metros sobre el nivel del mar, el m\u00e1ximo posible. Lo anterior ha permitido que las hidroel\u00e9ctricas operen a tope y aporten hasta con un 86% para cubrir la demanda nacional en lo que va de octubre de 2025. Es un escenario diametralmente distinto a igual mes del a\u00f1o pasado, cuando el pa\u00eds atravesaba por una severa crisis el\u00e9ctrica y los cortes de luz se hab\u00edan incrementado de 8 a 14 horas. De hecho, el 10 de octubre de 2024, el embalse de Mazar toc\u00f3 m\u00ednimos hist\u00f3ricos, que sacaron de operaci\u00f3n a la central del mismo nombre. Pero, ahora, un embalse de Mazar lleno permite avizorar que no habr\u00e1 cortes de luz\u00a0en octubre y noviembre de 2025, dice Rigoberto Guerrero, subgerente de Gesti\u00f3n Ambiental de Etapa. Guerrero dice que se trata de lluvias inusuales, pues se esperaba que octubre sea un mes seco. \u00abEn los primeros seis d\u00edas de octubre, tres han sido de lluvias, es bastante inesperado\u00bb, dice el experto. \u00bfY diciembre de 2025? Para los siguientes meses, hay que ver c\u00f3mo evoluciona el tema hidrol\u00f3gico, recalca el experto. Y es que hay que recordar que el estiaje es una \u00e9poca que ocurre todos los a\u00f1os y empieza en octubre y suele extenderse hasta marzo o abril del siguiente a\u00f1o. \u00abLos pron\u00f3sticos est\u00e1n bastante cambiantes, se esperaba que septiembre y octubre sean secos, pero hay lluvias inusuales. De momento, se espera que contin\u00faen at\u00edpicos en lo que resta de octubre. En noviembre tambi\u00e9n se esperan lluvias inusuales\u00bb, dice Guerrero. De hecho, las lluvias inusuales que se vienen registrando desde septiembre de 2025, con d\u00edas secos y otros de fuertes precipitaciones. Todo eso ha permitido que los r\u00edos de Cuenca, la mayor\u00eda de los cuales son afluentes del r\u00edo Paute, que abastece al Complejo Hidroel\u00e9ctrico del mismo nombre, tengan valores hidrol\u00f3gicos m\u00e1s altos del promedio de caudal. Asi los r\u00edos Tomebamba y Yanuncay, por ejemplo, suelen tener cinco metros c\u00fabicos por segundo, ahora tienen seis y ocho. En cambio, el R\u00edo Tarqui, que suele estar en cuatro metros c\u00fabicos por segundo, ahora est\u00e1 en cinco. La incertidumbre est\u00e1 en los meses de diciembre y enero, dice el experto el\u00e9ctrico Gabriel Secaira. Un tema clave ser\u00e1 que se resuelvan ciertos problemas en las hidroel\u00e9ctricas Minas San Francisco y Delsitanisagua, que tienen restricciones en la entrega de energ\u00eda. Hay que tener en cuenta, seg\u00fan el experto, que la nueva contrataci\u00f3n para alquilar 260 megavatios en turbinas para Pascuales llegar\u00e1 el pr\u00f3ximo a\u00f1o. Mientras tanto, tampoco se ha puesto en marcha la planta el\u00e9ctrica de la empresa uruguaya Austral, que gan\u00f3 un arbitraje que impide al Estado terminar su contrato por incumplimientos en los plazos. Tampoco se han reactivado las plantas en Quevedo y Salitral, que estaban a cargo de la estadounidense Progen, pero que dej\u00f3 el proyecto luego de que el holding estatal Celec terminara sus contratos por incumplimientos. Fuente: Primicias<\/p>\n","protected":false},"author":1,"featured_media":26859,"comment_status":"closed","ping_status":"closed","sticky":false,"template":"","format":"standard","meta":{"footnotes":""},"categories":[268],"tags":[],"class_list":["post-26858","post","type-post","status-publish","format-standard","has-post-thumbnail","hentry","category-nacionales"],"_links":{"self":[{"href":"https:\/\/www.elamazonico.com\/portal\/wp-json\/wp\/v2\/posts\/26858","targetHints":{"allow":["GET"]}}],"collection":[{"href":"https:\/\/www.elamazonico.com\/portal\/wp-json\/wp\/v2\/posts"}],"about":[{"href":"https:\/\/www.elamazonico.com\/portal\/wp-json\/wp\/v2\/types\/post"}],"author":[{"embeddable":true,"href":"https:\/\/www.elamazonico.com\/portal\/wp-json\/wp\/v2\/users\/1"}],"replies":[{"embeddable":true,"href":"https:\/\/www.elamazonico.com\/portal\/wp-json\/wp\/v2\/comments?post=26858"}],"version-history":[{"count":1,"href":"https:\/\/www.elamazonico.com\/portal\/wp-json\/wp\/v2\/posts\/26858\/revisions"}],"predecessor-version":[{"id":26860,"href":"https:\/\/www.elamazonico.com\/portal\/wp-json\/wp\/v2\/posts\/26858\/revisions\/26860"}],"wp:featuredmedia":[{"embeddable":true,"href":"https:\/\/www.elamazonico.com\/portal\/wp-json\/wp\/v2\/media\/26859"}],"wp:attachment":[{"href":"https:\/\/www.elamazonico.com\/portal\/wp-json\/wp\/v2\/media?parent=26858"}],"wp:term":[{"taxonomy":"category","embeddable":true,"href":"https:\/\/www.elamazonico.com\/portal\/wp-json\/wp\/v2\/categories?post=26858"},{"taxonomy":"post_tag","embeddable":true,"href":"https:\/\/www.elamazonico.com\/portal\/wp-json\/wp\/v2\/tags?post=26858"}],"curies":[{"name":"wp","href":"https:\/\/api.w.org\/{rel}","templated":true}]}}