{"id":26855,"date":"2025-10-07T09:27:32","date_gmt":"2025-10-07T14:27:32","guid":{"rendered":"https:\/\/www.elamazonico.com\/portal\/?p=26855"},"modified":"2025-10-07T09:50:54","modified_gmt":"2025-10-07T14:50:54","slug":"bloqueos-y-cierres-de-vias-en-ecuador-por-el-paro-nacional-de-este-martes-7-de-octubre","status":"publish","type":"post","link":"https:\/\/www.elamazonico.com\/portal\/bloqueos-y-cierres-de-vias-en-ecuador-por-el-paro-nacional-de-este-martes-7-de-octubre\/","title":{"rendered":"Bloqueos y cierres de v\u00edas en Ecuador por el paro nacional de este martes 7 de octubre"},"content":{"rendered":"<div class=\"paragraph texto\">\n<p class=\"p_0\"><b>Ecuador\u00a0<\/b>amaneci\u00f3 este martes 7 de octubre nuevamente bajo el\u00a0<b>paro nacional<\/b>\u00a0indefinido contra el presidente\u00a0<b>Daniel Noboa<\/b>\u00a0por el alza del precio del\u00a0<b>di\u00e9sel<\/b>, en medio de advertencias sobre una posible toma de Quito por parte del movimiento\u00a0<b><a href=\"https:\/\/www.vistazo.com\/actualidad\/nacional\/2025-09-27-conaie-acusa-gobierno-perseguir-fiscalia-lideres-protestas-NI10188588\" target=\"_blank\" rel=\"noopener noreferrer\">ind\u00edgena<\/a><\/b>.<\/p>\n<p class=\"p_2\">\u201cCuidado. La Conaie y sus estructuras est\u00e1 en capacidad de tomar decisiones. Si hay que ir a radicalizar, vamos a\u00a0<b>radicalizar\u00a0<\/b>el paro nacional. Y si tenemos que tomarnos la ciudad de\u00a0<b>Quito<\/b>, vamos a tomarnos\u201d, advirti\u00f3\u00a0<b>Marlon Vargas<\/b>, presidente de la Confederaci\u00f3n de Nacionalidades Ind\u00edgenas del Ecuador (<b>Conaie<\/b>).<\/p>\n<p class=\"p_3\">Las manifestaciones, que cumplen ya diecis\u00e9is d\u00edas, han dejado un\u00a0<b>fallecido<\/b>, decenas de heridos y m\u00e1s de un centenar de detenidos.<\/p>\n<p class=\"p_4\">Hasta el momento, los cierres de v\u00edas se concentran principalmente en\u00a0<b>Imbabura<\/b>, provincia que se ha convertido en epicentro de las protestas.<\/p>\n<\/div>\n<h2 class=\"h2vistazo\">Carreteras cerradas este martes 7 de octubre<\/h2>\n<div class=\"paragraph texto\">\n<p class=\"p_5\">De acuerdo con el servicio de emergencias ECU 911, estos son los\u00a0<b>bloqueos\u00a0<\/b>reportados en varias provincias:<\/p>\n<\/div>\n<ul>\n<li class=\"bulletvistazo\">Chimborazo<\/li>\n<\/ul>\n<div class=\"paragraph texto\">\n<p class=\"p_6\"><b>Riobamba \u2013 Cuenca<\/b>: cerrada por manifestaciones en Guamote (Huagracorral) y en Alaus\u00ed (Tix\u00e1n, Charicando, Aypud, Pistishi).<\/p>\n<p class=\"p_7\"><b>Chunchi<\/b>: cierre en Tolte y en el ingreso a la cabecera cantonal.<\/p>\n<p class=\"p_8\"><b>Alaus\u00ed \u2013 Huigra \u2013 El Piedrero \u2013 El Triunfo<\/b>: parcialmente habilitada, presencia de material p\u00e9treo en Sibambe y socavamiento en la v\u00eda E47 (sector Angas).<\/p>\n<\/div>\n<ul>\n<li class=\"bulletvistazo\">Imbabura<\/li>\n<\/ul>\n<div class=\"paragraph texto\">\n<p class=\"p_9\"><b>Natabuela (Antonio Ante \u2013 Ibarra)<\/b>: cerrada a la altura del sem\u00e1foro.<\/p>\n<p class=\"p_10\"><b>Otavalo \u2013 Cotacachi<\/b>: cerrada en Carabuela, Pinsaqu\u00ed y Partidero.<\/p>\n<p class=\"p_11\"><b>Otavalo \u2013 Gonz\u00e1lez Su\u00e1rez<\/b>: cerrada en Gonz\u00e1lez Su\u00e1rez, San Rafael, Espejo y La Magdalena.<\/p>\n<p class=\"p_12\"><b>Eje vial rural La Plata (Intag) \u2013 Selva Alegre<\/b>: cierre con escombros en Garc\u00eda Moreno y R\u00edo Blanco.<\/p>\n<p class=\"p_13\"><b>Antonio Ante (Otavalo \u2013 Ibarra)<\/b>: cerrada a la altura de San Roque.<\/p>\n<p class=\"p_14\"><b>Ibarra \u2013 Imbaya \u2013 Urcuqu\u00ed<\/b>: cerrada en Co\u00f1aqu\u00ed.<\/p>\n<p class=\"p_15\"><b>Otavalo \u2013 Selva Alegre<\/b>: cerrado el ingreso a Quiroga.<\/p>\n<p class=\"p_16\"><b>Zuleta \u2013 Rumipamba (Ibarra \u2013 Olmedo \/ Cayambe)<\/b>: cerrada a la altura del barrio San Francisco y puente de Rumipamba.<\/p>\n<\/div>\n<ul>\n<li class=\"bulletvistazo\">Pichincha<\/li>\n<\/ul>\n<div class=\"paragraph texto\">\n<p class=\"p_17\"><b>Quito \u2013 Cayambe (E28\/Cajas)<\/b>: cerrada por manifestaciones.<\/p>\n<p class=\"p_18\"><b>Tabacundo \u2013 Cajas<\/b>: cerrada en el sector Tabacundo \u2013 La Virgen. <strong>Fuente: Vistazo<\/strong><\/p>\n<\/div>\n","protected":false},"excerpt":{"rendered":"<p>Ecuador\u00a0amaneci\u00f3 este martes 7 de octubre nuevamente bajo el\u00a0paro nacional\u00a0indefinido contra el presidente\u00a0Daniel Noboa\u00a0por el alza del precio del\u00a0di\u00e9sel, en medio de advertencias sobre una posible toma de Quito por parte del movimiento\u00a0ind\u00edgena. \u201cCuidado. La Conaie y sus estructuras est\u00e1 en capacidad de tomar decisiones. Si hay que ir a radicalizar, vamos a\u00a0radicalizar\u00a0el paro nacional. Y si tenemos que tomarnos la ciudad de\u00a0Quito, vamos a tomarnos\u201d, advirti\u00f3\u00a0Marlon Vargas, presidente de la Confederaci\u00f3n de Nacionalidades Ind\u00edgenas del Ecuador (Conaie). Las manifestaciones, que cumplen ya diecis\u00e9is d\u00edas, han dejado un\u00a0fallecido, decenas de heridos y m\u00e1s de un centenar de detenidos. Hasta el momento, los cierres de v\u00edas se concentran principalmente en\u00a0Imbabura, provincia que se ha convertido en epicentro de las protestas. Carreteras cerradas este martes 7 de octubre De acuerdo con el servicio de emergencias ECU 911, estos son los\u00a0bloqueos\u00a0reportados en varias provincias: Chimborazo Riobamba \u2013 Cuenca: cerrada por manifestaciones en Guamote (Huagracorral) y en Alaus\u00ed (Tix\u00e1n, Charicando, Aypud, Pistishi). Chunchi: cierre en Tolte y en el ingreso a la cabecera cantonal. Alaus\u00ed \u2013 Huigra \u2013 El Piedrero \u2013 El Triunfo: parcialmente habilitada, presencia de material p\u00e9treo en Sibambe y socavamiento en la v\u00eda E47 (sector Angas). Imbabura Natabuela (Antonio Ante \u2013 Ibarra): cerrada a la altura del sem\u00e1foro. Otavalo \u2013 Cotacachi: cerrada en Carabuela, Pinsaqu\u00ed y Partidero. Otavalo \u2013 Gonz\u00e1lez Su\u00e1rez: cerrada en Gonz\u00e1lez Su\u00e1rez, San Rafael, Espejo y La Magdalena. Eje vial rural La Plata (Intag) \u2013 Selva Alegre: cierre con escombros en Garc\u00eda Moreno y R\u00edo Blanco. Antonio Ante (Otavalo \u2013 Ibarra): cerrada a la altura de San Roque. Ibarra \u2013 Imbaya \u2013 Urcuqu\u00ed: cerrada en Co\u00f1aqu\u00ed. Otavalo \u2013 Selva Alegre: cerrado el ingreso a Quiroga. Zuleta \u2013 Rumipamba (Ibarra \u2013 Olmedo \/ Cayambe): cerrada a la altura del barrio San Francisco y puente de Rumipamba. Pichincha Quito \u2013 Cayambe (E28\/Cajas): cerrada por manifestaciones. Tabacundo \u2013 Cajas: cerrada en el sector Tabacundo \u2013 La Virgen. Fuente: Vistazo<\/p>\n","protected":false},"author":1,"featured_media":26856,"comment_status":"closed","ping_status":"closed","sticky":false,"template":"","format":"standard","meta":{"footnotes":""},"categories":[268],"tags":[],"class_list":["post-26855","post","type-post","status-publish","format-standard","has-post-thumbnail","hentry","category-nacionales"],"_links":{"self":[{"href":"https:\/\/www.elamazonico.com\/portal\/wp-json\/wp\/v2\/posts\/26855","targetHints":{"allow":["GET"]}}],"collection":[{"href":"https:\/\/www.elamazonico.com\/portal\/wp-json\/wp\/v2\/posts"}],"about":[{"href":"https:\/\/www.elamazonico.com\/portal\/wp-json\/wp\/v2\/types\/post"}],"author":[{"embeddable":true,"href":"https:\/\/www.elamazonico.com\/portal\/wp-json\/wp\/v2\/users\/1"}],"replies":[{"embeddable":true,"href":"https:\/\/www.elamazonico.com\/portal\/wp-json\/wp\/v2\/comments?post=26855"}],"version-history":[{"count":1,"href":"https:\/\/www.elamazonico.com\/portal\/wp-json\/wp\/v2\/posts\/26855\/revisions"}],"predecessor-version":[{"id":26857,"href":"https:\/\/www.elamazonico.com\/portal\/wp-json\/wp\/v2\/posts\/26855\/revisions\/26857"}],"wp:featuredmedia":[{"embeddable":true,"href":"https:\/\/www.elamazonico.com\/portal\/wp-json\/wp\/v2\/media\/26856"}],"wp:attachment":[{"href":"https:\/\/www.elamazonico.com\/portal\/wp-json\/wp\/v2\/media?parent=26855"}],"wp:term":[{"taxonomy":"category","embeddable":true,"href":"https:\/\/www.elamazonico.com\/portal\/wp-json\/wp\/v2\/categories?post=26855"},{"taxonomy":"post_tag","embeddable":true,"href":"https:\/\/www.elamazonico.com\/portal\/wp-json\/wp\/v2\/tags?post=26855"}],"curies":[{"name":"wp","href":"https:\/\/api.w.org\/{rel}","templated":true}]}}