{"id":26851,"date":"2025-10-07T06:41:30","date_gmt":"2025-10-07T11:41:30","guid":{"rendered":"https:\/\/www.elamazonico.com\/portal\/?p=26851"},"modified":"2025-10-07T06:41:30","modified_gmt":"2025-10-07T11:41:30","slug":"ministerio-del-interior-plantea-prohibicion-de-retorno-de-hasta-diez-anos-para-reforzar-control-migratorio","status":"publish","type":"post","link":"https:\/\/www.elamazonico.com\/portal\/ministerio-del-interior-plantea-prohibicion-de-retorno-de-hasta-diez-anos-para-reforzar-control-migratorio\/","title":{"rendered":"Ministerio del Interior plantea prohibici\u00f3n de retorno de hasta diez a\u00f1os para reforzar control migratorio"},"content":{"rendered":"<div class=\"paragraph texto\">\n<p class=\"p_0\"><b>El ministro del Interior,\u00a0<a href=\"https:\/\/www.vistazo.com\/cronologia\/-\/meta\/john-reimberg\">John Reimberg<\/a>, particip\u00f3 este lunes en la sesi\u00f3n N.\u00ba 23 de la Comisi\u00f3n de Relaciones Internacionales y Movilidad Humana de la Asamblea Nacional, en la que present\u00f3 los aportes de su cartera de Estado formul\u00f3 para el proyecto de reforma a la Ley Org\u00e1nica de Movilidad Humana.<\/b><\/p>\n<p class=\"p_2\">Durante su intervenci\u00f3n, Reimberg advirti\u00f3 que la legislaci\u00f3n vigente presenta\u00a0<b>vac\u00edos\u00a0<\/b>que han sido aprovechados por\u00a0<b>estructuras criminales<\/b>. \u201cLa actual normativa ha sido utilizada como un escudo por personas que\u00a0<b>no vienen a trabajar honradamente<\/b>, sino a delinquir y atentar contra la seguridad del pa\u00eds\u201d, afirm\u00f3.<\/p>\n<p class=\"p_3\">El ministro alert\u00f3 que\u00a0<b>redes del crimen organizado transnacional han convertido al Ecuador en punto de tr\u00e1nsito y refugio<\/b>, aprovechando tecnicismos legales que dificultan los procesos de deportaci\u00f3n<\/p>\n<\/div>\n<div class=\"Citavistazo\">\u201cTenemos individuos con boletas de captura internacional que permanecen en el pa\u00eds. Eso no puede continuar. Ecuador es un pa\u00eds solidario, pero tambi\u00e9n soberano\u201d, enfatiz\u00f3.<\/div>\n<h2 class=\"h2vistazo\">Pilares de la reforma propuesta<\/h2>\n<div class=\"paragraph texto\">\n<p class=\"p_4\">Reimberg explic\u00f3 que los cambios buscan\u00a0<b>proteger a los migrantes que \u00abact\u00faan con honestidad\u00bb<\/b>\u00a0y, al mismo tiempo,\u00a0<b>fortalecer la capacidad del Estado para enfrentar amenazas a la seguridad<\/b>. Entre las medidas planteadas destacan:<\/p>\n<\/div>\n<ul>\n<li class=\"bulletvistazo\">Deportaci\u00f3n inmediata para personas que \u00abrepresenten una amenaza comprobada\u00bb.<\/li>\n<li class=\"bulletvistazo\">Prohibici\u00f3n de retorno de hasta 10 a\u00f1os para quienes sean expulsados.<\/li>\n<li class=\"bulletvistazo\">Sanci\u00f3n de dos a\u00f1os de prohibici\u00f3n de ingreso a quienes incumplan la salida voluntaria.<\/li>\n<li class=\"bulletvistazo\">Exigencia de boleto de retorno obligatorio para garantizar el cumplimiento de plazos migratorios.<\/li>\n<li class=\"bulletvistazo\">Centros de acogida temporal para personas en proceso de deportaci\u00f3n.<\/li>\n<li class=\"bulletvistazo\">Eliminaci\u00f3n del efecto suspensivo en apelaciones, para evitar que recursos legales dilaten la ejecuci\u00f3n de las decisiones.<\/li>\n<\/ul>\n<div class=\"paragraph texto\">\n<p class=\"p_6\">Reimberg se refiri\u00f3 al efecto esperado de las medidas. \u201cQuienes atenten contra la paz del Ecuador deber\u00e1n responder ante la justicia o abandonar el pa\u00eds.\u00a0<b>No permitiremos que los vac\u00edos legales sigan siendo utilizados por redes delictivas\u201d<\/b>, declar\u00f3. <strong>Fuente: Vistazo<\/strong><\/p>\n<\/div>\n","protected":false},"excerpt":{"rendered":"<p>El ministro del Interior,\u00a0John Reimberg, particip\u00f3 este lunes en la sesi\u00f3n N.\u00ba 23 de la Comisi\u00f3n de Relaciones Internacionales y Movilidad Humana de la Asamblea Nacional, en la que present\u00f3 los aportes de su cartera de Estado formul\u00f3 para el proyecto de reforma a la Ley Org\u00e1nica de Movilidad Humana. Durante su intervenci\u00f3n, Reimberg advirti\u00f3 que la legislaci\u00f3n vigente presenta\u00a0vac\u00edos\u00a0que han sido aprovechados por\u00a0estructuras criminales. \u201cLa actual normativa ha sido utilizada como un escudo por personas que\u00a0no vienen a trabajar honradamente, sino a delinquir y atentar contra la seguridad del pa\u00eds\u201d, afirm\u00f3. El ministro alert\u00f3 que\u00a0redes del crimen organizado transnacional han convertido al Ecuador en punto de tr\u00e1nsito y refugio, aprovechando tecnicismos legales que dificultan los procesos de deportaci\u00f3n \u201cTenemos individuos con boletas de captura internacional que permanecen en el pa\u00eds. Eso no puede continuar. Ecuador es un pa\u00eds solidario, pero tambi\u00e9n soberano\u201d, enfatiz\u00f3. Pilares de la reforma propuesta Reimberg explic\u00f3 que los cambios buscan\u00a0proteger a los migrantes que \u00abact\u00faan con honestidad\u00bb\u00a0y, al mismo tiempo,\u00a0fortalecer la capacidad del Estado para enfrentar amenazas a la seguridad. Entre las medidas planteadas destacan: Deportaci\u00f3n inmediata para personas que \u00abrepresenten una amenaza comprobada\u00bb. Prohibici\u00f3n de retorno de hasta 10 a\u00f1os para quienes sean expulsados. Sanci\u00f3n de dos a\u00f1os de prohibici\u00f3n de ingreso a quienes incumplan la salida voluntaria. Exigencia de boleto de retorno obligatorio para garantizar el cumplimiento de plazos migratorios. Centros de acogida temporal para personas en proceso de deportaci\u00f3n. Eliminaci\u00f3n del efecto suspensivo en apelaciones, para evitar que recursos legales dilaten la ejecuci\u00f3n de las decisiones. Reimberg se refiri\u00f3 al efecto esperado de las medidas. \u201cQuienes atenten contra la paz del Ecuador deber\u00e1n responder ante la justicia o abandonar el pa\u00eds.\u00a0No permitiremos que los vac\u00edos legales sigan siendo utilizados por redes delictivas\u201d, declar\u00f3. Fuente: Vistazo<\/p>\n","protected":false},"author":1,"featured_media":26852,"comment_status":"closed","ping_status":"closed","sticky":false,"template":"","format":"standard","meta":{"footnotes":""},"categories":[268],"tags":[],"class_list":["post-26851","post","type-post","status-publish","format-standard","has-post-thumbnail","hentry","category-nacionales"],"_links":{"self":[{"href":"https:\/\/www.elamazonico.com\/portal\/wp-json\/wp\/v2\/posts\/26851","targetHints":{"allow":["GET"]}}],"collection":[{"href":"https:\/\/www.elamazonico.com\/portal\/wp-json\/wp\/v2\/posts"}],"about":[{"href":"https:\/\/www.elamazonico.com\/portal\/wp-json\/wp\/v2\/types\/post"}],"author":[{"embeddable":true,"href":"https:\/\/www.elamazonico.com\/portal\/wp-json\/wp\/v2\/users\/1"}],"replies":[{"embeddable":true,"href":"https:\/\/www.elamazonico.com\/portal\/wp-json\/wp\/v2\/comments?post=26851"}],"version-history":[{"count":1,"href":"https:\/\/www.elamazonico.com\/portal\/wp-json\/wp\/v2\/posts\/26851\/revisions"}],"predecessor-version":[{"id":26853,"href":"https:\/\/www.elamazonico.com\/portal\/wp-json\/wp\/v2\/posts\/26851\/revisions\/26853"}],"wp:featuredmedia":[{"embeddable":true,"href":"https:\/\/www.elamazonico.com\/portal\/wp-json\/wp\/v2\/media\/26852"}],"wp:attachment":[{"href":"https:\/\/www.elamazonico.com\/portal\/wp-json\/wp\/v2\/media?parent=26851"}],"wp:term":[{"taxonomy":"category","embeddable":true,"href":"https:\/\/www.elamazonico.com\/portal\/wp-json\/wp\/v2\/categories?post=26851"},{"taxonomy":"post_tag","embeddable":true,"href":"https:\/\/www.elamazonico.com\/portal\/wp-json\/wp\/v2\/tags?post=26851"}],"curies":[{"name":"wp","href":"https:\/\/api.w.org\/{rel}","templated":true}]}}