{"id":26848,"date":"2025-10-07T06:39:59","date_gmt":"2025-10-07T11:39:59","guid":{"rendered":"https:\/\/www.elamazonico.com\/portal\/?p=26848"},"modified":"2025-10-07T06:39:59","modified_gmt":"2025-10-07T11:39:59","slug":"no-soy-un-terrorista-marlon-vargas-reacciona-a-pedido-de-adn-para-que-sea-investigado-por-la-fiscalia","status":"publish","type":"post","link":"https:\/\/www.elamazonico.com\/portal\/no-soy-un-terrorista-marlon-vargas-reacciona-a-pedido-de-adn-para-que-sea-investigado-por-la-fiscalia\/","title":{"rendered":"&#8216;No soy un terrorista&#8217;: Marlon Vargas reacciona a pedido de ADN para que sea investigado por la Fiscal\u00eda"},"content":{"rendered":"<div class=\"paragraph texto\">\n<p class=\"p_0\"><b>Asamble\u00edstas del partido Acci\u00f3n Democr\u00e1tica Nacional (ADN) pidieron este lunes a la Fiscal\u00eda que investigue al presidente de la Confederaci\u00f3n de Nacionalidades Ind\u00edgenas del Ecuador,\u00a0<a href=\"https:\/\/www.vistazo.com\/cronologia\/-\/meta\/marlon-vargas\">Marlon Vargas<\/a>, por el delito de terrorismo, tras haber amenazado con la posibilidad de \u00abtomarse\u00bb Quito si el Gobierno no responde a sus demandas.<\/b><\/p>\n<p class=\"p_2\"><b>Vargas hizo esta advertencia el pasado viernes durante una reuni\u00f3n con simpatizantes<\/b>, donde asegur\u00f3 que las protestas convocadas tras la eliminaci\u00f3n del subsidio al di\u00e9sel, que hasta el momento se han concentrado especialmente en la provincia norte\u00f1a de Imbabura, podr\u00edan radicalizarse hasta el punto de tomar la capital ecuatoriana.<\/p>\n<p class=\"p_3\"><b>\u00abNo podemos permitir que esta situaci\u00f3n vuelva a pasar\u00bb<\/b>, dijo a la salida del Ministerio P\u00fablico Mishel Mancheno, jefa en la Asamblea Nacional de la bancada de ADN. Agreg\u00f3 que parece que Vargas no recuerda los sucesos de 2019 y 2022, cuando hubo calles con violencia y edificios incendiados en Quito.<\/p>\n<\/div>\n<div class=\"multimediaMacroWrapper img lateral\">\n<figure class=\"contentMedia art-img\">\n<div><img fetchpriority=\"high\" decoding=\"async\" class=\" lazyloaded\" title=\"Fotograf\u00eda de Mancheno a las afueras de la Fiscal\u00eda General del Estado, este lunes.\" src=\"https:\/\/www.vistazo.com\/placeholder\/svg\/viewbox\/768x571\" sizes=\"100vw\" srcset=\"\/\/www.vistazo.com\/binrepository\/768x571\/0c0\/0d0\/none\/12727\/UFFV\/20251006193055-adn-denuncia-a-marlon_2461046_20251006182424.jpg 768w,\/\/www.vistazo.com\/binrepository\/640x476\/0c0\/0d0\/none\/12727\/UFFQ\/20251006193055-adn-denuncia-a-marlon_2461046_20251006182424.jpg 640w,\/\/www.vistazo.com\/binrepository\/512x381\/0c0\/0d0\/none\/12727\/UFFC\/20251006193055-adn-denuncia-a-marlon_2461046_20251006182424.jpg 512w,\/\/www.vistazo.com\/binrepository\/384x286\/0c0\/0d0\/none\/12727\/UFFM\/20251006193055-adn-denuncia-a-marlon_2461046_20251006182424.jpg 384w,\/\/www.vistazo.com\/binrepository\/300x223\/0c0\/0d0\/none\/12727\/UFFP\/20251006193055-adn-denuncia-a-marlon_2461046_20251006182424.jpg 300w\" alt=\"$!Fotograf\u00eda de Mancheno a las afueras de la Fiscal\u00eda General del Estado, este lunes.\" width=\"768\" height=\"571\" data-srcset=\"\/\/www.vistazo.com\/binrepository\/768x571\/0c0\/0d0\/none\/12727\/UFFV\/20251006193055-adn-denuncia-a-marlon_2461046_20251006182424.jpg 768w,\/\/www.vistazo.com\/binrepository\/640x476\/0c0\/0d0\/none\/12727\/UFFQ\/20251006193055-adn-denuncia-a-marlon_2461046_20251006182424.jpg 640w,\/\/www.vistazo.com\/binrepository\/512x381\/0c0\/0d0\/none\/12727\/UFFC\/20251006193055-adn-denuncia-a-marlon_2461046_20251006182424.jpg 512w,\/\/www.vistazo.com\/binrepository\/384x286\/0c0\/0d0\/none\/12727\/UFFM\/20251006193055-adn-denuncia-a-marlon_2461046_20251006182424.jpg 384w,\/\/www.vistazo.com\/binrepository\/300x223\/0c0\/0d0\/none\/12727\/UFFP\/20251006193055-adn-denuncia-a-marlon_2461046_20251006182424.jpg 300w\" \/><\/div>\n<div class=\"cutline-byline\"><span class=\"cutline-text\">Fotograf\u00eda de Mancheno a las afueras de la Fiscal\u00eda General del Estado, este lunes.<\/span>\u00a0<span class=\"byline-image\">(Rolando Enr\u00edquez \/ API)<\/span><\/div>\n<\/figure>\n<\/div>\n<div class=\"paragraph texto\">\n<p class=\"p_4\">Por su lado, Vargas reaccion\u00f3 a trav\u00e9s de la red social X a la presentaci\u00f3n del acto urgente, rechazando que fuera referido como un\u00a0<b>terrorista\u00a0<\/b>por encabezar las manifestaciones y asegurando que\u00a0<b>est\u00e1 dispuesto a colaborar con las autoridades judiciales.<\/b><\/p>\n<\/div>\n<div class=\"Citavistazo\">\u201cSiempre dispuesto a colaborar con la justicia, no soy un terrorista. Pero exijo al Poder Judicial, de la misma forma, actos urgentes para investigar la muerte de Efra\u00edn Fuerez (comunero kichwa muri\u00f3 por disparos en medio de una manifestaci\u00f3n en Cotacachi), la grave herida que dej\u00f3 sin un ojo a Luis Agualongo en Bol\u00edvar, la compra de medios por un asamble\u00edsta de ADN y la desaparici\u00f3n de la deuda millonaria de la familia Noboa con el SRI. La justicia debe ser igual para todos, no solo contra los opositores\u201d<\/div>\n<h2 class=\"h2vistazo\">Quito, punto neur\u00e1lgico en pasadas paralizaciones<\/h2>\n<div class=\"paragraph texto\">\n<p class=\"p_5\"><b>En 2019 y 2022 el movimiento ind\u00edgena ya lider\u00f3 masivas protestas que llegaron hasta Quito<\/b>, lo que llev\u00f3 a los entonces presidentes Len\u00edn Moreno (2017-2021) y Guillermo Lasso (2021-2023) a dar marcha atr\u00e1s en la eliminaci\u00f3n de subvenciones estatales a los combustibles para cumplir con metas de ajuste fiscal acordadas con el Fondo Monetario Internacional (FMI).<\/p>\n<p class=\"p_6\">El partido oficialista dijo en un comunicado que las declaraciones de Vargas no son \u00abpol\u00edticas\u00bb sino que son \u00abadvertencias que constituyen una\u00a0<b>amenaza directa a la paz, la seguridad y la estabilidad democr\u00e1tica del pa\u00eds\u00bb.<\/b><\/p>\n<p class=\"p_7\">\u00abEcuador no puede ni debe acostumbrarse a que el\u00a0<b>chantaje\u00a0<\/b>o la\u00a0<b>violencia<\/b>\u00a0se utilicen como herramientas de presi\u00f3n o negociaci\u00f3n pol\u00edtica\u00bb, a\u00f1adi\u00f3 la bancada de ADN.<\/p>\n<p class=\"p_8\">El presidente Noboa se\u00f1al\u00f3 el domingo que\u00a0<b>nadie pod\u00eda \u00abtomarse por la fuerza la capital de todos los ecuatorianos\u00bb<\/b>, y que a quienes eligen la violencia los espera la ley.<\/p>\n<p class=\"p_9\">Vargas, por su parte, asegur\u00f3 este lunes que la lucha del movimiento ind\u00edgena<b>\u00a0\u00abno es contra las ciudades\u00bb\u00a0<\/b>sino\u00a0<b>\u00abcontra a\u00f1os de abandono, pobreza y desigualdad\u00bb<\/b>. A\u00f1adi\u00f3 en su cuenta de la red social X: \u00abNo queremos m\u00e1s desaparecidos ni asesinados por exigir dignidad\u00bb.<\/p>\n<p class=\"p_11\"><b>El l\u00edder ind\u00edgena tambi\u00e9n afirm\u00f3 estar \u00absiempre dispuesto a colaborar con la justicia\u00bb pues no es \u00abun terrorista\u00bb<\/b>, pero pidi\u00f3 a la Fiscal\u00eda investigar con la misma celeridad la muerte de Efra\u00edn Fuerez, un comunero que la Conaie considera un \u00abcrimen de Estado\u00bb, por disparos de militares durante las protestas.<\/p>\n<p class=\"p_12\"><b>Asimismo, Vargas pidi\u00f3 que se investigue \u00abla desaparici\u00f3n de la deuda millonaria de la familia Noboa\u00bb<\/b>\u00a0con la agencia de recaudaci\u00f3n estatal, en referencia a la deuda tributaria que manten\u00eda el grupo empresarial de la familia del presidente, cercana a 95 millones de d\u00f3lares y recientemente pagada.<\/p>\n<p class=\"p_13\"><b>\u00abLa justicia debe ser igual para todos, no solo contra los opositores\u00bb<\/b>, se\u00f1al\u00f3 el presidente de la Conaie.<\/p>\n<p class=\"p_14\">Tras quince d\u00edas, las manifestaciones se han saldado con<b>\u00a0un fallecido, m\u00e1s de ochenta heridos y m\u00e1s de un centenar de detenidos<\/b>, doce de ellos procesados tambi\u00e9n por el delito de terrorismo. <strong>Fuente: Vistazo<\/strong><\/p>\n<\/div>\n","protected":false},"excerpt":{"rendered":"<p>Asamble\u00edstas del partido Acci\u00f3n Democr\u00e1tica Nacional (ADN) pidieron este lunes a la Fiscal\u00eda que investigue al presidente de la Confederaci\u00f3n de Nacionalidades Ind\u00edgenas del Ecuador,\u00a0Marlon Vargas, por el delito de terrorismo, tras haber amenazado con la posibilidad de \u00abtomarse\u00bb Quito si el Gobierno no responde a sus demandas. Vargas hizo esta advertencia el pasado viernes durante una reuni\u00f3n con simpatizantes, donde asegur\u00f3 que las protestas convocadas tras la eliminaci\u00f3n del subsidio al di\u00e9sel, que hasta el momento se han concentrado especialmente en la provincia norte\u00f1a de Imbabura, podr\u00edan radicalizarse hasta el punto de tomar la capital ecuatoriana. \u00abNo podemos permitir que esta situaci\u00f3n vuelva a pasar\u00bb, dijo a la salida del Ministerio P\u00fablico Mishel Mancheno, jefa en la Asamblea Nacional de la bancada de ADN. Agreg\u00f3 que parece que Vargas no recuerda los sucesos de 2019 y 2022, cuando hubo calles con violencia y edificios incendiados en Quito. Fotograf\u00eda de Mancheno a las afueras de la Fiscal\u00eda General del Estado, este lunes.\u00a0(Rolando Enr\u00edquez \/ API) Por su lado, Vargas reaccion\u00f3 a trav\u00e9s de la red social X a la presentaci\u00f3n del acto urgente, rechazando que fuera referido como un\u00a0terrorista\u00a0por encabezar las manifestaciones y asegurando que\u00a0est\u00e1 dispuesto a colaborar con las autoridades judiciales. \u201cSiempre dispuesto a colaborar con la justicia, no soy un terrorista. Pero exijo al Poder Judicial, de la misma forma, actos urgentes para investigar la muerte de Efra\u00edn Fuerez (comunero kichwa muri\u00f3 por disparos en medio de una manifestaci\u00f3n en Cotacachi), la grave herida que dej\u00f3 sin un ojo a Luis Agualongo en Bol\u00edvar, la compra de medios por un asamble\u00edsta de ADN y la desaparici\u00f3n de la deuda millonaria de la familia Noboa con el SRI. La justicia debe ser igual para todos, no solo contra los opositores\u201d Quito, punto neur\u00e1lgico en pasadas paralizaciones En 2019 y 2022 el movimiento ind\u00edgena ya lider\u00f3 masivas protestas que llegaron hasta Quito, lo que llev\u00f3 a los entonces presidentes Len\u00edn Moreno (2017-2021) y Guillermo Lasso (2021-2023) a dar marcha atr\u00e1s en la eliminaci\u00f3n de subvenciones estatales a los combustibles para cumplir con metas de ajuste fiscal acordadas con el Fondo Monetario Internacional (FMI). El partido oficialista dijo en un comunicado que las declaraciones de Vargas no son \u00abpol\u00edticas\u00bb sino que son \u00abadvertencias que constituyen una\u00a0amenaza directa a la paz, la seguridad y la estabilidad democr\u00e1tica del pa\u00eds\u00bb. \u00abEcuador no puede ni debe acostumbrarse a que el\u00a0chantaje\u00a0o la\u00a0violencia\u00a0se utilicen como herramientas de presi\u00f3n o negociaci\u00f3n pol\u00edtica\u00bb, a\u00f1adi\u00f3 la bancada de ADN. El presidente Noboa se\u00f1al\u00f3 el domingo que\u00a0nadie pod\u00eda \u00abtomarse por la fuerza la capital de todos los ecuatorianos\u00bb, y que a quienes eligen la violencia los espera la ley. Vargas, por su parte, asegur\u00f3 este lunes que la lucha del movimiento ind\u00edgena\u00a0\u00abno es contra las ciudades\u00bb\u00a0sino\u00a0\u00abcontra a\u00f1os de abandono, pobreza y desigualdad\u00bb. A\u00f1adi\u00f3 en su cuenta de la red social X: \u00abNo queremos m\u00e1s desaparecidos ni asesinados por exigir dignidad\u00bb. El l\u00edder ind\u00edgena tambi\u00e9n afirm\u00f3 estar \u00absiempre dispuesto a colaborar con la justicia\u00bb pues no es \u00abun terrorista\u00bb, pero pidi\u00f3 a la Fiscal\u00eda investigar con la misma celeridad la muerte de Efra\u00edn Fuerez, un comunero que la Conaie considera un \u00abcrimen de Estado\u00bb, por disparos de militares durante las protestas. Asimismo, Vargas pidi\u00f3 que se investigue \u00abla desaparici\u00f3n de la deuda millonaria de la familia Noboa\u00bb\u00a0con la agencia de recaudaci\u00f3n estatal, en referencia a la deuda tributaria que manten\u00eda el grupo empresarial de la familia del presidente, cercana a 95 millones de d\u00f3lares y recientemente pagada. \u00abLa justicia debe ser igual para todos, no solo contra los opositores\u00bb, se\u00f1al\u00f3 el presidente de la Conaie. Tras quince d\u00edas, las manifestaciones se han saldado con\u00a0un fallecido, m\u00e1s de ochenta heridos y m\u00e1s de un centenar de detenidos, doce de ellos procesados tambi\u00e9n por el delito de terrorismo. Fuente: Vistazo<\/p>\n","protected":false},"author":1,"featured_media":26849,"comment_status":"closed","ping_status":"closed","sticky":false,"template":"","format":"standard","meta":{"footnotes":""},"categories":[268],"tags":[],"class_list":["post-26848","post","type-post","status-publish","format-standard","has-post-thumbnail","hentry","category-nacionales"],"_links":{"self":[{"href":"https:\/\/www.elamazonico.com\/portal\/wp-json\/wp\/v2\/posts\/26848","targetHints":{"allow":["GET"]}}],"collection":[{"href":"https:\/\/www.elamazonico.com\/portal\/wp-json\/wp\/v2\/posts"}],"about":[{"href":"https:\/\/www.elamazonico.com\/portal\/wp-json\/wp\/v2\/types\/post"}],"author":[{"embeddable":true,"href":"https:\/\/www.elamazonico.com\/portal\/wp-json\/wp\/v2\/users\/1"}],"replies":[{"embeddable":true,"href":"https:\/\/www.elamazonico.com\/portal\/wp-json\/wp\/v2\/comments?post=26848"}],"version-history":[{"count":1,"href":"https:\/\/www.elamazonico.com\/portal\/wp-json\/wp\/v2\/posts\/26848\/revisions"}],"predecessor-version":[{"id":26850,"href":"https:\/\/www.elamazonico.com\/portal\/wp-json\/wp\/v2\/posts\/26848\/revisions\/26850"}],"wp:featuredmedia":[{"embeddable":true,"href":"https:\/\/www.elamazonico.com\/portal\/wp-json\/wp\/v2\/media\/26849"}],"wp:attachment":[{"href":"https:\/\/www.elamazonico.com\/portal\/wp-json\/wp\/v2\/media?parent=26848"}],"wp:term":[{"taxonomy":"category","embeddable":true,"href":"https:\/\/www.elamazonico.com\/portal\/wp-json\/wp\/v2\/categories?post=26848"},{"taxonomy":"post_tag","embeddable":true,"href":"https:\/\/www.elamazonico.com\/portal\/wp-json\/wp\/v2\/tags?post=26848"}],"curies":[{"name":"wp","href":"https:\/\/api.w.org\/{rel}","templated":true}]}}