{"id":26845,"date":"2025-10-07T06:00:54","date_gmt":"2025-10-07T11:00:54","guid":{"rendered":"https:\/\/www.elamazonico.com\/portal\/?p=26845"},"modified":"2025-10-07T06:00:54","modified_gmt":"2025-10-07T11:00:54","slug":"caso-malvinas-comite-permanente-de-dd-hh-senala-inconsistencias-en-version-de-testigo-sobre-la-muerte-de-los-cuatro-ninos","status":"publish","type":"post","link":"https:\/\/www.elamazonico.com\/portal\/caso-malvinas-comite-permanente-de-dd-hh-senala-inconsistencias-en-version-de-testigo-sobre-la-muerte-de-los-cuatro-ninos\/","title":{"rendered":"Caso Malvinas: Comit\u00e9 Permanente de DD.HH. se\u00f1ala inconsistencias en versi\u00f3n de testigo sobre la muerte de los cuatro ni\u00f1os"},"content":{"rendered":"<div class=\"paragraph texto\">\n<p class=\"p_0\"><b>A las puertas de que se reinstale la audiencia preparatoria de juicio en contra de los 17 militares acusados de desaparici\u00f3n forzada, en el\u00a0<a href=\"http:\/\/vistazo.com\/cronologia\/-\/meta\/caso-las-malvinas\" rel=\"nofollow\">caso Malvinas<\/a>, el Comit\u00e9 Permanente de Derechos Humanos (CDH) elev\u00f3 cuestionamientos con respecto a la versi\u00f3n de un testigo sobre la muerte de los hermanos Ismael y Josu\u00e9 Arroyo, de 15 y 14 a\u00f1os, y de sus amigos Sa\u00fal Arboleda, de 15, y Steven Medina, de 11.<\/b><\/p>\n<p class=\"p_2\">Los cuerpos de los ni\u00f1os, que presuntamente estuvieron involucrados en un\u00a0<b>asalto en el sur de la ciudad de Guayaquil\u00a0<\/b>minutos antes de que fueran\u00a0<b>detenidos por una patrulla militar<\/b>, el pasado 8 de diciembre, aparecieron\u00a0<b>calcinados\u00a0<\/b>d\u00edas despu\u00e9s en la parroquia rural de Taura, situada en la provincia de Guayas, a m\u00e1s de 30 kil\u00f3metros del barrio\u00a0<b>\u00abLas Malvinas\u00bb<\/b>, ubicado en la urbe portuaria, en donde viv\u00edan.<\/p>\n<p class=\"p_3\">\u00abEl mismo d\u00eda que los hechos se hicieron p\u00fablicos y la ciudadan\u00eda y la comunidad internacional exigieron investigaci\u00f3n (21 de diciembre),\u00a0<b>un testigo acudi\u00f3 a la Fiscal\u00eda en horas de la noche para dar su versi\u00f3n libre y voluntaria\u00a0<\/b>en compa\u00f1\u00eda de agentes estatales. En dicha versi\u00f3n, el testigo se\u00f1al\u00f3 que<b>\u00a0bandas del crimen organizado se hab\u00edan llevado a los ni\u00f1os<\/b>, dando la orden de quemarlos y arrojar sus cuerpos al r\u00edo. Todo esto lo supo mientras se encontraba en un bar\u00bb, inform\u00f3 el CDH en un comunicado difundido por redes sociales, este lunes.<\/p>\n<p class=\"p_4\">A partir de dicho testimonio, el Ministerio P\u00fablico puso en marcha una<b>\u00a0investigaci\u00f3n paralela a la de desaparici\u00f3n forzada<\/b>, que abarcaba en cambio la figura de<b>\u00a0secuestro con resultado de muerte<\/b>\u00a0y fue desarrollada por la Unidad Nacional Especializada de Investigaci\u00f3n contra la Delincuencia Organizada Transnacional (UNIDOT) en Quito.<\/p>\n<p class=\"p_5\">\u00abEl 9 de septiembre de 2025, el testigo declar\u00f3 ante la UNIDOT que\u00a0<b>su domicilio hab\u00eda sido allanado en la madrugada del 21 de diciembre de 2024<\/b>, que fue detenido y torturado, y que personal militar lo oblig\u00f3 bajo amenazas de muerte a afirmar que bandas criminales se hab\u00edan llevado a los ni\u00f1os. Aclar\u00f3 que desconoc\u00eda los hechos y a los responsables, y que<b>\u00a0fue el personal militar quien le suministr\u00f3 los nombres y apellidos de los supuestos presuntos responsables<\/b>, coaccion\u00e1ndolo para dar esa versi\u00f3n inicial en Guayaquil (la del 21 de diciembre)\u00bb, afirm\u00f3 la organizaci\u00f3n.<\/p>\n<p class=\"p_6\">El CDH acot\u00f3 que \u00absiempre cuestion\u00f3\u00bb el testimonio otorgado a la Fiscal\u00eda en diciembre del a\u00f1o pasado, en el que se refer\u00eda la participaci\u00f3n de supuestos miembros de bandas de crimen organizado, por la<b>\u00a0\u00abfalta de coherencia entre horas y fechas\u00bb.\u00a0<\/b>En adici\u00f3n, pidi\u00f3 a la Fiscal\u00eda considerar todas las l\u00edneas de investigaci\u00f3n al revisar el caso.<\/p>\n<\/div>\n<h2 class=\"h2vistazo\">Militares afirman que dejaron a los menores con vida<\/h2>\n<div class=\"paragraph texto\">\n<p class=\"p_7\">Los abogados de los uniformados, que forman parte de la Fuerza A\u00e9rea Ecuatoriana, intentaron que a mediados de junio de este a\u00f1o se les conceda amparo bajo la<b>\u00a0Ley de Solidaridad Nacional<\/b>, dada de baja el pasado 26 de septiembre por la Corte Constitucional, que<b>\u00a0exim\u00eda de prisi\u00f3n preventiva<\/b>\u00a0a elementos de la Fuerza P\u00fablica procesados por acciones acontecidas en el marco del denominado \u00abconflicto armado interno\u00bb en contra del crimen organizado, declarado por el mandatario Daniel Noboa en enero del 2024.<\/p>\n<p class=\"p_8\">Al ser procesados,\u00a0<b>los militares que participaron en la detenci\u00f3n aseguraron que dejaron a los menores con vida en dicha zona.<\/b>\u00a0No obstante, en un segunda reconstrucci\u00f3n de los hechos, tres de ellos revelaron que los ni\u00f1os fueron golpeados y humillados repetidamente bajo custodia.<\/p>\n<p class=\"p_10\">De acuerdo a la investigaci\u00f3n, luego de ser abandonados por el contingente en Taura, aproximadamente a la medianoche, los menores realizaron una llamada a sus padres desde el hogar de un ciudadano a quien le pidieron ayuda.\u00a0<b>Es a partir de ese momento que se pierde el rastro de lo que ocurri\u00f3 hasta el hallazgo de los cad\u00e1veres.<\/b><\/p>\n<\/div>\n","protected":false},"excerpt":{"rendered":"<p>A las puertas de que se reinstale la audiencia preparatoria de juicio en contra de los 17 militares acusados de desaparici\u00f3n forzada, en el\u00a0caso Malvinas, el Comit\u00e9 Permanente de Derechos Humanos (CDH) elev\u00f3 cuestionamientos con respecto a la versi\u00f3n de un testigo sobre la muerte de los hermanos Ismael y Josu\u00e9 Arroyo, de 15 y 14 a\u00f1os, y de sus amigos Sa\u00fal Arboleda, de 15, y Steven Medina, de 11. Los cuerpos de los ni\u00f1os, que presuntamente estuvieron involucrados en un\u00a0asalto en el sur de la ciudad de Guayaquil\u00a0minutos antes de que fueran\u00a0detenidos por una patrulla militar, el pasado 8 de diciembre, aparecieron\u00a0calcinados\u00a0d\u00edas despu\u00e9s en la parroquia rural de Taura, situada en la provincia de Guayas, a m\u00e1s de 30 kil\u00f3metros del barrio\u00a0\u00abLas Malvinas\u00bb, ubicado en la urbe portuaria, en donde viv\u00edan. \u00abEl mismo d\u00eda que los hechos se hicieron p\u00fablicos y la ciudadan\u00eda y la comunidad internacional exigieron investigaci\u00f3n (21 de diciembre),\u00a0un testigo acudi\u00f3 a la Fiscal\u00eda en horas de la noche para dar su versi\u00f3n libre y voluntaria\u00a0en compa\u00f1\u00eda de agentes estatales. En dicha versi\u00f3n, el testigo se\u00f1al\u00f3 que\u00a0bandas del crimen organizado se hab\u00edan llevado a los ni\u00f1os, dando la orden de quemarlos y arrojar sus cuerpos al r\u00edo. Todo esto lo supo mientras se encontraba en un bar\u00bb, inform\u00f3 el CDH en un comunicado difundido por redes sociales, este lunes. A partir de dicho testimonio, el Ministerio P\u00fablico puso en marcha una\u00a0investigaci\u00f3n paralela a la de desaparici\u00f3n forzada, que abarcaba en cambio la figura de\u00a0secuestro con resultado de muerte\u00a0y fue desarrollada por la Unidad Nacional Especializada de Investigaci\u00f3n contra la Delincuencia Organizada Transnacional (UNIDOT) en Quito. \u00abEl 9 de septiembre de 2025, el testigo declar\u00f3 ante la UNIDOT que\u00a0su domicilio hab\u00eda sido allanado en la madrugada del 21 de diciembre de 2024, que fue detenido y torturado, y que personal militar lo oblig\u00f3 bajo amenazas de muerte a afirmar que bandas criminales se hab\u00edan llevado a los ni\u00f1os. Aclar\u00f3 que desconoc\u00eda los hechos y a los responsables, y que\u00a0fue el personal militar quien le suministr\u00f3 los nombres y apellidos de los supuestos presuntos responsables, coaccion\u00e1ndolo para dar esa versi\u00f3n inicial en Guayaquil (la del 21 de diciembre)\u00bb, afirm\u00f3 la organizaci\u00f3n. El CDH acot\u00f3 que \u00absiempre cuestion\u00f3\u00bb el testimonio otorgado a la Fiscal\u00eda en diciembre del a\u00f1o pasado, en el que se refer\u00eda la participaci\u00f3n de supuestos miembros de bandas de crimen organizado, por la\u00a0\u00abfalta de coherencia entre horas y fechas\u00bb.\u00a0En adici\u00f3n, pidi\u00f3 a la Fiscal\u00eda considerar todas las l\u00edneas de investigaci\u00f3n al revisar el caso. Militares afirman que dejaron a los menores con vida Los abogados de los uniformados, que forman parte de la Fuerza A\u00e9rea Ecuatoriana, intentaron que a mediados de junio de este a\u00f1o se les conceda amparo bajo la\u00a0Ley de Solidaridad Nacional, dada de baja el pasado 26 de septiembre por la Corte Constitucional, que\u00a0exim\u00eda de prisi\u00f3n preventiva\u00a0a elementos de la Fuerza P\u00fablica procesados por acciones acontecidas en el marco del denominado \u00abconflicto armado interno\u00bb en contra del crimen organizado, declarado por el mandatario Daniel Noboa en enero del 2024. Al ser procesados,\u00a0los militares que participaron en la detenci\u00f3n aseguraron que dejaron a los menores con vida en dicha zona.\u00a0No obstante, en un segunda reconstrucci\u00f3n de los hechos, tres de ellos revelaron que los ni\u00f1os fueron golpeados y humillados repetidamente bajo custodia. De acuerdo a la investigaci\u00f3n, luego de ser abandonados por el contingente en Taura, aproximadamente a la medianoche, los menores realizaron una llamada a sus padres desde el hogar de un ciudadano a quien le pidieron ayuda.\u00a0Es a partir de ese momento que se pierde el rastro de lo que ocurri\u00f3 hasta el hallazgo de los cad\u00e1veres.<\/p>\n","protected":false},"author":1,"featured_media":26846,"comment_status":"closed","ping_status":"closed","sticky":false,"template":"","format":"standard","meta":{"footnotes":""},"categories":[268],"tags":[],"class_list":["post-26845","post","type-post","status-publish","format-standard","has-post-thumbnail","hentry","category-nacionales"],"_links":{"self":[{"href":"https:\/\/www.elamazonico.com\/portal\/wp-json\/wp\/v2\/posts\/26845","targetHints":{"allow":["GET"]}}],"collection":[{"href":"https:\/\/www.elamazonico.com\/portal\/wp-json\/wp\/v2\/posts"}],"about":[{"href":"https:\/\/www.elamazonico.com\/portal\/wp-json\/wp\/v2\/types\/post"}],"author":[{"embeddable":true,"href":"https:\/\/www.elamazonico.com\/portal\/wp-json\/wp\/v2\/users\/1"}],"replies":[{"embeddable":true,"href":"https:\/\/www.elamazonico.com\/portal\/wp-json\/wp\/v2\/comments?post=26845"}],"version-history":[{"count":1,"href":"https:\/\/www.elamazonico.com\/portal\/wp-json\/wp\/v2\/posts\/26845\/revisions"}],"predecessor-version":[{"id":26847,"href":"https:\/\/www.elamazonico.com\/portal\/wp-json\/wp\/v2\/posts\/26845\/revisions\/26847"}],"wp:featuredmedia":[{"embeddable":true,"href":"https:\/\/www.elamazonico.com\/portal\/wp-json\/wp\/v2\/media\/26846"}],"wp:attachment":[{"href":"https:\/\/www.elamazonico.com\/portal\/wp-json\/wp\/v2\/media?parent=26845"}],"wp:term":[{"taxonomy":"category","embeddable":true,"href":"https:\/\/www.elamazonico.com\/portal\/wp-json\/wp\/v2\/categories?post=26845"},{"taxonomy":"post_tag","embeddable":true,"href":"https:\/\/www.elamazonico.com\/portal\/wp-json\/wp\/v2\/tags?post=26845"}],"curies":[{"name":"wp","href":"https:\/\/api.w.org\/{rel}","templated":true}]}}