{"id":26838,"date":"2025-10-06T11:35:04","date_gmt":"2025-10-06T16:35:04","guid":{"rendered":"https:\/\/www.elamazonico.com\/portal\/?p=26838"},"modified":"2025-10-06T11:35:04","modified_gmt":"2025-10-06T16:35:04","slug":"el-gobierno-de-ecuador-no-ve-voluntad-de-dialogo-en-los-dirigentes-del-movimiento-indigena","status":"publish","type":"post","link":"https:\/\/www.elamazonico.com\/portal\/el-gobierno-de-ecuador-no-ve-voluntad-de-dialogo-en-los-dirigentes-del-movimiento-indigena\/","title":{"rendered":"El Gobierno de Ecuador no ve voluntad de di\u00e1logo en los dirigentes del movimiento ind\u00edgena"},"content":{"rendered":"<p>La ministra de Gobierno de Ecuador, Zaida Rovira, afirm\u00f3 que los dirigentes de la Confederaci\u00f3n de Nacionalidades Ind\u00edgenas (Conaie) no muestran voluntad de di\u00e1logo, mientras las protestas contra el alza del di\u00e9sel y otras demandas entran este lunes en su tercera semana.<\/p>\n<p>Tras aclarar que el paro convocado con car\u00e1cter nacional se ha centrado en pocas provincias, siendo Imbabura la m\u00e1s afectada, Rovira relat\u00f3 que hace varios d\u00edas lograron dialogar con ciertos grupos de ind\u00edgenas, pero no con los dirigentes de la Conaie.<\/p>\n<p>\u00abNuestra posici\u00f3n es abierta al di\u00e1logo, pero no podemos permitir que se secuestre a una provincia (Imbabura) y ahora se quiera ir a otra provincia (Pichincha)\u00bb, dijo en la television Teleamazonas en referencia a la amenaza del presidente de la Conaie, Marlon Vargas, de tomarse Quito, capital del pa\u00eds y de Pichincha.<\/p>\n<p>\u00abSi el Gobierno no hace caso, vamos a estar convencidos de tomarnos Quito. Ya no podemos seguir aguantando. Ya no podemos seguir soportando\u00bb, se\u00f1al\u00f3 Vargas durante una reuni\u00f3n con comunidades el pasado viernes.<\/p>\n<p>Rovira coment\u00f3 que han procurado \u00abel di\u00e1logo con todas las organizaciones ind\u00edgenas\u00bb, pero, \u00ablamentablemente no hemos tenido un eco de la otra parte y lo \u00fanico que encontramos son amenazas\u00bb.<\/p>\n<p>\u00abEn ese marco es muy dif\u00edcil dialogar a\u00fan cuando busquemos todos los mecanismos\u00bb, dijo al insistir en que \u00abno ha habido ning\u00fan espacio para poder dialogar y revisar las propuestas que tiene la Conaie\u00bb.<\/p>\n<h1><b>\u00bfMedida pol\u00edtica?<\/b><\/h1>\n<p>Rovira cree que \u00abno existe voluntad ni de dialogar y tampoco de presentar propuestas serias\u00bb y apunt\u00f3 que ha quedado \u00abclar\u00edsimo que \u00e9sta actitud de la dirigencia de la Conaie, (&#8230;) porque no obedece a todos los pueblos ind\u00edgenas, lo \u00fanico que busca es realizar ya una campa\u00f1a en contra de la consulta popular y ya no hablan del motivo original de esta medida (di\u00e9sel), ahora para ellos todo es &#8216;No'\u00bb.<\/p>\n<p>La Conaie ha avanzado que har\u00e1 campa\u00f1a por el &#8216;No&#8217; en la consulta popular prevista para el pr\u00f3ximo 16 de noviembre en la que, entre otras cosas, se consultar\u00e1 a la ciudadan\u00eda sobre la instalaci\u00f3n de una Asamblea Constituyente para redactar una nueva Constituci\u00f3n.<\/p>\n<p>La Conaie tambi\u00e9n ha pedido bajar tres puntos en el Impuesto al Valor Agregado hasta el 12 %, algo que el Gobierno se niega a poner sobre la mesa, as\u00ed como una eventual derogatoria de la eliminaci\u00f3n del subsidio al di\u00e9sel, pues se\u00f1ala que ha focalizado ya la entrega de incentivos y compensaciones a los perjudicados por la medida.<\/p>\n<p>Asimismo, la Conaie pide la liberaci\u00f3n de 12 personas que fueron detenidas el 22 de septiembre y procesados por &#8216;terrorismo&#8217;, despu\u00e9s de un ataque a un cuartel policial en la ciudad de Otavalo (Imbabura) donde se destruyeron las instalaciones y se quemaron diez veh\u00edculos policiales y particulares.<\/p>\n<p>Rovira record\u00f3 que la situaci\u00f3n de los detenidos no es competencia del Gobierno, por lo que \u00abser\u00eda imposible que lo pongamos en una mesa de di\u00e1logo, porque ser\u00eda tanto como meterle la mano a la justicia\u00bb.<\/p>\n<p>Por ello, insisti\u00f3 en que las puertas est\u00e1n abiertas al di\u00e1logo, pero con medidas y propuestas \u00abclaras y sensatas\u00bb.<\/p>\n<h1><b>\u00abGrave amenaza\u00bb<\/b><\/h1>\n<p>Ante la revelaci\u00f3n de los sectores empresariales sobre p\u00e9rdidas que superan los 70 millones de d\u00f3lares por las protestas ind\u00edgenas, la ministra insisti\u00f3 en que la posici\u00f3n del Gobierno es la apertura al di\u00e1logo.<\/p>\n<p>\u00abNosotros no vamos a declinar posiciones en cuanto a permitir que se incendie el pa\u00eds. Vamos a ser muy firmes en eso: di\u00e1logo con todos los que quieran conversar, pero con aquellos que siguen sembrando el caos y el terror, seremos muy firmes\u00bb, recalc\u00f3 al recordar que hasta el este momento hay 111 detenidos.<\/p>\n<p>La ministra, quien record\u00f3 que rige el estado de excepci\u00f3n en diez de las 24 provincias, calific\u00f3 como una \u00abgrave amenaza\u00bb el recordatorio del movimiento ind\u00edgena de que otros presidentes, como Jamil Mahuad (1998-2000) y Lucio Guti\u00e9rrez (2003-2005), fueron derrocados por protestas sociales.<\/p>\n<p>\u00abLo que est\u00e1 haciendo es amenazando, est\u00e1 diciendo voy a dar un golpe de Estado; est\u00e1 diciendo, voy a sembrar el caos y el terror, y en ese contexto actuaremos con la mayor firmeza\u00bb, advirti\u00f3.<\/p>\n","protected":false},"excerpt":{"rendered":"<p>La ministra de Gobierno de Ecuador, Zaida Rovira, afirm\u00f3 que los dirigentes de la Confederaci\u00f3n de Nacionalidades Ind\u00edgenas (Conaie) no muestran voluntad de di\u00e1logo, mientras las protestas contra el alza del di\u00e9sel y otras demandas entran este lunes en su tercera semana. Tras aclarar que el paro convocado con car\u00e1cter nacional se ha centrado en pocas provincias, siendo Imbabura la m\u00e1s afectada, Rovira relat\u00f3 que hace varios d\u00edas lograron dialogar con ciertos grupos de ind\u00edgenas, pero no con los dirigentes de la Conaie. \u00abNuestra posici\u00f3n es abierta al di\u00e1logo, pero no podemos permitir que se secuestre a una provincia (Imbabura) y ahora se quiera ir a otra provincia (Pichincha)\u00bb, dijo en la television Teleamazonas en referencia a la amenaza del presidente de la Conaie, Marlon Vargas, de tomarse Quito, capital del pa\u00eds y de Pichincha. \u00abSi el Gobierno no hace caso, vamos a estar convencidos de tomarnos Quito. Ya no podemos seguir aguantando. Ya no podemos seguir soportando\u00bb, se\u00f1al\u00f3 Vargas durante una reuni\u00f3n con comunidades el pasado viernes. Rovira coment\u00f3 que han procurado \u00abel di\u00e1logo con todas las organizaciones ind\u00edgenas\u00bb, pero, \u00ablamentablemente no hemos tenido un eco de la otra parte y lo \u00fanico que encontramos son amenazas\u00bb. \u00abEn ese marco es muy dif\u00edcil dialogar a\u00fan cuando busquemos todos los mecanismos\u00bb, dijo al insistir en que \u00abno ha habido ning\u00fan espacio para poder dialogar y revisar las propuestas que tiene la Conaie\u00bb. \u00bfMedida pol\u00edtica? Rovira cree que \u00abno existe voluntad ni de dialogar y tampoco de presentar propuestas serias\u00bb y apunt\u00f3 que ha quedado \u00abclar\u00edsimo que \u00e9sta actitud de la dirigencia de la Conaie, (&#8230;) porque no obedece a todos los pueblos ind\u00edgenas, lo \u00fanico que busca es realizar ya una campa\u00f1a en contra de la consulta popular y ya no hablan del motivo original de esta medida (di\u00e9sel), ahora para ellos todo es &#8216;No&#8217;\u00bb. La Conaie ha avanzado que har\u00e1 campa\u00f1a por el &#8216;No&#8217; en la consulta popular prevista para el pr\u00f3ximo 16 de noviembre en la que, entre otras cosas, se consultar\u00e1 a la ciudadan\u00eda sobre la instalaci\u00f3n de una Asamblea Constituyente para redactar una nueva Constituci\u00f3n. La Conaie tambi\u00e9n ha pedido bajar tres puntos en el Impuesto al Valor Agregado hasta el 12 %, algo que el Gobierno se niega a poner sobre la mesa, as\u00ed como una eventual derogatoria de la eliminaci\u00f3n del subsidio al di\u00e9sel, pues se\u00f1ala que ha focalizado ya la entrega de incentivos y compensaciones a los perjudicados por la medida. Asimismo, la Conaie pide la liberaci\u00f3n de 12 personas que fueron detenidas el 22 de septiembre y procesados por &#8216;terrorismo&#8217;, despu\u00e9s de un ataque a un cuartel policial en la ciudad de Otavalo (Imbabura) donde se destruyeron las instalaciones y se quemaron diez veh\u00edculos policiales y particulares. Rovira record\u00f3 que la situaci\u00f3n de los detenidos no es competencia del Gobierno, por lo que \u00abser\u00eda imposible que lo pongamos en una mesa de di\u00e1logo, porque ser\u00eda tanto como meterle la mano a la justicia\u00bb. Por ello, insisti\u00f3 en que las puertas est\u00e1n abiertas al di\u00e1logo, pero con medidas y propuestas \u00abclaras y sensatas\u00bb. \u00abGrave amenaza\u00bb Ante la revelaci\u00f3n de los sectores empresariales sobre p\u00e9rdidas que superan los 70 millones de d\u00f3lares por las protestas ind\u00edgenas, la ministra insisti\u00f3 en que la posici\u00f3n del Gobierno es la apertura al di\u00e1logo. \u00abNosotros no vamos a declinar posiciones en cuanto a permitir que se incendie el pa\u00eds. Vamos a ser muy firmes en eso: di\u00e1logo con todos los que quieran conversar, pero con aquellos que siguen sembrando el caos y el terror, seremos muy firmes\u00bb, recalc\u00f3 al recordar que hasta el este momento hay 111 detenidos. La ministra, quien record\u00f3 que rige el estado de excepci\u00f3n en diez de las 24 provincias, calific\u00f3 como una \u00abgrave amenaza\u00bb el recordatorio del movimiento ind\u00edgena de que otros presidentes, como Jamil Mahuad (1998-2000) y Lucio Guti\u00e9rrez (2003-2005), fueron derrocados por protestas sociales. \u00abLo que est\u00e1 haciendo es amenazando, est\u00e1 diciendo voy a dar un golpe de Estado; est\u00e1 diciendo, voy a sembrar el caos y el terror, y en ese contexto actuaremos con la mayor firmeza\u00bb, advirti\u00f3.<\/p>\n","protected":false},"author":1,"featured_media":26839,"comment_status":"closed","ping_status":"closed","sticky":false,"template":"","format":"standard","meta":{"footnotes":""},"categories":[268],"tags":[],"class_list":["post-26838","post","type-post","status-publish","format-standard","has-post-thumbnail","hentry","category-nacionales"],"_links":{"self":[{"href":"https:\/\/www.elamazonico.com\/portal\/wp-json\/wp\/v2\/posts\/26838","targetHints":{"allow":["GET"]}}],"collection":[{"href":"https:\/\/www.elamazonico.com\/portal\/wp-json\/wp\/v2\/posts"}],"about":[{"href":"https:\/\/www.elamazonico.com\/portal\/wp-json\/wp\/v2\/types\/post"}],"author":[{"embeddable":true,"href":"https:\/\/www.elamazonico.com\/portal\/wp-json\/wp\/v2\/users\/1"}],"replies":[{"embeddable":true,"href":"https:\/\/www.elamazonico.com\/portal\/wp-json\/wp\/v2\/comments?post=26838"}],"version-history":[{"count":1,"href":"https:\/\/www.elamazonico.com\/portal\/wp-json\/wp\/v2\/posts\/26838\/revisions"}],"predecessor-version":[{"id":26840,"href":"https:\/\/www.elamazonico.com\/portal\/wp-json\/wp\/v2\/posts\/26838\/revisions\/26840"}],"wp:featuredmedia":[{"embeddable":true,"href":"https:\/\/www.elamazonico.com\/portal\/wp-json\/wp\/v2\/media\/26839"}],"wp:attachment":[{"href":"https:\/\/www.elamazonico.com\/portal\/wp-json\/wp\/v2\/media?parent=26838"}],"wp:term":[{"taxonomy":"category","embeddable":true,"href":"https:\/\/www.elamazonico.com\/portal\/wp-json\/wp\/v2\/categories?post=26838"},{"taxonomy":"post_tag","embeddable":true,"href":"https:\/\/www.elamazonico.com\/portal\/wp-json\/wp\/v2\/tags?post=26838"}],"curies":[{"name":"wp","href":"https:\/\/api.w.org\/{rel}","templated":true}]}}