{"id":26835,"date":"2025-10-06T10:14:16","date_gmt":"2025-10-06T15:14:16","guid":{"rendered":"https:\/\/www.elamazonico.com\/portal\/?p=26835"},"modified":"2025-10-06T10:14:16","modified_gmt":"2025-10-06T15:14:16","slug":"mi-tierra-de-aves-y-cascadas","status":"publish","type":"post","link":"https:\/\/www.elamazonico.com\/portal\/mi-tierra-de-aves-y-cascadas\/","title":{"rendered":"MI TIERRA DE AVES Y CASCADAS"},"content":{"rendered":"<p>Hoy, Zamora cumple 476 a\u00f1os de su fundaci\u00f3n. Casi cinco siglos de historia, de lucha, de pluriculturalidad, de gente buena y amable que se levanta cada d\u00eda a luchar por sus sue\u00f1os. Mi tierra de aves y cascadas, donde tuve la oportunidad de vivir parte de mi ni\u00f1ez y adolescencia. Aunque la vida me alej\u00f3 de esta bella tierra, su gente, su flora y su fauna siempre las llevo en el coraz\u00f3n y en mi memoria.<\/p>\n<p>Zamora es m\u00e1s que un punto en el mapa; es un sentimiento. Es ese aroma a tierra mojada despu\u00e9s de la lluvia, es el sonido del r\u00edo Bombuscaro que acompa\u00f1a las tardes, es la mirada sincera del campesino y la sonrisa c\u00e1lida del amigo que siempre tiene tiempo para una charla. Entre monta\u00f1as y neblina, uno aprende que la verdadera riqueza no est\u00e1 en el oro de sus r\u00edos, sino en la nobleza de su gente.<\/p>\n<p>Celebrar a Zamora es recordar lo que somos; un pueblo trabajador, diverso y profundamente humano. Es reconocer a quienes han dedicado su vida al campo, a la educaci\u00f3n, a la m\u00fasica, al arte y a la defensa de nuestra naturaleza. Porque Zamora no solo guarda historia, guarda futuro. Cada joven que estudia, cada emprendedor que apuesta por su tierra, cada familia que se esfuerza por salir adelante.<\/p>\n<p>En este aniversario recordamos a esta tierra que lo da todo sin pedir nada. Cuidarla, protegerla y, sobre todo, sentirnos orgullosos de llamarla nuestro hogar. Aunque la vida nos haya llevado por distintos caminos, <strong>mi querida Zamora, siempre te llevar\u00e9 en el coraz\u00f3n.<\/strong><\/p>\n<p><strong>Feliz aniversario, Zamora querida.\u00a0\u00a0\u00a0\u00a0 <\/strong><br \/>\n<strong><em>Franco Tamay Vega\u00a0\u00a0\u00a0 <\/em><\/strong><br \/>\n<strong><em>Abogado.<\/em><\/strong><\/p>\n","protected":false},"excerpt":{"rendered":"<p>Hoy, Zamora cumple 476 a\u00f1os de su fundaci\u00f3n. Casi cinco siglos de historia, de lucha, de pluriculturalidad, de gente buena y amable que se levanta cada d\u00eda a luchar por sus sue\u00f1os. Mi tierra de aves y cascadas, donde tuve la oportunidad de vivir parte de mi ni\u00f1ez y adolescencia. Aunque la vida me alej\u00f3 de esta bella tierra, su gente, su flora y su fauna siempre las llevo en el coraz\u00f3n y en mi memoria. Zamora es m\u00e1s que un punto en el mapa; es un sentimiento. Es ese aroma a tierra mojada despu\u00e9s de la lluvia, es el sonido del r\u00edo Bombuscaro que acompa\u00f1a las tardes, es la mirada sincera del campesino y la sonrisa c\u00e1lida del amigo que siempre tiene tiempo para una charla. Entre monta\u00f1as y neblina, uno aprende que la verdadera riqueza no est\u00e1 en el oro de sus r\u00edos, sino en la nobleza de su gente. Celebrar a Zamora es recordar lo que somos; un pueblo trabajador, diverso y profundamente humano. Es reconocer a quienes han dedicado su vida al campo, a la educaci\u00f3n, a la m\u00fasica, al arte y a la defensa de nuestra naturaleza. Porque Zamora no solo guarda historia, guarda futuro. Cada joven que estudia, cada emprendedor que apuesta por su tierra, cada familia que se esfuerza por salir adelante. En este aniversario recordamos a esta tierra que lo da todo sin pedir nada. Cuidarla, protegerla y, sobre todo, sentirnos orgullosos de llamarla nuestro hogar. Aunque la vida nos haya llevado por distintos caminos, mi querida Zamora, siempre te llevar\u00e9 en el coraz\u00f3n. Feliz aniversario, Zamora querida.\u00a0\u00a0\u00a0\u00a0 Franco Tamay Vega\u00a0\u00a0\u00a0 Abogado.<\/p>\n","protected":false},"author":1,"featured_media":26836,"comment_status":"closed","ping_status":"closed","sticky":false,"template":"","format":"standard","meta":{"footnotes":""},"categories":[243,7],"tags":[],"class_list":["post-26835","post","type-post","status-publish","format-standard","has-post-thumbnail","hentry","category-noticias-zamora","category-opinion"],"_links":{"self":[{"href":"https:\/\/www.elamazonico.com\/portal\/wp-json\/wp\/v2\/posts\/26835","targetHints":{"allow":["GET"]}}],"collection":[{"href":"https:\/\/www.elamazonico.com\/portal\/wp-json\/wp\/v2\/posts"}],"about":[{"href":"https:\/\/www.elamazonico.com\/portal\/wp-json\/wp\/v2\/types\/post"}],"author":[{"embeddable":true,"href":"https:\/\/www.elamazonico.com\/portal\/wp-json\/wp\/v2\/users\/1"}],"replies":[{"embeddable":true,"href":"https:\/\/www.elamazonico.com\/portal\/wp-json\/wp\/v2\/comments?post=26835"}],"version-history":[{"count":1,"href":"https:\/\/www.elamazonico.com\/portal\/wp-json\/wp\/v2\/posts\/26835\/revisions"}],"predecessor-version":[{"id":26837,"href":"https:\/\/www.elamazonico.com\/portal\/wp-json\/wp\/v2\/posts\/26835\/revisions\/26837"}],"wp:featuredmedia":[{"embeddable":true,"href":"https:\/\/www.elamazonico.com\/portal\/wp-json\/wp\/v2\/media\/26836"}],"wp:attachment":[{"href":"https:\/\/www.elamazonico.com\/portal\/wp-json\/wp\/v2\/media?parent=26835"}],"wp:term":[{"taxonomy":"category","embeddable":true,"href":"https:\/\/www.elamazonico.com\/portal\/wp-json\/wp\/v2\/categories?post=26835"},{"taxonomy":"post_tag","embeddable":true,"href":"https:\/\/www.elamazonico.com\/portal\/wp-json\/wp\/v2\/tags?post=26835"}],"curies":[{"name":"wp","href":"https:\/\/api.w.org\/{rel}","templated":true}]}}