{"id":26821,"date":"2025-10-03T11:17:25","date_gmt":"2025-10-03T16:17:25","guid":{"rendered":"https:\/\/www.elamazonico.com\/portal\/?p=26821"},"modified":"2025-10-03T11:17:25","modified_gmt":"2025-10-03T16:17:25","slug":"ecuador-exige-a-europa-precios-justos-y-apoyo-contra-el-narcotrafico-en-exportacion-de-banano","status":"publish","type":"post","link":"https:\/\/www.elamazonico.com\/portal\/ecuador-exige-a-europa-precios-justos-y-apoyo-contra-el-narcotrafico-en-exportacion-de-banano\/","title":{"rendered":"Ecuador exige a Europa precios justos y apoyo contra el narcotr\u00e1fico en exportaci\u00f3n de banano"},"content":{"rendered":"<p>Ecuador, primer exportador mundial de banano, hizo en Madrid un llamado a los mercados europeos para que asuman su responsabilidad en la erradicaci\u00f3n del narcotr\u00e1fico que afecta a los cargamentos procedentes de los puertos ecuatorianos. El pa\u00eds tambi\u00e9n reclam\u00f3 que los precios reflejen el esfuerzo de origen por mejorar la seguridad, la sostenibilidad social y el cuidado ambiental de la producci\u00f3n bananera.<\/p>\n<p>Ecuador pide a Europa compromiso en seguridad y sostenibilidad en la exportaci\u00f3n de banano<br \/>\nDurante su participaci\u00f3n en la feria internacional Fruit Attraction, que concluy\u00f3 este jueves 2 de octubre del 2025 en Madrid, la Asociaci\u00f3n de Exportadores de Banano del Ecuador (AEBE) present\u00f3 los esfuerzos de la cadena productiva por ofrecer un banano de calidad que cumpla con los estrictos requisitos de la Uni\u00f3n Europea (UE).<\/p>\n<p>\u201cEl 66 % de la carga de exportaci\u00f3n de Ecuador es banano y el 30 % tiene como destino la UE\u201d, explic\u00f3 Jos\u00e9 Antonio Hidalgo, director ejecutivo de AEBE y coordinador del Cl\u00faster Bananero y Platanero del Ecuador, en el conversatorio \u201cPreservar la integridad comercial: Fortalecer la seguridad y trazabilidad en las cadenas de exportaci\u00f3n de banano\u201d, organizado por el Foro Mundial Bananero de la FAO, se\u00f1al\u00f3 EFE.<\/p>\n<p>Hidalgo enfatiz\u00f3 que el narcotr\u00e1fico es un reto transnacional: \u201cEste desaf\u00edo no es de un solo pa\u00eds ni de un solo sector. Debemos abordarlo de forma conjunta. Solo con cooperaci\u00f3n internacional y transparencia en nuestras cadenas de valor podremos fortalecer la sostenibilidad del banano\u201d.<\/p>\n<p>Inversi\u00f3n millonaria en seguridad contra el narcotr\u00e1fico<br \/>\nEl sector bananero de Ecuador invierte alrededor de 100 millones de d\u00f3lares al a\u00f1o en seguridad para proteger sus exportaciones. Entre las medidas aplicadas destacan el protocolo de Fincas Seguras, la instalaci\u00f3n de esc\u00e1neres de contenedores en todos los puertos y la implementaci\u00f3n del proyecto de carga segura junto con la Uni\u00f3n Europea.<\/p>\n<p>Estas acciones han dado resultados. Seg\u00fan Hidalgo, la droga incautada en el puerto de Amberes (B\u00e9lgica) cay\u00f3 de 121 toneladas en 2023 a 44 toneladas en 2024. En R\u00f3terdam (Pa\u00edses Bajos), las incautaciones tambi\u00e9n se redujeron, pasando de 12 a 8 toneladas en el mismo periodo.<\/p>\n<p>AEBE insisti\u00f3 en abrir espacios de cooperaci\u00f3n t\u00e9cnica con los puertos espa\u00f1oles, donde arriban o transitan los bananos ecuatorianos, para reforzar la seguridad de la cadena log\u00edstica.<\/p>\n<p>Precios justos y salarios dignos en la industria bananera<br \/>\nEl cl\u00faster bananero recalc\u00f3 que el esfuerzo de enviar a Europa un banano de calidad, seguro y sostenible debe reflejarse en un precio justo al consumidor final.<\/p>\n<p>\u201cCada banano ecuatoriano tiene detr\u00e1s una historia justa. No debe seguir siendo la fruta m\u00e1s barata de la percha ni utilizada como producto gancho\u201d, advirti\u00f3 Hidalgo.<\/p>\n<p>El sector tambi\u00e9n se comprometi\u00f3 a promover salarios dignos, elaborar un primer manual de salud ocupacional en conjunto con sindicatos y mantener una alianza con el Gobierno para garantizar la erradicaci\u00f3n del trabajo infantil en la industria bananera.<\/p>\n<p><strong>De Fruit Attraction a Banana Time 2025<\/strong><br \/>\nEn Fruit Attraction, Ecuador cont\u00f3 con un pabell\u00f3n inaugurado por el ministro de Agricultura y Ganader\u00eda, Danilo Palacios, acompa\u00f1ado de la embajadora de Espa\u00f1a en Ecuador, Wilma Andrade.<\/p>\n<p>Los temas de seguridad en la exportaci\u00f3n, sostenibilidad social y ambiental, y los precios justos estar\u00e1n nuevamente en la agenda de Banana Time 2025, la mayor convenci\u00f3n bananera de Latinoam\u00e9rica, organizada por AEBE en Guayaquil del 14 al 17 de octubre.<\/p>\n<p>En este evento se abordar\u00e1n adem\u00e1s la din\u00e1mica de los mercados internacionales, los cambios regulatorios, las tendencias de consumo, los retos de las certificaciones org\u00e1nicas y la adaptaci\u00f3n a las exigencias ambientales y sociales. Tambi\u00e9n se presentar\u00e1n avances en la medici\u00f3n de huella h\u00eddrica y de carbono como herramientas para la mejora continua.<\/p>\n<p>Con informaci\u00f3n de EFE<\/p>\n","protected":false},"excerpt":{"rendered":"<p>Ecuador, primer exportador mundial de banano, hizo en Madrid un llamado a los mercados europeos para que asuman su responsabilidad en la erradicaci\u00f3n del narcotr\u00e1fico que afecta a los cargamentos procedentes de los puertos ecuatorianos. El pa\u00eds tambi\u00e9n reclam\u00f3 que los precios reflejen el esfuerzo de origen por mejorar la seguridad, la sostenibilidad social y el cuidado ambiental de la producci\u00f3n bananera. Ecuador pide a Europa compromiso en seguridad y sostenibilidad en la exportaci\u00f3n de banano Durante su participaci\u00f3n en la feria internacional Fruit Attraction, que concluy\u00f3 este jueves 2 de octubre del 2025 en Madrid, la Asociaci\u00f3n de Exportadores de Banano del Ecuador (AEBE) present\u00f3 los esfuerzos de la cadena productiva por ofrecer un banano de calidad que cumpla con los estrictos requisitos de la Uni\u00f3n Europea (UE). \u201cEl 66 % de la carga de exportaci\u00f3n de Ecuador es banano y el 30 % tiene como destino la UE\u201d, explic\u00f3 Jos\u00e9 Antonio Hidalgo, director ejecutivo de AEBE y coordinador del Cl\u00faster Bananero y Platanero del Ecuador, en el conversatorio \u201cPreservar la integridad comercial: Fortalecer la seguridad y trazabilidad en las cadenas de exportaci\u00f3n de banano\u201d, organizado por el Foro Mundial Bananero de la FAO, se\u00f1al\u00f3 EFE. Hidalgo enfatiz\u00f3 que el narcotr\u00e1fico es un reto transnacional: \u201cEste desaf\u00edo no es de un solo pa\u00eds ni de un solo sector. Debemos abordarlo de forma conjunta. Solo con cooperaci\u00f3n internacional y transparencia en nuestras cadenas de valor podremos fortalecer la sostenibilidad del banano\u201d. Inversi\u00f3n millonaria en seguridad contra el narcotr\u00e1fico El sector bananero de Ecuador invierte alrededor de 100 millones de d\u00f3lares al a\u00f1o en seguridad para proteger sus exportaciones. Entre las medidas aplicadas destacan el protocolo de Fincas Seguras, la instalaci\u00f3n de esc\u00e1neres de contenedores en todos los puertos y la implementaci\u00f3n del proyecto de carga segura junto con la Uni\u00f3n Europea. Estas acciones han dado resultados. Seg\u00fan Hidalgo, la droga incautada en el puerto de Amberes (B\u00e9lgica) cay\u00f3 de 121 toneladas en 2023 a 44 toneladas en 2024. En R\u00f3terdam (Pa\u00edses Bajos), las incautaciones tambi\u00e9n se redujeron, pasando de 12 a 8 toneladas en el mismo periodo. AEBE insisti\u00f3 en abrir espacios de cooperaci\u00f3n t\u00e9cnica con los puertos espa\u00f1oles, donde arriban o transitan los bananos ecuatorianos, para reforzar la seguridad de la cadena log\u00edstica. Precios justos y salarios dignos en la industria bananera El cl\u00faster bananero recalc\u00f3 que el esfuerzo de enviar a Europa un banano de calidad, seguro y sostenible debe reflejarse en un precio justo al consumidor final. \u201cCada banano ecuatoriano tiene detr\u00e1s una historia justa. No debe seguir siendo la fruta m\u00e1s barata de la percha ni utilizada como producto gancho\u201d, advirti\u00f3 Hidalgo. El sector tambi\u00e9n se comprometi\u00f3 a promover salarios dignos, elaborar un primer manual de salud ocupacional en conjunto con sindicatos y mantener una alianza con el Gobierno para garantizar la erradicaci\u00f3n del trabajo infantil en la industria bananera. De Fruit Attraction a Banana Time 2025 En Fruit Attraction, Ecuador cont\u00f3 con un pabell\u00f3n inaugurado por el ministro de Agricultura y Ganader\u00eda, Danilo Palacios, acompa\u00f1ado de la embajadora de Espa\u00f1a en Ecuador, Wilma Andrade. Los temas de seguridad en la exportaci\u00f3n, sostenibilidad social y ambiental, y los precios justos estar\u00e1n nuevamente en la agenda de Banana Time 2025, la mayor convenci\u00f3n bananera de Latinoam\u00e9rica, organizada por AEBE en Guayaquil del 14 al 17 de octubre. En este evento se abordar\u00e1n adem\u00e1s la din\u00e1mica de los mercados internacionales, los cambios regulatorios, las tendencias de consumo, los retos de las certificaciones org\u00e1nicas y la adaptaci\u00f3n a las exigencias ambientales y sociales. Tambi\u00e9n se presentar\u00e1n avances en la medici\u00f3n de huella h\u00eddrica y de carbono como herramientas para la mejora continua. Con informaci\u00f3n de EFE<\/p>\n","protected":false},"author":1,"featured_media":26822,"comment_status":"closed","ping_status":"closed","sticky":false,"template":"","format":"standard","meta":{"footnotes":""},"categories":[268],"tags":[],"class_list":["post-26821","post","type-post","status-publish","format-standard","has-post-thumbnail","hentry","category-nacionales"],"_links":{"self":[{"href":"https:\/\/www.elamazonico.com\/portal\/wp-json\/wp\/v2\/posts\/26821","targetHints":{"allow":["GET"]}}],"collection":[{"href":"https:\/\/www.elamazonico.com\/portal\/wp-json\/wp\/v2\/posts"}],"about":[{"href":"https:\/\/www.elamazonico.com\/portal\/wp-json\/wp\/v2\/types\/post"}],"author":[{"embeddable":true,"href":"https:\/\/www.elamazonico.com\/portal\/wp-json\/wp\/v2\/users\/1"}],"replies":[{"embeddable":true,"href":"https:\/\/www.elamazonico.com\/portal\/wp-json\/wp\/v2\/comments?post=26821"}],"version-history":[{"count":1,"href":"https:\/\/www.elamazonico.com\/portal\/wp-json\/wp\/v2\/posts\/26821\/revisions"}],"predecessor-version":[{"id":26823,"href":"https:\/\/www.elamazonico.com\/portal\/wp-json\/wp\/v2\/posts\/26821\/revisions\/26823"}],"wp:featuredmedia":[{"embeddable":true,"href":"https:\/\/www.elamazonico.com\/portal\/wp-json\/wp\/v2\/media\/26822"}],"wp:attachment":[{"href":"https:\/\/www.elamazonico.com\/portal\/wp-json\/wp\/v2\/media?parent=26821"}],"wp:term":[{"taxonomy":"category","embeddable":true,"href":"https:\/\/www.elamazonico.com\/portal\/wp-json\/wp\/v2\/categories?post=26821"},{"taxonomy":"post_tag","embeddable":true,"href":"https:\/\/www.elamazonico.com\/portal\/wp-json\/wp\/v2\/tags?post=26821"}],"curies":[{"name":"wp","href":"https:\/\/api.w.org\/{rel}","templated":true}]}}